{"id":1130,"date":"2018-01-16T18:35:12","date_gmt":"2018-01-16T17:35:12","guid":{"rendered":"http:\/\/agora.xtec.cat\/iescalgravat\/?p=1130"},"modified":"2018-05-28T12:43:52","modified_gmt":"2018-05-28T10:43:52","slug":"tallers-de-reforc-escolar","status":"publish","type":"post","link":"https:\/\/agora.xtec.cat\/iescalgravat\/general\/tallers-de-reforc-escolar\/","title":{"rendered":"TALLERS DE REFOR\u00c7 ESCOLAR"},"content":{"rendered":"<p style=\"text-align: justify;\">El passat dimarts 9 de gener van comen\u00e7ar els Tallers de Refor\u00e7 Escolar adre\u00e7ats als alumnes amb necessitats de 1r i 2n d&#8217;ESO. Aquests tallers es poden fer gr\u00e0cies al Pla Educatiu d&#8217;Entorn de l&#8217;Ajuntament de Manresa. L&#8217;horari \u00e9s tots els dimarts de 3 a 5 de la tarda.<\/p>\n<p><a href=\"http:\/\/agora.xtec.cat\/iescalgravat\/wp-content\/uploads\/usu63\/2018\/01\/9119FF65-C4D7-49EE-99B1-76648AE4A0451.jpg\"><img loading=\"lazy\" decoding=\"async\" class=\"alignnone size-medium wp-image-1131\" src=\"http:\/\/agora.xtec.cat\/iescalgravat\/wp-content\/uploads\/usu63\/2018\/01\/9119FF65-C4D7-49EE-99B1-76648AE4A0451-300x169.jpg\" alt=\"\" width=\"300\" height=\"169\" srcset=\"https:\/\/agora.xtec.cat\/iescalgravat\/wp-content\/uploads\/usu63\/2018\/01\/9119FF65-C4D7-49EE-99B1-76648AE4A0451-300x169.jpg 300w, https:\/\/agora.xtec.cat\/iescalgravat\/wp-content\/uploads\/usu63\/2018\/01\/9119FF65-C4D7-49EE-99B1-76648AE4A0451-768x432.jpg 768w, https:\/\/agora.xtec.cat\/iescalgravat\/wp-content\/uploads\/usu63\/2018\/01\/9119FF65-C4D7-49EE-99B1-76648AE4A0451-1024x576.jpg 1024w\" sizes=\"auto, (max-width: 300px) 100vw, 300px\" \/><\/a> <a href=\"http:\/\/agora.xtec.cat\/iescalgravat\/wp-content\/uploads\/usu63\/2018\/01\/43C8E33F-8DBE-4760-8003-6B38AD10AC22.jpg\"><img loading=\"lazy\" decoding=\"async\" class=\"alignnone size-medium wp-image-1132\" src=\"http:\/\/agora.xtec.cat\/iescalgravat\/wp-content\/uploads\/usu63\/2018\/01\/43C8E33F-8DBE-4760-8003-6B38AD10AC22-300x169.jpg\" alt=\"\" width=\"300\" height=\"169\" srcset=\"https:\/\/agora.xtec.cat\/iescalgravat\/wp-content\/uploads\/usu63\/2018\/01\/43C8E33F-8DBE-4760-8003-6B38AD10AC22-300x169.jpg 300w, https:\/\/agora.xtec.cat\/iescalgravat\/wp-content\/uploads\/usu63\/2018\/01\/43C8E33F-8DBE-4760-8003-6B38AD10AC22-768x432.jpg 768w, https:\/\/agora.xtec.cat\/iescalgravat\/wp-content\/uploads\/usu63\/2018\/01\/43C8E33F-8DBE-4760-8003-6B38AD10AC22-1024x576.jpg 1024w\" sizes=\"auto, (max-width: 300px) 100vw, 300px\" \/><\/a><\/p>\n<p>&nbsp;<\/p>\n","protected":false},"excerpt":{"rendered":"<p>El passat dimarts 9 de gener van comen\u00e7ar els Tallers de Refor\u00e7 Escolar adre\u00e7ats als alumnes amb necessitats de 1r i 2n d&#8217;ESO. Aquests tallers es poden fer gr\u00e0cies al Pla Educatiu d&#8217;Entorn de l&#8217;Ajuntament de Manresa. L&#8217;horari \u00e9s tots els dimarts de 3 a&hellip;  <a href=\"https:\/\/agora.xtec.cat\/iescalgravat\/general\/tallers-de-reforc-escolar\/\" title=\"Read TALLERS DE REFOR\u00c7 ESCOLAR\">Llegeix m\u00e9s\u00bb<\/a><\/p>\n","protected":false},"author":1,"featured_media":0,"comment_status":"open","ping_status":"closed","sticky":false,"template":"","format":"standard","meta":{"_bbp_topic_count":0,"_bbp_reply_count":0,"_bbp_total_topic_count":0,"_bbp_total_reply_count":0,"_bbp_voice_count":0,"_bbp_anonymous_reply_count":0,"_bbp_topic_count_hidden":0,"_bbp_reply_count_hidden":0,"_bbp_forum_subforum_count":0,"footnotes":""},"categories":[3,4,9,10,11,105,5,14,15,16,106,1],"tags":[],"class_list":["post-1130","post","type-post","status-publish","format-standard","hentry","category-eso","category-eso-1","category-eso-1a","category-eso-1b","category-eso-1c","category-eso-1d","category-eso-2","category-eso-2a","category-eso-2b","category-eso-2c","category-eso-2d","category-general"],"post_mailing_queue_ids":[],"_links":{"self":[{"href":"https:\/\/agora.xtec.cat\/iescalgravat\/wp-json\/wp\/v2\/posts\/1130","targetHints":{"allow":["GET"]}}],"collection":[{"href":"https:\/\/agora.xtec.cat\/iescalgravat\/wp-json\/wp\/v2\/posts"}],"about":[{"href":"https:\/\/agora.xtec.cat\/iescalgravat\/wp-json\/wp\/v2\/types\/post"}],"author":[{"embeddable":true,"href":"https:\/\/agora.xtec.cat\/iescalgravat\/wp-json\/wp\/v2\/users\/1"}],"replies":[{"embeddable":true,"href":"https:\/\/agora.xtec.cat\/iescalgravat\/wp-json\/wp\/v2\/comments?post=1130"}],"version-history":[{"count":3,"href":"https:\/\/agora.xtec.cat\/iescalgravat\/wp-json\/wp\/v2\/posts\/1130\/revisions"}],"predecessor-version":[{"id":1136,"href":"https:\/\/agora.xtec.cat\/iescalgravat\/wp-json\/wp\/v2\/posts\/1130\/revisions\/1136"}],"wp:attachment":[{"href":"https:\/\/agora.xtec.cat\/iescalgravat\/wp-json\/wp\/v2\/media?parent=1130"}],"wp:term":[{"taxonomy":"category","embeddable":true,"href":"https:\/\/agora.xtec.cat\/iescalgravat\/wp-json\/wp\/v2\/categories?post=1130"},{"taxonomy":"post_tag","embeddable":true,"href":"https:\/\/agora.xtec.cat\/iescalgravat\/wp-json\/wp\/v2\/tags?post=1130"}],"curies":[{"name":"wp","href":"https:\/\/api.w.org\/{rel}","templated":true}]}}