{"id":1126,"date":"2018-01-16T18:19:21","date_gmt":"2018-01-16T17:19:21","guid":{"rendered":"http:\/\/agora.xtec.cat\/iescalgravat\/?p=1126"},"modified":"2020-11-25T18:40:15","modified_gmt":"2020-11-25T17:40:15","slug":"cicle-de-xerrades-el-cervell-adolescent","status":"publish","type":"post","link":"https:\/\/agora.xtec.cat\/iescalgravat\/general\/cicle-de-xerrades-el-cervell-adolescent\/","title":{"rendered":"11\u00e8 cicle de Xerrades per a pares i mares"},"content":{"rendered":"<div class=\"news_hometext\">\n<p style=\"text-align: justify;\"><strong>El cervell adolescent. Per qu\u00e8 els adolescents s\u00f3n com s\u00f3n i qu\u00e8 hi podem fer mares i pares?<\/strong><\/p>\n<\/div>\n<p style=\"text-align: justify;\">A c\u00e0rrec de\u00a0<u>David Bueno<\/u>, doctor en Biologia i professor i investigador de Gen\u00e8tica a la Universitat de Barcelona. El\u00a0<strong><u>25 de gener, a les 19h, a l\u2019Auditori Plana de l\u2019Om.<\/u><\/strong><\/p>\n<p style=\"text-align: justify;\"><a href=\"http:\/\/agora.xtec.cat\/iescalgravat\/wp-content\/uploads\/usu63\/2018\/01\/david_bueno.jpg\"><img loading=\"lazy\" decoding=\"async\" class=\"alignnone size-medium wp-image-1138\" src=\"http:\/\/agora.xtec.cat\/iescalgravat\/wp-content\/uploads\/usu63\/2018\/01\/david_bueno-300x169.jpg\" alt=\"\" width=\"300\" height=\"169\" srcset=\"https:\/\/agora.xtec.cat\/iescalgravat\/wp-content\/uploads\/usu63\/2018\/01\/david_bueno-300x169.jpg 300w, https:\/\/agora.xtec.cat\/iescalgravat\/wp-content\/uploads\/usu63\/2018\/01\/david_bueno.jpg 620w\" sizes=\"auto, (max-width: 300px) 100vw, 300px\" \/><\/a><\/p>\n","protected":false},"excerpt":{"rendered":"<p>El cervell adolescent. Per qu\u00e8 els adolescents s\u00f3n com s\u00f3n i qu\u00e8 hi podem fer mares i pares?<\/p>\n<p>A c\u00e0rrec de\u00a0David Bueno, doctor en Biologia i professor i investigador de Gen\u00e8tica a la Universitat de Barcelona. El\u00a025 de gener, a les 19h, a l\u2019Auditori Plana de&hellip;  <a href=\"https:\/\/agora.xtec.cat\/iescalgravat\/general\/cicle-de-xerrades-el-cervell-adolescent\/\" title=\"Read 11\u00e8 cicle de Xerrades per a pares i mares\">Llegeix m\u00e9s\u00bb<\/a><\/p>\n","protected":false},"author":1,"featured_media":1138,"comment_status":"open","ping_status":"closed","sticky":false,"template":"","format":"standard","meta":{"_bbp_topic_count":0,"_bbp_reply_count":0,"_bbp_total_topic_count":0,"_bbp_total_reply_count":0,"_bbp_voice_count":0,"_bbp_anonymous_reply_count":0,"_bbp_topic_count_hidden":0,"_bbp_reply_count_hidden":0,"_bbp_forum_subforum_count":0,"footnotes":""},"categories":[31,1],"tags":[],"class_list":["post-1126","post","type-post","status-publish","format-standard","has-post-thumbnail","hentry","category-ampa","category-general"],"post_mailing_queue_ids":[],"_links":{"self":[{"href":"https:\/\/agora.xtec.cat\/iescalgravat\/wp-json\/wp\/v2\/posts\/1126","targetHints":{"allow":["GET"]}}],"collection":[{"href":"https:\/\/agora.xtec.cat\/iescalgravat\/wp-json\/wp\/v2\/posts"}],"about":[{"href":"https:\/\/agora.xtec.cat\/iescalgravat\/wp-json\/wp\/v2\/types\/post"}],"author":[{"embeddable":true,"href":"https:\/\/agora.xtec.cat\/iescalgravat\/wp-json\/wp\/v2\/users\/1"}],"replies":[{"embeddable":true,"href":"https:\/\/agora.xtec.cat\/iescalgravat\/wp-json\/wp\/v2\/comments?post=1126"}],"version-history":[{"count":3,"href":"https:\/\/agora.xtec.cat\/iescalgravat\/wp-json\/wp\/v2\/posts\/1126\/revisions"}],"predecessor-version":[{"id":1140,"href":"https:\/\/agora.xtec.cat\/iescalgravat\/wp-json\/wp\/v2\/posts\/1126\/revisions\/1140"}],"wp:featuredmedia":[{"embeddable":true,"href":"https:\/\/agora.xtec.cat\/iescalgravat\/wp-json\/wp\/v2\/media\/1138"}],"wp:attachment":[{"href":"https:\/\/agora.xtec.cat\/iescalgravat\/wp-json\/wp\/v2\/media?parent=1126"}],"wp:term":[{"taxonomy":"category","embeddable":true,"href":"https:\/\/agora.xtec.cat\/iescalgravat\/wp-json\/wp\/v2\/categories?post=1126"},{"taxonomy":"post_tag","embeddable":true,"href":"https:\/\/agora.xtec.cat\/iescalgravat\/wp-json\/wp\/v2\/tags?post=1126"}],"curies":[{"name":"wp","href":"https:\/\/api.w.org\/{rel}","templated":true}]}}