{"id":1101,"date":"2017-12-18T14:23:02","date_gmt":"2017-12-18T13:23:02","guid":{"rendered":"http:\/\/agora.xtec.cat\/iescalgravat\/?p=1101"},"modified":"2018-02-12T11:03:40","modified_gmt":"2018-02-12T10:03:40","slug":"cursa-per-la-vida-de-la-marato-de-tv3","status":"publish","type":"post","link":"https:\/\/agora.xtec.cat\/iescalgravat\/general\/cursa-per-la-vida-de-la-marato-de-tv3\/","title":{"rendered":"Cursa per la vida de la Marat\u00f3 de TV3"},"content":{"rendered":"<div>El diumenge 18 de desembre es va disputar la <strong>Cursa per la Vida de la Marat\u00f3 de TV3<\/strong>, on el Yeray Mart\u00ednez Sala, de 2n d&#8217; ESO, va c\u00f3rrer fant\u00e0sticament b\u00e9, tot col.laborant per la causa. I la professora d&#8217; Educaci\u00f3 F\u00edsica Ester\u00a0 Maruny tamb\u00e9 hi va col.laborar.<\/div>\n<div>Esperem que a la pr\u00f2xima Marat\u00f3 hi puguem ser m\u00e9s del nostre centre.<\/div>\n<div>Enhorabona Yeray per la teva participaci\u00f3 a la Cursa per la Vida d&#8217;aquest any!!!! &#8220;<\/div>\n<div><a href=\"http:\/\/agora.xtec.cat\/iescalgravat\/wp-content\/uploads\/usu63\/2017\/12\/IMG_8915.jpg\"><img loading=\"lazy\" decoding=\"async\" class=\"alignnone size-medium wp-image-1102\" src=\"http:\/\/agora.xtec.cat\/iescalgravat\/wp-content\/uploads\/usu63\/2017\/12\/IMG_8915-300x225.jpg\" alt=\"\" width=\"300\" height=\"225\" srcset=\"https:\/\/agora.xtec.cat\/iescalgravat\/wp-content\/uploads\/usu63\/2017\/12\/IMG_8915-300x225.jpg 300w, https:\/\/agora.xtec.cat\/iescalgravat\/wp-content\/uploads\/usu63\/2017\/12\/IMG_8915-200x150.jpg 200w, https:\/\/agora.xtec.cat\/iescalgravat\/wp-content\/uploads\/usu63\/2017\/12\/IMG_8915.jpg 640w\" sizes=\"auto, (max-width: 300px) 100vw, 300px\" \/><\/a><a href=\"http:\/\/agora.xtec.cat\/iescalgravat\/wp-content\/uploads\/usu63\/2017\/12\/maruny.jpg\"><img loading=\"lazy\" decoding=\"async\" class=\"alignnone size-medium wp-image-1103\" src=\"http:\/\/agora.xtec.cat\/iescalgravat\/wp-content\/uploads\/usu63\/2017\/12\/maruny-300x200.jpg\" alt=\"\" width=\"300\" height=\"200\" srcset=\"https:\/\/agora.xtec.cat\/iescalgravat\/wp-content\/uploads\/usu63\/2017\/12\/maruny-300x200.jpg 300w, https:\/\/agora.xtec.cat\/iescalgravat\/wp-content\/uploads\/usu63\/2017\/12\/maruny-768x512.jpg 768w, https:\/\/agora.xtec.cat\/iescalgravat\/wp-content\/uploads\/usu63\/2017\/12\/maruny.jpg 1000w\" sizes=\"auto, (max-width: 300px) 100vw, 300px\" \/><\/a><\/div>\n","protected":false},"excerpt":{"rendered":"<p>El diumenge 18 de desembre es va disputar la Cursa per la Vida de la Marat\u00f3 de TV3, on el Yeray Mart\u00ednez Sala, de 2n d&#8217; ESO, va c\u00f3rrer fant\u00e0sticament b\u00e9, tot col.laborant per la causa. I la professora d&#8217; Educaci\u00f3 F\u00edsica Ester\u00a0 Maruny tamb\u00e9&hellip;  <a href=\"https:\/\/agora.xtec.cat\/iescalgravat\/general\/cursa-per-la-vida-de-la-marato-de-tv3\/\" title=\"Read Cursa per la vida de la Marat\u00f3 de TV3\">Llegeix m\u00e9s\u00bb<\/a><\/p>\n","protected":false},"author":1,"featured_media":0,"comment_status":"open","ping_status":"closed","sticky":false,"template":"","format":"standard","meta":{"_bbp_topic_count":0,"_bbp_reply_count":0,"_bbp_total_topic_count":0,"_bbp_total_reply_count":0,"_bbp_voice_count":0,"_bbp_anonymous_reply_count":0,"_bbp_topic_count_hidden":0,"_bbp_reply_count_hidden":0,"_bbp_forum_subforum_count":0,"footnotes":""},"categories":[1],"tags":[],"class_list":["post-1101","post","type-post","status-publish","format-standard","hentry","category-general"],"post_mailing_queue_ids":[],"_links":{"self":[{"href":"https:\/\/agora.xtec.cat\/iescalgravat\/wp-json\/wp\/v2\/posts\/1101","targetHints":{"allow":["GET"]}}],"collection":[{"href":"https:\/\/agora.xtec.cat\/iescalgravat\/wp-json\/wp\/v2\/posts"}],"about":[{"href":"https:\/\/agora.xtec.cat\/iescalgravat\/wp-json\/wp\/v2\/types\/post"}],"author":[{"embeddable":true,"href":"https:\/\/agora.xtec.cat\/iescalgravat\/wp-json\/wp\/v2\/users\/1"}],"replies":[{"embeddable":true,"href":"https:\/\/agora.xtec.cat\/iescalgravat\/wp-json\/wp\/v2\/comments?post=1101"}],"version-history":[{"count":1,"href":"https:\/\/agora.xtec.cat\/iescalgravat\/wp-json\/wp\/v2\/posts\/1101\/revisions"}],"predecessor-version":[{"id":1104,"href":"https:\/\/agora.xtec.cat\/iescalgravat\/wp-json\/wp\/v2\/posts\/1101\/revisions\/1104"}],"wp:attachment":[{"href":"https:\/\/agora.xtec.cat\/iescalgravat\/wp-json\/wp\/v2\/media?parent=1101"}],"wp:term":[{"taxonomy":"category","embeddable":true,"href":"https:\/\/agora.xtec.cat\/iescalgravat\/wp-json\/wp\/v2\/categories?post=1101"},{"taxonomy":"post_tag","embeddable":true,"href":"https:\/\/agora.xtec.cat\/iescalgravat\/wp-json\/wp\/v2\/tags?post=1101"}],"curies":[{"name":"wp","href":"https:\/\/api.w.org\/{rel}","templated":true}]}}