{"id":1067,"date":"2017-12-03T19:47:33","date_gmt":"2017-12-03T18:47:33","guid":{"rendered":"http:\/\/agora.xtec.cat\/iescalgravat\/?p=1067"},"modified":"2018-02-02T11:38:19","modified_gmt":"2018-02-02T10:38:19","slug":"participacio-1r-i-2n-a-trobada-gamificacio","status":"publish","type":"post","link":"https:\/\/agora.xtec.cat\/iescalgravat\/general\/participacio-1r-i-2n-a-trobada-gamificacio\/","title":{"rendered":"PARTICIPACI\u00d3 1r i 2n a TROBADA GAMIFICACI\u00d3"},"content":{"rendered":"<p style=\"text-align: justify;\">El passat <em><strong>dissabte 25 de novembre<\/strong><\/em> els alumnes Ainoha Aguilera, Emma-Lan Ayala, Ousama Azraf, Laia Gom\u00e0, Eloi Hern\u00e1ndez, Marcel Morales i Sabrina Ruiz (1r i 2n d&#8217;ESO) acompanyats pels professors Ferran Mart\u00ednez i Ramon Barlam van participar activament a la <em><strong>Trobada Gamificaci\u00f3<\/strong><\/em> des de l&#8217;aula, experi\u00e8ncies, propostes i realitats, organitzada per l&#8217;ICE de la UAB. A m\u00e9s d&#8217;explicar des de la visi\u00f3 dels alumnes la metodologia Classcraft de gamificaci\u00f3 integral de l&#8217;aula, la Sabrina va formar part de la taula rodona que tractava el projecte World Mobile City Project.<\/p>\n<p style=\"text-align: justify;\">El nostre institut va ser el promotor d&#8217;aquest darrer projecte, que des de la seva 2a edici\u00f3 \u00e9s un projecte de la xarxa Lacenet i compta amb una participaci\u00f3 de m\u00e9s de 70 instituts i 5000 alumnes.<\/p>\n<p><iframe loading=\"lazy\" src=\"\/\/www.youtube.com\/embed\/EfhTCieXPSQ\" width=\"560\" height=\"314\" allowfullscreen=\"allowfullscreen\"><\/iframe><a href=\"http:\/\/agora.xtec.cat\/iescalgravat\/wp-content\/uploads\/usu63\/2017\/12\/IMG-20171128-WA0005.jpg\"><img loading=\"lazy\" decoding=\"async\" class=\" wp-image-1062\" src=\"http:\/\/agora.xtec.cat\/iescalgravat\/wp-content\/uploads\/usu63\/2017\/12\/IMG-20171128-WA0005-300x225.jpg\" alt=\"\" width=\"421\" height=\"316\" srcset=\"https:\/\/agora.xtec.cat\/iescalgravat\/wp-content\/uploads\/usu63\/2017\/12\/IMG-20171128-WA0005-300x225.jpg 300w, https:\/\/agora.xtec.cat\/iescalgravat\/wp-content\/uploads\/usu63\/2017\/12\/IMG-20171128-WA0005-768x576.jpg 768w, https:\/\/agora.xtec.cat\/iescalgravat\/wp-content\/uploads\/usu63\/2017\/12\/IMG-20171128-WA0005-1024x768.jpg 1024w, https:\/\/agora.xtec.cat\/iescalgravat\/wp-content\/uploads\/usu63\/2017\/12\/IMG-20171128-WA0005-200x150.jpg 200w, https:\/\/agora.xtec.cat\/iescalgravat\/wp-content\/uploads\/usu63\/2017\/12\/IMG-20171128-WA0005.jpg 1600w\" sizes=\"auto, (max-width: 421px) 100vw, 421px\" \/><\/a><\/p>\n<p>&nbsp;<\/p>\n","protected":false},"excerpt":{"rendered":"<p>El passat dissabte 25 de novembre els alumnes Ainoha Aguilera, Emma-Lan Ayala, Ousama Azraf, Laia Gom\u00e0, Eloi Hern\u00e1ndez, Marcel Morales i Sabrina Ruiz (1r i 2n d&#8217;ESO) acompanyats pels professors Ferran Mart\u00ednez i Ramon Barlam van participar activament a la Trobada Gamificaci\u00f3 des de l&#8217;aula,&hellip;  <a href=\"https:\/\/agora.xtec.cat\/iescalgravat\/general\/participacio-1r-i-2n-a-trobada-gamificacio\/\" title=\"Read PARTICIPACI\u00d3 1r i 2n a TROBADA GAMIFICACI\u00d3\">Llegeix m\u00e9s\u00bb<\/a><\/p>\n","protected":false},"author":1,"featured_media":1062,"comment_status":"open","ping_status":"closed","sticky":false,"template":"","format":"standard","meta":{"_bbp_topic_count":0,"_bbp_reply_count":0,"_bbp_total_topic_count":0,"_bbp_total_reply_count":0,"_bbp_voice_count":0,"_bbp_anonymous_reply_count":0,"_bbp_topic_count_hidden":0,"_bbp_reply_count_hidden":0,"_bbp_forum_subforum_count":0,"footnotes":""},"categories":[3,4,5,1],"tags":[],"class_list":["post-1067","post","type-post","status-publish","format-standard","has-post-thumbnail","hentry","category-eso","category-eso-1","category-eso-2","category-general"],"post_mailing_queue_ids":[],"_links":{"self":[{"href":"https:\/\/agora.xtec.cat\/iescalgravat\/wp-json\/wp\/v2\/posts\/1067","targetHints":{"allow":["GET"]}}],"collection":[{"href":"https:\/\/agora.xtec.cat\/iescalgravat\/wp-json\/wp\/v2\/posts"}],"about":[{"href":"https:\/\/agora.xtec.cat\/iescalgravat\/wp-json\/wp\/v2\/types\/post"}],"author":[{"embeddable":true,"href":"https:\/\/agora.xtec.cat\/iescalgravat\/wp-json\/wp\/v2\/users\/1"}],"replies":[{"embeddable":true,"href":"https:\/\/agora.xtec.cat\/iescalgravat\/wp-json\/wp\/v2\/comments?post=1067"}],"version-history":[{"count":3,"href":"https:\/\/agora.xtec.cat\/iescalgravat\/wp-json\/wp\/v2\/posts\/1067\/revisions"}],"predecessor-version":[{"id":1073,"href":"https:\/\/agora.xtec.cat\/iescalgravat\/wp-json\/wp\/v2\/posts\/1067\/revisions\/1073"}],"wp:featuredmedia":[{"embeddable":true,"href":"https:\/\/agora.xtec.cat\/iescalgravat\/wp-json\/wp\/v2\/media\/1062"}],"wp:attachment":[{"href":"https:\/\/agora.xtec.cat\/iescalgravat\/wp-json\/wp\/v2\/media?parent=1067"}],"wp:term":[{"taxonomy":"category","embeddable":true,"href":"https:\/\/agora.xtec.cat\/iescalgravat\/wp-json\/wp\/v2\/categories?post=1067"},{"taxonomy":"post_tag","embeddable":true,"href":"https:\/\/agora.xtec.cat\/iescalgravat\/wp-json\/wp\/v2\/tags?post=1067"}],"curies":[{"name":"wp","href":"https:\/\/api.w.org\/{rel}","templated":true}]}}