{"id":1044,"date":"2017-12-02T20:26:35","date_gmt":"2017-12-02T19:26:35","guid":{"rendered":"http:\/\/agora.xtec.cat\/iescalgravat\/?p=1044"},"modified":"2018-02-12T11:04:07","modified_gmt":"2018-02-12T10:04:07","slug":"alumnat-de-4rt-deso-al-gran-recapte-daliments","status":"publish","type":"post","link":"https:\/\/agora.xtec.cat\/iescalgravat\/general\/alumnat-de-4rt-deso-al-gran-recapte-daliments\/","title":{"rendered":"ALUMNAT DE 4rt D&#8217;ESO i 1r BATXILLERAT AL GRAN RECAPTE D&#8217;ALIMENTS"},"content":{"rendered":"<p style=\"text-align: justify;\">Els alumnes de 4rt d&#8217;ESO han participat com a voluntaris a la campanya <strong>El Gran Recapte d&#8217;Aliments a Catalunya<\/strong> que s&#8217;ha celebrat aquest cap de setmana per recollir aliments b\u00e0sics per a les persones m\u00e9s necessitades.<\/p>\n<p>L&#8217;alumnat que cursa 1r Batxillerat, tamb\u00e9 s\u2019ha adherit a la Campanya de Recollida d&#8217;Aliments \u00e9s per aix\u00f2 que:<\/p>\n<ul>\n<li>\n<h4><i><b><span id=\"m_-2134356379289196845gmail-m_4949939639712328269gmail-m_3324318718303003891gmail-docs-internal-guid-aada9344-1dcb-f2e5-4eda-3a2f8205ce14\"><span style=\"font-size: small;\">el dilluns 4 de desembre, el dimarts 5 de desembre, el dilluns 11 de desembre, el dimarts 12 de desembre i el dimecres 13 de desembre.<\/span><\/span><\/b><\/i><span id=\"m_-2134356379289196845gmail-m_4949939639712328269gmail-m_3324318718303003891gmail-docs-internal-guid-aada9344-1dcb-f2e5-4eda-3a2f8205ce14\"><\/span><\/h4>\n<\/li>\n<\/ul>\n<p style=\"text-align: justify;\"><span id=\"m_-2134356379289196845gmail-m_4949939639712328269gmail-m_3324318718303003891gmail-docs-internal-guid-aada9344-1dcb-f2e5-4eda-3a2f8205ce14\"><span style=\"font-size: small;\">Ens trobareu al <b>vest\u00edbul<\/b> de l\u2019institut des de les <b>7:50 fins a les 8:05, <\/b>per poder fer<\/span><\/span> la vostra aportaci\u00f3 solid\u00e0ria i de forma volunt\u00e0ria i an\u00f2nima.<\/p>\n<p>Moltes gr\u00e0cies!<\/p>\n<p><a href=\"http:\/\/agora.xtec.cat\/iescalgravat\/wp-content\/uploads\/usu63\/2017\/12\/2017-12-01-PHOTO-00008708.jpg\"><img loading=\"lazy\" decoding=\"async\" class=\"alignnone size-medium wp-image-1045\" src=\"http:\/\/agora.xtec.cat\/iescalgravat\/wp-content\/uploads\/usu63\/2017\/12\/2017-12-01-PHOTO-00008708-300x225.jpg\" alt=\"\" width=\"300\" height=\"225\" srcset=\"https:\/\/agora.xtec.cat\/iescalgravat\/wp-content\/uploads\/usu63\/2017\/12\/2017-12-01-PHOTO-00008708-300x225.jpg 300w, https:\/\/agora.xtec.cat\/iescalgravat\/wp-content\/uploads\/usu63\/2017\/12\/2017-12-01-PHOTO-00008708-768x576.jpg 768w, https:\/\/agora.xtec.cat\/iescalgravat\/wp-content\/uploads\/usu63\/2017\/12\/2017-12-01-PHOTO-00008708.jpg 1024w, https:\/\/agora.xtec.cat\/iescalgravat\/wp-content\/uploads\/usu63\/2017\/12\/2017-12-01-PHOTO-00008708-200x150.jpg 200w\" sizes=\"auto, (max-width: 300px) 100vw, 300px\" \/><\/a><a href=\"http:\/\/agora.xtec.cat\/iescalgravat\/wp-content\/uploads\/usu63\/2017\/12\/2017-12-01-PHOTO-00008709.jpg\"><img loading=\"lazy\" decoding=\"async\" class=\"alignnone size-medium wp-image-1046\" src=\"http:\/\/agora.xtec.cat\/iescalgravat\/wp-content\/uploads\/usu63\/2017\/12\/2017-12-01-PHOTO-00008709-300x225.jpg\" alt=\"\" width=\"300\" height=\"225\" srcset=\"https:\/\/agora.xtec.cat\/iescalgravat\/wp-content\/uploads\/usu63\/2017\/12\/2017-12-01-PHOTO-00008709-300x225.jpg 300w, https:\/\/agora.xtec.cat\/iescalgravat\/wp-content\/uploads\/usu63\/2017\/12\/2017-12-01-PHOTO-00008709-768x576.jpg 768w, https:\/\/agora.xtec.cat\/iescalgravat\/wp-content\/uploads\/usu63\/2017\/12\/2017-12-01-PHOTO-00008709.jpg 1024w, https:\/\/agora.xtec.cat\/iescalgravat\/wp-content\/uploads\/usu63\/2017\/12\/2017-12-01-PHOTO-00008709-200x150.jpg 200w\" sizes=\"auto, (max-width: 300px) 100vw, 300px\" \/><\/a><\/p>\n","protected":false},"excerpt":{"rendered":"<p>Els alumnes de 4rt d&#8217;ESO han participat com a voluntaris a la campanya El Gran Recapte d&#8217;Aliments a Catalunya que s&#8217;ha celebrat aquest cap de setmana per recollir aliments b\u00e0sics per a les persones m\u00e9s necessitades.<br \/>\nL&#8217;alumnat que cursa 1r Batxillerat, tamb\u00e9 s\u2019ha adherit a la&hellip;  <a href=\"https:\/\/agora.xtec.cat\/iescalgravat\/general\/alumnat-de-4rt-deso-al-gran-recapte-daliments\/\" title=\"Read ALUMNAT DE 4rt D&#8217;ESO i 1r BATXILLERAT AL GRAN RECAPTE D&#8217;ALIMENTS\">Llegeix m\u00e9s\u00bb<\/a><\/p>\n","protected":false},"author":1,"featured_media":1046,"comment_status":"open","ping_status":"closed","sticky":false,"template":"","format":"standard","meta":{"_bbp_topic_count":0,"_bbp_reply_count":0,"_bbp_total_topic_count":0,"_bbp_total_reply_count":0,"_bbp_voice_count":0,"_bbp_anonymous_reply_count":0,"_bbp_topic_count_hidden":0,"_bbp_reply_count_hidden":0,"_bbp_forum_subforum_count":0,"footnotes":""},"categories":[7,1],"tags":[],"class_list":["post-1044","post","type-post","status-publish","format-standard","has-post-thumbnail","hentry","category-eso-4","category-general"],"post_mailing_queue_ids":[],"_links":{"self":[{"href":"https:\/\/agora.xtec.cat\/iescalgravat\/wp-json\/wp\/v2\/posts\/1044","targetHints":{"allow":["GET"]}}],"collection":[{"href":"https:\/\/agora.xtec.cat\/iescalgravat\/wp-json\/wp\/v2\/posts"}],"about":[{"href":"https:\/\/agora.xtec.cat\/iescalgravat\/wp-json\/wp\/v2\/types\/post"}],"author":[{"embeddable":true,"href":"https:\/\/agora.xtec.cat\/iescalgravat\/wp-json\/wp\/v2\/users\/1"}],"replies":[{"embeddable":true,"href":"https:\/\/agora.xtec.cat\/iescalgravat\/wp-json\/wp\/v2\/comments?post=1044"}],"version-history":[{"count":3,"href":"https:\/\/agora.xtec.cat\/iescalgravat\/wp-json\/wp\/v2\/posts\/1044\/revisions"}],"predecessor-version":[{"id":1075,"href":"https:\/\/agora.xtec.cat\/iescalgravat\/wp-json\/wp\/v2\/posts\/1044\/revisions\/1075"}],"wp:featuredmedia":[{"embeddable":true,"href":"https:\/\/agora.xtec.cat\/iescalgravat\/wp-json\/wp\/v2\/media\/1046"}],"wp:attachment":[{"href":"https:\/\/agora.xtec.cat\/iescalgravat\/wp-json\/wp\/v2\/media?parent=1044"}],"wp:term":[{"taxonomy":"category","embeddable":true,"href":"https:\/\/agora.xtec.cat\/iescalgravat\/wp-json\/wp\/v2\/categories?post=1044"},{"taxonomy":"post_tag","embeddable":true,"href":"https:\/\/agora.xtec.cat\/iescalgravat\/wp-json\/wp\/v2\/tags?post=1044"}],"curies":[{"name":"wp","href":"https:\/\/api.w.org\/{rel}","templated":true}]}}