{"id":1024,"date":"2017-11-13T10:51:50","date_gmt":"2017-11-13T09:51:50","guid":{"rendered":"http:\/\/agora.xtec.cat\/iescalgravat\/?p=1024"},"modified":"2017-12-01T11:42:00","modified_gmt":"2017-12-01T10:42:00","slug":"convocatoria-dassemblea-de-lampa","status":"publish","type":"post","link":"https:\/\/agora.xtec.cat\/iescalgravat\/general\/convocatoria-dassemblea-de-lampa\/","title":{"rendered":"CONVOCAT\u00d2RIA D&#8217;ASSEMBLEA DE L&#8217;AMPA"},"content":{"rendered":"<p>Manresa, 14 de novembre del 2017<\/p>\n<p>Benvolguts pares i mares:<\/p>\n<p>De nou ens retrobem amb tots vosaltres per tal de convocar-vos a <u>l\u2019Assemblea Ordin\u00e0ria<\/u> de pares i mares de l\u2019institut el proper <strong>dijous 30 de novembre a les 9 h. del vespre<\/strong> amb el seg\u00fcent ordre del dia:<\/p>\n<ol>\n<li>Benvinguda al nou curs i aprovaci\u00f3 si s\u2019escau de l\u2019acta de l\u2019assemblea anterior. Podeu fer-ne la lectura a l&#8217;enlla\u00e7:\u00a0<a href=\"http:\/\/agora.xtec.cat\/iescalgravat\/wp-content\/uploads\/usu63\/2017\/11\/actanovembre-2016-1.pdf\">Acta de l&#8217;Assemblea anterior.<\/a><\/li>\n<\/ol>\n<ol start=\"2\">\n<li>Presentaci\u00f3 i aprovaci\u00f3 de l\u2019estat de comptes del curs 16\/17 i resum de les activitats realitzades.<\/li>\n<li>Presentaci\u00f3 del pressupost per al curs 2017 \/ 18.<\/li>\n<li>Informacions : Extraescolars, Taquilles. Samarretes, Agenda&#8230;.<\/li>\n<li>Elecci\u00f3 c\u00e0rrecs de la Junta. Presentaci\u00f3 .Votaci\u00f3.<\/li>\n<li>Precs i preguntes<\/li>\n<\/ol>\n<p>*<u>Elecci\u00f3 de c\u00e0rrecs<\/u>: Un cop esgotat el termini per a la presentaci\u00f3 de candidatures ,<\/p>\n<p>els candidats que es presenten s\u00f3n:<\/p>\n<p>Com a president: Joan Sebarroja pare de 3r d\u2019ESO i 1r de Batxillerat<\/p>\n<p>Com a vicepresident: Roger Sard\u00e0 pare de 3r d\u2019ESO<\/p>\n<p>Com a tresorera: Montse Tortolero mare de 3r d\u2019ESO<\/p>\n<p>Com a secret\u00e0ria: Feola Van Heuvelen \u00a0mare de 2n d\u2019ESO<\/p>\n<p>&nbsp;<\/p>\n<p>El nostre institut s\u2019ha fet \u00a0gran i \u00e9s entre tots que hem i podem fer que sigui millor i que aquest sigui una bona eina per l\u2019 educaci\u00f3 i el futur dels nostres fills\/es. Estem conven\u00e7uts que l\u2019equip directiu i la resta de professorat hi posen tot el seu entusiasme per\u00f2 tamb\u00e9 sabem que l\u2019Ampa pot ajudar molt i sumar en positiu a la seva tasca. \u00c9s per aix\u00f2 que us animem a participar . Qualsevol aportaci\u00f3, idea o col\u00b7laboraci\u00f3 ser\u00e0 ben rebuda i d\u2019agrair.<\/p>\n<p>La Junta de l\u2019Ampa<\/p>\n","protected":false},"excerpt":{"rendered":"<p>Manresa, 14 de novembre del 2017<br \/>\nBenvolguts pares i mares:<br \/>\nDe nou ens retrobem amb tots vosaltres per tal de convocar-vos a l\u2019Assemblea Ordin\u00e0ria de pares i mares de l\u2019institut el proper dijous 30 de novembre a les 9 h. del vespre amb el seg\u00fcent ordre del&hellip;  <a href=\"https:\/\/agora.xtec.cat\/iescalgravat\/general\/convocatoria-dassemblea-de-lampa\/\" title=\"Read CONVOCAT\u00d2RIA D&#8217;ASSEMBLEA DE L&#8217;AMPA\">Llegeix m\u00e9s\u00bb<\/a><\/p>\n","protected":false},"author":1,"featured_media":1025,"comment_status":"open","ping_status":"closed","sticky":false,"template":"","format":"standard","meta":{"_bbp_topic_count":0,"_bbp_reply_count":0,"_bbp_total_topic_count":0,"_bbp_total_reply_count":0,"_bbp_voice_count":0,"_bbp_anonymous_reply_count":0,"_bbp_topic_count_hidden":0,"_bbp_reply_count_hidden":0,"_bbp_forum_subforum_count":0,"footnotes":""},"categories":[31,1],"tags":[],"class_list":["post-1024","post","type-post","status-publish","format-standard","has-post-thumbnail","hentry","category-ampa","category-general"],"post_mailing_queue_ids":[],"_links":{"self":[{"href":"https:\/\/agora.xtec.cat\/iescalgravat\/wp-json\/wp\/v2\/posts\/1024","targetHints":{"allow":["GET"]}}],"collection":[{"href":"https:\/\/agora.xtec.cat\/iescalgravat\/wp-json\/wp\/v2\/posts"}],"about":[{"href":"https:\/\/agora.xtec.cat\/iescalgravat\/wp-json\/wp\/v2\/types\/post"}],"author":[{"embeddable":true,"href":"https:\/\/agora.xtec.cat\/iescalgravat\/wp-json\/wp\/v2\/users\/1"}],"replies":[{"embeddable":true,"href":"https:\/\/agora.xtec.cat\/iescalgravat\/wp-json\/wp\/v2\/comments?post=1024"}],"version-history":[{"count":3,"href":"https:\/\/agora.xtec.cat\/iescalgravat\/wp-json\/wp\/v2\/posts\/1024\/revisions"}],"predecessor-version":[{"id":1030,"href":"https:\/\/agora.xtec.cat\/iescalgravat\/wp-json\/wp\/v2\/posts\/1024\/revisions\/1030"}],"wp:featuredmedia":[{"embeddable":true,"href":"https:\/\/agora.xtec.cat\/iescalgravat\/wp-json\/wp\/v2\/media\/1025"}],"wp:attachment":[{"href":"https:\/\/agora.xtec.cat\/iescalgravat\/wp-json\/wp\/v2\/media?parent=1024"}],"wp:term":[{"taxonomy":"category","embeddable":true,"href":"https:\/\/agora.xtec.cat\/iescalgravat\/wp-json\/wp\/v2\/categories?post=1024"},{"taxonomy":"post_tag","embeddable":true,"href":"https:\/\/agora.xtec.cat\/iescalgravat\/wp-json\/wp\/v2\/tags?post=1024"}],"curies":[{"name":"wp","href":"https:\/\/api.w.org\/{rel}","templated":true}]}}