{"id":5006,"date":"2025-03-13T14:50:47","date_gmt":"2025-03-13T13:50:47","guid":{"rendered":"https:\/\/agora.xtec.cat\/iescabrils\/?p=5006"},"modified":"2026-03-04T13:31:26","modified_gmt":"2026-03-04T12:31:26","slug":"preinscripcio-2024-2025","status":"publish","type":"post","link":"https:\/\/agora.xtec.cat\/iescabrils\/general\/preinscripcio-2024-2025\/","title":{"rendered":"Preinscripci\u00f3 2025-2026"},"content":{"rendered":"<table>\n<tbody>\n<tr>\n<td><strong>DATES PREINSCRIPCI\u00d3:<\/strong><\/p>\n<p>Presentaci\u00f3 i\/o modificaci\u00f3 de sol\u00b7licituds ESO<\/td>\n<td><strong>ESO<\/strong> del<strong> 14<\/strong>\u00a0al<strong> 26<\/strong>\u00a0de <strong>mar\u00e7<\/strong><\/td>\n<\/tr>\n<tr>\n<td><strong>OFERTA INICIAL DE PLACES<\/strong><\/td>\n<td><strong>al taulell interior del centre<\/strong><\/p>\n<p>o es pot consultar al<a href=\"http:\/\/mapaescolar.gencat.cat\/\">\u00a0 Mapa Escolar\u00a0<\/a><\/td>\n<\/tr>\n<tr>\n<td><strong>HORARI D&#8217;ATENCI\u00d3 AL CENTRE <\/strong><\/p>\n<p><strong>(en cas que tingueu dubtes i ho necessiteu)<\/strong><\/td>\n<td>\u00a0de <strong>9:00<\/strong> a <strong>12:30h<\/strong><\/td>\n<\/tr>\n<\/tbody>\n<\/table>\n<p><a href=\"https:\/\/preinscripcio.gencat.cat\/ca\/estudis\/eso\/preinscriute\/sollicitud\/\">Sol\u00b7licitud de preinscripci\u00f3<\/a><\/p>\n<p><a href=\"https:\/\/preinscripcio.gencat.cat\/ca\/estudis\/eso\/informat\/criteris-assignacio\/\">Ent\u00e9n els criteris d&#8217;assignaci\u00f3 de pla\u00e7a<\/a><\/p>\n<p><a href=\"https:\/\/preinscripcio.gencat.cat\/ca\/estudis\/eso\/informat\/busca-centre\/\">Busca el centre educatiu<\/a><\/p>\n<p><a href=\"https:\/\/preinscripcio.gencat.cat\/ca\/estudis\/eso\/informat\/prepara-documentacio\/\">Prepara la documentaci\u00f3<\/a><\/p>\n<p><a href=\"https:\/\/preinscripcio.gencat.cat\/ca\/estudis\/eso\/informat\/calendari\/\">Dates clau del calendari<\/a><\/p>\n","protected":false},"excerpt":{"rendered":"<p>DATES PREINSCRIPCI\u00d3: Presentaci\u00f3 i\/o modificaci\u00f3 de sol\u00b7licituds ESO ESO del 14\u00a0al 26\u00a0de mar\u00e7 OFERTA INICIAL DE PLACES al taulell interior del centre o es pot consultar al\u00a0 Mapa Escolar\u00a0 HORARI D&#8217;ATENCI\u00d3 AL CENTRE (en cas que tingueu dubtes i ho necessiteu) \u00a0de 9:00 a 12:30h Sol\u00b7licitud de preinscripci\u00f3 Ent\u00e9n els criteris d&#8217;assignaci\u00f3 de pla\u00e7a Busca [&hellip;]<\/p>\n","protected":false},"author":7,"featured_media":0,"comment_status":"closed","ping_status":"closed","sticky":false,"template":"","format":"standard","meta":{"_bbp_topic_count":0,"_bbp_reply_count":0,"_bbp_total_topic_count":0,"_bbp_total_reply_count":0,"_bbp_voice_count":0,"_bbp_anonymous_reply_count":0,"_bbp_topic_count_hidden":0,"_bbp_reply_count_hidden":0,"_bbp_forum_subforum_count":0,"site-sidebar-layout":"default","site-content-layout":"","ast-site-content-layout":"","site-content-style":"default","site-sidebar-style":"default","ast-global-header-display":"","ast-banner-title-visibility":"","ast-main-header-display":"","ast-hfb-above-header-display":"","ast-hfb-below-header-display":"","ast-hfb-mobile-header-display":"","site-post-title":"","ast-breadcrumbs-content":"","ast-featured-img":"","footer-sml-layout":"","theme-transparent-header-meta":"","adv-header-id-meta":"","stick-header-meta":"","header-above-stick-meta":"","header-main-stick-meta":"","header-below-stick-meta":"","astra-migrate-meta-layouts":"default","ast-page-background-enabled":"default","ast-page-background-meta":{"desktop":{"background-color":"var(--ast-global-color-4)","background-image":"","background-repeat":"repeat","background-position":"center center","background-size":"auto","background-attachment":"scroll","background-type":"","background-media":"","overlay-type":"","overlay-color":"","overlay-opacity":"","overlay-gradient":""},"tablet":{"background-color":"","background-image":"","background-repeat":"repeat","background-position":"center center","background-size":"auto","background-attachment":"scroll","background-type":"","background-media":"","overlay-type":"","overlay-color":"","overlay-opacity":"","overlay-gradient":""},"mobile":{"background-color":"","background-image":"","background-repeat":"repeat","background-position":"center center","background-size":"auto","background-attachment":"scroll","background-type":"","background-media":"","overlay-type":"","overlay-color":"","overlay-opacity":"","overlay-gradient":""}},"ast-content-background-meta":{"desktop":{"background-color":"var(--ast-global-color-5)","background-image":"","background-repeat":"repeat","background-position":"center center","background-size":"auto","background-attachment":"scroll","background-type":"","background-media":"","overlay-type":"","overlay-color":"","overlay-opacity":"","overlay-gradient":""},"tablet":{"background-color":"var(--ast-global-color-5)","background-image":"","background-repeat":"repeat","background-position":"center center","background-size":"auto","background-attachment":"scroll","background-type":"","background-media":"","overlay-type":"","overlay-color":"","overlay-opacity":"","overlay-gradient":""},"mobile":{"background-color":"var(--ast-global-color-5)","background-image":"","background-repeat":"repeat","background-position":"center center","background-size":"auto","background-attachment":"scroll","background-type":"","background-media":"","overlay-type":"","overlay-color":"","overlay-opacity":"","overlay-gradient":""}},"footnotes":""},"categories":[125,31,1],"tags":[],"class_list":["post-5006","post","type-post","status-publish","format-standard","hentry","category-actualitat","category-afa","category-general"],"post_mailing_queue_ids":[],"_links":{"self":[{"href":"https:\/\/agora.xtec.cat\/iescabrils\/wp-json\/wp\/v2\/posts\/5006","targetHints":{"allow":["GET"]}}],"collection":[{"href":"https:\/\/agora.xtec.cat\/iescabrils\/wp-json\/wp\/v2\/posts"}],"about":[{"href":"https:\/\/agora.xtec.cat\/iescabrils\/wp-json\/wp\/v2\/types\/post"}],"author":[{"embeddable":true,"href":"https:\/\/agora.xtec.cat\/iescabrils\/wp-json\/wp\/v2\/users\/7"}],"replies":[{"embeddable":true,"href":"https:\/\/agora.xtec.cat\/iescabrils\/wp-json\/wp\/v2\/comments?post=5006"}],"version-history":[{"count":6,"href":"https:\/\/agora.xtec.cat\/iescabrils\/wp-json\/wp\/v2\/posts\/5006\/revisions"}],"predecessor-version":[{"id":5543,"href":"https:\/\/agora.xtec.cat\/iescabrils\/wp-json\/wp\/v2\/posts\/5006\/revisions\/5543"}],"wp:attachment":[{"href":"https:\/\/agora.xtec.cat\/iescabrils\/wp-json\/wp\/v2\/media?parent=5006"}],"wp:term":[{"taxonomy":"category","embeddable":true,"href":"https:\/\/agora.xtec.cat\/iescabrils\/wp-json\/wp\/v2\/categories?post=5006"},{"taxonomy":"post_tag","embeddable":true,"href":"https:\/\/agora.xtec.cat\/iescabrils\/wp-json\/wp\/v2\/tags?post=5006"}],"curies":[{"name":"wp","href":"https:\/\/api.w.org\/{rel}","templated":true}]}}