{"id":4396,"date":"2023-09-01T09:00:28","date_gmt":"2023-09-01T07:00:28","guid":{"rendered":"https:\/\/agora.xtec.cat\/iescabrils\/?p=4396"},"modified":"2023-09-02T15:04:21","modified_gmt":"2023-09-02T13:04:21","slug":"inici-de-curs","status":"publish","type":"post","link":"https:\/\/agora.xtec.cat\/iescabrils\/general\/inici-de-curs\/","title":{"rendered":"Inici del curs 2023-24"},"content":{"rendered":"<p><img loading=\"lazy\" decoding=\"async\" class=\" wp-image-4721 alignnone\" src=\"https:\/\/agora.xtec.cat\/iescabrils\/wp-content\/uploads\/usu1031\/2023\/09\/Inici-curs-2023-24-300x150.jpg\" alt=\"\" width=\"442\" height=\"221\" srcset=\"https:\/\/agora.xtec.cat\/iescabrils\/wp-content\/uploads\/usu1031\/2023\/09\/Inici-curs-2023-24-300x150.jpg 300w, https:\/\/agora.xtec.cat\/iescabrils\/wp-content\/uploads\/usu1031\/2023\/09\/Inici-curs-2023-24-768x384.jpg 768w, https:\/\/agora.xtec.cat\/iescabrils\/wp-content\/uploads\/usu1031\/2023\/09\/Inici-curs-2023-24.jpg 900w\" sizes=\"auto, (max-width: 442px) 100vw, 442px\" \/><\/p>\n<p>Benvolguts alumnes i fam\u00edlies:<br \/>\nEl proper <strong>dimecres 6 <\/strong>de setembre es far\u00e0 la<strong> rebuda de l&#8217;alumnat.<\/strong> L&#8217;horari d&#8217;assist\u00e8ncia ser\u00e0:<\/p>\n<p><em>Alumnes de 1r i 2n d\u2019ESO: 09:00h<\/em><br \/>\n<em><span style=\"font-family: inherit; font-size: 1em;\">Alumnes de 3r i 4t d\u2019ESO: 08:00h<\/span><\/em><\/p>\n<p>Rebreu informacions inicials, horaris i orientacions per part dels vostres respectius tutors i, a continuaci\u00f3, tindreu les primeres classes.<\/p>\n<p>Amb l&#8217;esfor\u00e7 i la il\u00b7lusi\u00f3 de tota la comunitat educativa -alumnes, professorat i fam\u00edlies- farem d&#8217;aquest un any acad\u00e8mic extraordinari. Us desitgem un bon curs a totes i tots.<\/p>\n","protected":false},"excerpt":{"rendered":"<p>Benvolguts alumnes i fam\u00edlies: El proper dimecres 6 de setembre es far\u00e0 la rebuda de l&#8217;alumnat. L&#8217;horari d&#8217;assist\u00e8ncia ser\u00e0: Alumnes de 1r i 2n d\u2019ESO: 09:00h Alumnes de 3r i 4t d\u2019ESO: 08:00h Rebreu informacions inicials, horaris i orientacions per part dels vostres respectius tutors i, a continuaci\u00f3, tindreu les primeres classes. Amb l&#8217;esfor\u00e7 i [&hellip;]<\/p>\n","protected":false},"author":7,"featured_media":4721,"comment_status":"closed","ping_status":"closed","sticky":false,"template":"","format":"standard","meta":{"_bbp_topic_count":0,"_bbp_reply_count":0,"_bbp_total_topic_count":0,"_bbp_total_reply_count":0,"_bbp_voice_count":0,"_bbp_anonymous_reply_count":0,"_bbp_topic_count_hidden":0,"_bbp_reply_count_hidden":0,"_bbp_forum_subforum_count":0,"site-sidebar-layout":"default","site-content-layout":"","ast-site-content-layout":"","site-content-style":"default","site-sidebar-style":"default","ast-global-header-display":"","ast-banner-title-visibility":"","ast-main-header-display":"","ast-hfb-above-header-display":"","ast-hfb-below-header-display":"","ast-hfb-mobile-header-display":"","site-post-title":"","ast-breadcrumbs-content":"","ast-featured-img":"","footer-sml-layout":"","theme-transparent-header-meta":"","adv-header-id-meta":"","stick-header-meta":"","header-above-stick-meta":"","header-main-stick-meta":"","header-below-stick-meta":"","astra-migrate-meta-layouts":"default","ast-page-background-enabled":"default","ast-page-background-meta":{"desktop":{"background-color":"var(--ast-global-color-4)","background-image":"","background-repeat":"repeat","background-position":"center center","background-size":"auto","background-attachment":"scroll","background-type":"","background-media":"","overlay-type":"","overlay-color":"","overlay-opacity":"","overlay-gradient":""},"tablet":{"background-color":"","background-image":"","background-repeat":"repeat","background-position":"center center","background-size":"auto","background-attachment":"scroll","background-type":"","background-media":"","overlay-type":"","overlay-color":"","overlay-opacity":"","overlay-gradient":""},"mobile":{"background-color":"","background-image":"","background-repeat":"repeat","background-position":"center center","background-size":"auto","background-attachment":"scroll","background-type":"","background-media":"","overlay-type":"","overlay-color":"","overlay-opacity":"","overlay-gradient":""}},"ast-content-background-meta":{"desktop":{"background-color":"var(--ast-global-color-5)","background-image":"","background-repeat":"repeat","background-position":"center center","background-size":"auto","background-attachment":"scroll","background-type":"","background-media":"","overlay-type":"","overlay-color":"","overlay-opacity":"","overlay-gradient":""},"tablet":{"background-color":"var(--ast-global-color-5)","background-image":"","background-repeat":"repeat","background-position":"center center","background-size":"auto","background-attachment":"scroll","background-type":"","background-media":"","overlay-type":"","overlay-color":"","overlay-opacity":"","overlay-gradient":""},"mobile":{"background-color":"var(--ast-global-color-5)","background-image":"","background-repeat":"repeat","background-position":"center center","background-size":"auto","background-attachment":"scroll","background-type":"","background-media":"","overlay-type":"","overlay-color":"","overlay-opacity":"","overlay-gradient":""}},"footnotes":""},"categories":[125,124,1],"tags":[],"class_list":["post-4396","post","type-post","status-publish","format-standard","has-post-thumbnail","hentry","category-actualitat","category-arxiu","category-general"],"post_mailing_queue_ids":[],"_links":{"self":[{"href":"https:\/\/agora.xtec.cat\/iescabrils\/wp-json\/wp\/v2\/posts\/4396","targetHints":{"allow":["GET"]}}],"collection":[{"href":"https:\/\/agora.xtec.cat\/iescabrils\/wp-json\/wp\/v2\/posts"}],"about":[{"href":"https:\/\/agora.xtec.cat\/iescabrils\/wp-json\/wp\/v2\/types\/post"}],"author":[{"embeddable":true,"href":"https:\/\/agora.xtec.cat\/iescabrils\/wp-json\/wp\/v2\/users\/7"}],"replies":[{"embeddable":true,"href":"https:\/\/agora.xtec.cat\/iescabrils\/wp-json\/wp\/v2\/comments?post=4396"}],"version-history":[{"count":3,"href":"https:\/\/agora.xtec.cat\/iescabrils\/wp-json\/wp\/v2\/posts\/4396\/revisions"}],"predecessor-version":[{"id":4727,"href":"https:\/\/agora.xtec.cat\/iescabrils\/wp-json\/wp\/v2\/posts\/4396\/revisions\/4727"}],"wp:featuredmedia":[{"embeddable":true,"href":"https:\/\/agora.xtec.cat\/iescabrils\/wp-json\/wp\/v2\/media\/4721"}],"wp:attachment":[{"href":"https:\/\/agora.xtec.cat\/iescabrils\/wp-json\/wp\/v2\/media?parent=4396"}],"wp:term":[{"taxonomy":"category","embeddable":true,"href":"https:\/\/agora.xtec.cat\/iescabrils\/wp-json\/wp\/v2\/categories?post=4396"},{"taxonomy":"post_tag","embeddable":true,"href":"https:\/\/agora.xtec.cat\/iescabrils\/wp-json\/wp\/v2\/tags?post=4396"}],"curies":[{"name":"wp","href":"https:\/\/api.w.org\/{rel}","templated":true}]}}