{"id":3722,"date":"2021-06-10T14:00:50","date_gmt":"2021-06-10T12:00:50","guid":{"rendered":"http:\/\/agora.xtec.cat\/iescabrils\/?p=3722"},"modified":"2021-06-14T08:09:13","modified_gmt":"2021-06-14T06:09:13","slug":"final-de-curs-2020-2021","status":"publish","type":"post","link":"https:\/\/agora.xtec.cat\/iescabrils\/general\/final-de-curs-2020-2021\/","title":{"rendered":"Final de curs 2020-2021"},"content":{"rendered":"<p><b>FINAL DE CURS 2020\/21<\/b><\/p>\n<p>&nbsp;<\/p>\n<p><span style=\"font-weight: 400;\">Benvolgudes fam\u00edlies,<\/span><\/p>\n<p><span style=\"font-weight: 400;\">Ens adrecem a vosaltres per comunicar-vos algunes informacions importants referents al final de curs:<\/span><\/p>\n<p><b>Dia 10 de juny <\/b><span style=\"font-weight: 400;\">(darrer dia amb l\u2019horari habitual del curs)<\/span><\/p>\n<ul>\n<li style=\"font-weight: 400;\" aria-level=\"1\"><span style=\"font-weight: 400;\">Es lliuraran els <\/span><b>butlletins de notes de la 3a avaluaci\u00f3.<\/b><span style=\"font-weight: 400;\"> En aquest butllet\u00ed (que tamb\u00e9 es podr\u00e0 consultar per la plataforma IEDUCA) tamb\u00e9 es comunicar\u00e0 si s\u2019han de presentar a alguna prova de recuperaci\u00f3 extraordin\u00e0ria d\u2019alguna mat\u00e8ria,<\/span><\/li>\n<\/ul>\n<p><b>Dia 11 de juny \u2013 Sortida de tot el centre a Port Aventura. <\/b><span style=\"font-weight: 400;\">L\u2019alumnat que no hi participi pot assistir al centre on ser\u00e0 at\u00e8s pel professorat disponible<\/span><b>.<\/b><\/p>\n<p><b>Dies del l\u201914 al 17 de juny<\/b><\/p>\n<ul>\n<li style=\"font-weight: 400;\" aria-level=\"1\"><span style=\"font-weight: 400;\">Els alumnes de 1r, 2n i 3r fan els treballs de s\u00edntesi<\/span><\/li>\n<li style=\"font-weight: 400;\" aria-level=\"1\"><span style=\"font-weight: 400;\">Els alumnes de 4t fan el viatge de final d\u2019estudis<\/span><\/li>\n<\/ul>\n<p><b>Dia 18 de juny \u2013 assist\u00e8ncia no obligat\u00f2ria<\/b><\/p>\n<ul>\n<li style=\"list-style-type: none;\">\n<ul>\n<li style=\"font-weight: 400;\" aria-level=\"2\"><span style=\"font-weight: 400;\">El professorat estar\u00e0 disponible per solucionar dubtes i preparar les proves de recuperaci\u00f3 extraordin\u00e0ria per als alumnes que hi han d\u2019assistir.<\/span><\/li>\n<\/ul>\n<\/li>\n<\/ul>\n<p>&nbsp;<\/p>\n<ul>\n<li aria-level=\"2\"><b>12.30 Lliurament de butlletins de notes finals <span style=\"font-weight: 400;\">a tots els alumnes a la seva aula de grup<\/span><\/b><\/li>\n<\/ul>\n<p>&nbsp;<\/p>\n<p><b>Dies 21 i 22 de juny<\/b><\/p>\n<ul>\n<li style=\"font-weight: 400;\" aria-level=\"1\"><span style=\"font-weight: 400;\">Proves de recuperaci\u00f3 extraordin\u00e0ria segons l\u2019<\/span><a href=\"https:\/\/agora.xtec.cat\/iescabrils\/activitat-academica\/calendari-de-proves-extraordinaries\/\"><span style=\"font-weight: 400;\">horari<\/span><\/a><span style=\"font-weight: 400;\"> publicat al portal del centre.<\/span><\/li>\n<\/ul>\n<p>&nbsp;<\/p>\n<p><b>Dia 28 de juny<\/b><\/p>\n<ul>\n<li style=\"font-weight: 400;\" aria-level=\"1\"><span style=\"font-weight: 400;\">A les 10.00 els tutors lliuren personalment als alumnes els <\/span><b>informes de notes finals extraordin\u00e0ries<\/b><span style=\"font-weight: 400;\"> a l\u2019aula de cada grup<\/span><\/li>\n<\/ul>\n<p><b>Altres informacions<\/b><\/p>\n<ul>\n<li style=\"font-weight: 400;\" aria-level=\"1\"><span style=\"font-weight: 400;\">La <\/span><b>llista de llibres del curs 2021\/22<\/b><span style=\"font-weight: 400;\"> es publicar\u00e0 a la web <\/span><b>abans del dia 30 de juny<\/b><\/li>\n<li style=\"font-weight: 400;\" aria-level=\"1\"><span style=\"font-weight: 400;\">Els alumnes que tinguin mat\u00e8ries no superades (d\u2019aquest curs o de cursos anteriors) hauran de realitzar <\/span><b>activitats de refor\u00e7<\/b><span style=\"font-weight: 400;\"> durant les vacances per poder preparar la recuperaci\u00f3 que es far\u00e0 a l\u2019inici del proper curs. Aquestes activitats es publicaran a la web <\/span><b>abans del dia 5 de juliol<\/b><\/li>\n<li style=\"font-weight: 400;\" aria-level=\"1\"><span style=\"font-weight: 400;\">El <\/span><b>calendari del curs 2021\/22<\/b><span style=\"font-weight: 400;\"> es publicar\u00e0 a la web <\/span><b>abans del 15 de juliol<\/b><\/li>\n<\/ul>\n","protected":false},"excerpt":{"rendered":"<p>FINAL DE CURS 2020\/21 &nbsp; Benvolgudes fam\u00edlies, Ens adrecem a vosaltres per comunicar-vos algunes informacions importants referents al final de curs: Dia 10 de juny (darrer dia amb l\u2019horari habitual del curs) Es lliuraran els butlletins de notes de la 3a avaluaci\u00f3. En aquest butllet\u00ed (que tamb\u00e9 es podr\u00e0 consultar per la plataforma IEDUCA) tamb\u00e9 [&hellip;]<\/p>\n","protected":false},"author":1,"featured_media":0,"comment_status":"closed","ping_status":"closed","sticky":false,"template":"","format":"standard","meta":{"_bbp_topic_count":0,"_bbp_reply_count":0,"_bbp_total_topic_count":0,"_bbp_total_reply_count":0,"_bbp_voice_count":0,"_bbp_anonymous_reply_count":0,"_bbp_topic_count_hidden":0,"_bbp_reply_count_hidden":0,"_bbp_forum_subforum_count":0,"site-sidebar-layout":"default","site-content-layout":"","ast-site-content-layout":"","site-content-style":"default","site-sidebar-style":"default","ast-global-header-display":"","ast-banner-title-visibility":"","ast-main-header-display":"","ast-hfb-above-header-display":"","ast-hfb-below-header-display":"","ast-hfb-mobile-header-display":"","site-post-title":"","ast-breadcrumbs-content":"","ast-featured-img":"","footer-sml-layout":"","theme-transparent-header-meta":"","adv-header-id-meta":"","stick-header-meta":"","header-above-stick-meta":"","header-main-stick-meta":"","header-below-stick-meta":"","astra-migrate-meta-layouts":"default","ast-page-background-enabled":"default","ast-page-background-meta":{"desktop":{"background-color":"var(--ast-global-color-4)","background-image":"","background-repeat":"repeat","background-position":"center center","background-size":"auto","background-attachment":"scroll","background-type":"","background-media":"","overlay-type":"","overlay-color":"","overlay-opacity":"","overlay-gradient":""},"tablet":{"background-color":"","background-image":"","background-repeat":"repeat","background-position":"center center","background-size":"auto","background-attachment":"scroll","background-type":"","background-media":"","overlay-type":"","overlay-color":"","overlay-opacity":"","overlay-gradient":""},"mobile":{"background-color":"","background-image":"","background-repeat":"repeat","background-position":"center center","background-size":"auto","background-attachment":"scroll","background-type":"","background-media":"","overlay-type":"","overlay-color":"","overlay-opacity":"","overlay-gradient":""}},"ast-content-background-meta":{"desktop":{"background-color":"var(--ast-global-color-5)","background-image":"","background-repeat":"repeat","background-position":"center center","background-size":"auto","background-attachment":"scroll","background-type":"","background-media":"","overlay-type":"","overlay-color":"","overlay-opacity":"","overlay-gradient":""},"tablet":{"background-color":"var(--ast-global-color-5)","background-image":"","background-repeat":"repeat","background-position":"center center","background-size":"auto","background-attachment":"scroll","background-type":"","background-media":"","overlay-type":"","overlay-color":"","overlay-opacity":"","overlay-gradient":""},"mobile":{"background-color":"var(--ast-global-color-5)","background-image":"","background-repeat":"repeat","background-position":"center center","background-size":"auto","background-attachment":"scroll","background-type":"","background-media":"","overlay-type":"","overlay-color":"","overlay-opacity":"","overlay-gradient":""}},"footnotes":""},"categories":[125,1],"tags":[],"class_list":["post-3722","post","type-post","status-publish","format-standard","hentry","category-actualitat","category-general"],"post_mailing_queue_ids":[],"_links":{"self":[{"href":"https:\/\/agora.xtec.cat\/iescabrils\/wp-json\/wp\/v2\/posts\/3722","targetHints":{"allow":["GET"]}}],"collection":[{"href":"https:\/\/agora.xtec.cat\/iescabrils\/wp-json\/wp\/v2\/posts"}],"about":[{"href":"https:\/\/agora.xtec.cat\/iescabrils\/wp-json\/wp\/v2\/types\/post"}],"author":[{"embeddable":true,"href":"https:\/\/agora.xtec.cat\/iescabrils\/wp-json\/wp\/v2\/users\/1"}],"replies":[{"embeddable":true,"href":"https:\/\/agora.xtec.cat\/iescabrils\/wp-json\/wp\/v2\/comments?post=3722"}],"version-history":[{"count":1,"href":"https:\/\/agora.xtec.cat\/iescabrils\/wp-json\/wp\/v2\/posts\/3722\/revisions"}],"predecessor-version":[{"id":3723,"href":"https:\/\/agora.xtec.cat\/iescabrils\/wp-json\/wp\/v2\/posts\/3722\/revisions\/3723"}],"wp:attachment":[{"href":"https:\/\/agora.xtec.cat\/iescabrils\/wp-json\/wp\/v2\/media?parent=3722"}],"wp:term":[{"taxonomy":"category","embeddable":true,"href":"https:\/\/agora.xtec.cat\/iescabrils\/wp-json\/wp\/v2\/categories?post=3722"},{"taxonomy":"post_tag","embeddable":true,"href":"https:\/\/agora.xtec.cat\/iescabrils\/wp-json\/wp\/v2\/tags?post=3722"}],"curies":[{"name":"wp","href":"https:\/\/api.w.org\/{rel}","templated":true}]}}