{"id":3412,"date":"2020-09-23T13:09:41","date_gmt":"2020-09-23T11:09:41","guid":{"rendered":"http:\/\/agora.xtec.cat\/iescabrils\/?p=3412"},"modified":"2020-09-23T13:09:41","modified_gmt":"2020-09-23T11:09:41","slug":"beques-nese","status":"publish","type":"post","link":"https:\/\/agora.xtec.cat\/iescabrils\/general\/beques-nese\/","title":{"rendered":"Beques NESE"},"content":{"rendered":"<p><b>\ud83d\udd3aBeques NESE<\/b><\/p>\n<div dir=\"auto\">\n<p>S\u2019han publicat els ajuts individualitzats convocats pel Ministeri d\u2019Educaci\u00f3 i Formaci\u00f3 Professional per a alumnes amb necessitat espec\u00edfica de suport educatiu. Modalitats dels ajuts:<\/p>\n<div>\n<div>\n<ul>\n<li>Ajuts i subsidis per a alumnes amb necessitat espec\u00edfica de suport educatiu derivada de discapacitat o trastorn greu de conducta.<\/li>\n<li>Ajuts per a programes complementaris a alumnes amb necessitat espec\u00edfica de suport educatiu associada a altes capacitats.<\/li>\n<\/ul>\n<\/div>\n<\/div>\n<p><strong>Teniu tota la informaci\u00f3:<\/strong><\/p>\n<ul>\n<li><a href=\"http:\/\/www.educacionyfp.gob.es\/contenidos\/estudiantes\/educacion-infantil\/becas-ayudas-premios\/necesidad-especifica-apoyo-educativo.html#ds1\" target=\"_blank\" rel=\"noopener noreferrer\" data-saferedirecturl=\"https:\/\/www.google.com\/url?q=http:\/\/www.educacionyfp.gob.es\/contenidos\/estudiantes\/educacion-infantil\/becas-ayudas-premios\/necesidad-especifica-apoyo-educativo.html%23ds1&amp;source=gmail&amp;ust=1600945495199000&amp;usg=AFQjCNH70hUYuLTTAnHDNnExkEYiXGqt_Q\">http:\/\/www.educacionyfp.gob.<wbr \/>es\/contenidos\/estudiantes\/<wbr \/>educacion-infantil\/becas-<wbr \/>ayudas-premios\/necesidad-<wbr \/>especifica-apoyo-educativo.<wbr \/>html#ds1<\/a><\/li>\n<\/ul>\n<p><strong>I sol\u00b7licitar l\u2019ajut:<\/strong><\/p>\n<ul>\n<li><a href=\"http:\/\/ensenyament.gencat.cat\/ca\/tramits\/tramits-temes\/358-ajuts-ministerio-NEE?category=7449fd1c-a82c-11e3-a972-000c29052e2c&amp;moda=1\" target=\"_blank\" rel=\"noopener noreferrer\" data-saferedirecturl=\"https:\/\/www.google.com\/url?q=http:\/\/ensenyament.gencat.cat\/ca\/tramits\/tramits-temes\/358-ajuts-ministerio-NEE?category%3D7449fd1c-a82c-11e3-a972-000c29052e2c%26moda%3D1&amp;source=gmail&amp;ust=1600945495199000&amp;usg=AFQjCNEfr4fD0-Zelr8bC8mIStt1jFN8ww\">http:\/\/ensenyament.gencat.cat\/<wbr \/>ca\/tramits\/tramits-temes\/358-<wbr \/>ajuts-ministerio-NEE?category=<wbr \/>7449fd1c-a82c-11e3-a972-<wbr \/>000c29052e2c&amp;moda=1<\/a><\/li>\n<\/ul>\n<\/div>\n","protected":false},"excerpt":{"rendered":"<p>\ud83d\udd3aBeques NESE S\u2019han publicat els ajuts individualitzats convocats pel Ministeri d\u2019Educaci\u00f3 i Formaci\u00f3 Professional per a alumnes amb necessitat espec\u00edfica de suport educatiu. Modalitats dels ajuts: Ajuts i subsidis per a alumnes amb necessitat espec\u00edfica de suport educatiu derivada de discapacitat o trastorn greu de conducta. Ajuts per a programes complementaris a alumnes amb necessitat [&hellip;]<\/p>\n","protected":false},"author":1,"featured_media":0,"comment_status":"open","ping_status":"closed","sticky":false,"template":"","format":"standard","meta":{"_bbp_topic_count":0,"_bbp_reply_count":0,"_bbp_total_topic_count":0,"_bbp_total_reply_count":0,"_bbp_voice_count":0,"_bbp_anonymous_reply_count":0,"_bbp_topic_count_hidden":0,"_bbp_reply_count_hidden":0,"_bbp_forum_subforum_count":0,"site-sidebar-layout":"default","site-content-layout":"","ast-site-content-layout":"","site-content-style":"default","site-sidebar-style":"default","ast-global-header-display":"","ast-banner-title-visibility":"","ast-main-header-display":"","ast-hfb-above-header-display":"","ast-hfb-below-header-display":"","ast-hfb-mobile-header-display":"","site-post-title":"","ast-breadcrumbs-content":"","ast-featured-img":"","footer-sml-layout":"","theme-transparent-header-meta":"","adv-header-id-meta":"","stick-header-meta":"","header-above-stick-meta":"","header-main-stick-meta":"","header-below-stick-meta":"","astra-migrate-meta-layouts":"default","ast-page-background-enabled":"default","ast-page-background-meta":{"desktop":{"background-color":"var(--ast-global-color-4)","background-image":"","background-repeat":"repeat","background-position":"center center","background-size":"auto","background-attachment":"scroll","background-type":"","background-media":"","overlay-type":"","overlay-color":"","overlay-opacity":"","overlay-gradient":""},"tablet":{"background-color":"","background-image":"","background-repeat":"repeat","background-position":"center center","background-size":"auto","background-attachment":"scroll","background-type":"","background-media":"","overlay-type":"","overlay-color":"","overlay-opacity":"","overlay-gradient":""},"mobile":{"background-color":"","background-image":"","background-repeat":"repeat","background-position":"center center","background-size":"auto","background-attachment":"scroll","background-type":"","background-media":"","overlay-type":"","overlay-color":"","overlay-opacity":"","overlay-gradient":""}},"ast-content-background-meta":{"desktop":{"background-color":"var(--ast-global-color-5)","background-image":"","background-repeat":"repeat","background-position":"center center","background-size":"auto","background-attachment":"scroll","background-type":"","background-media":"","overlay-type":"","overlay-color":"","overlay-opacity":"","overlay-gradient":""},"tablet":{"background-color":"var(--ast-global-color-5)","background-image":"","background-repeat":"repeat","background-position":"center center","background-size":"auto","background-attachment":"scroll","background-type":"","background-media":"","overlay-type":"","overlay-color":"","overlay-opacity":"","overlay-gradient":""},"mobile":{"background-color":"var(--ast-global-color-5)","background-image":"","background-repeat":"repeat","background-position":"center center","background-size":"auto","background-attachment":"scroll","background-type":"","background-media":"","overlay-type":"","overlay-color":"","overlay-opacity":"","overlay-gradient":""}},"footnotes":""},"categories":[1],"tags":[],"class_list":["post-3412","post","type-post","status-publish","format-standard","hentry","category-general"],"post_mailing_queue_ids":[],"_links":{"self":[{"href":"https:\/\/agora.xtec.cat\/iescabrils\/wp-json\/wp\/v2\/posts\/3412","targetHints":{"allow":["GET"]}}],"collection":[{"href":"https:\/\/agora.xtec.cat\/iescabrils\/wp-json\/wp\/v2\/posts"}],"about":[{"href":"https:\/\/agora.xtec.cat\/iescabrils\/wp-json\/wp\/v2\/types\/post"}],"author":[{"embeddable":true,"href":"https:\/\/agora.xtec.cat\/iescabrils\/wp-json\/wp\/v2\/users\/1"}],"replies":[{"embeddable":true,"href":"https:\/\/agora.xtec.cat\/iescabrils\/wp-json\/wp\/v2\/comments?post=3412"}],"version-history":[{"count":1,"href":"https:\/\/agora.xtec.cat\/iescabrils\/wp-json\/wp\/v2\/posts\/3412\/revisions"}],"predecessor-version":[{"id":3413,"href":"https:\/\/agora.xtec.cat\/iescabrils\/wp-json\/wp\/v2\/posts\/3412\/revisions\/3413"}],"wp:attachment":[{"href":"https:\/\/agora.xtec.cat\/iescabrils\/wp-json\/wp\/v2\/media?parent=3412"}],"wp:term":[{"taxonomy":"category","embeddable":true,"href":"https:\/\/agora.xtec.cat\/iescabrils\/wp-json\/wp\/v2\/categories?post=3412"},{"taxonomy":"post_tag","embeddable":true,"href":"https:\/\/agora.xtec.cat\/iescabrils\/wp-json\/wp\/v2\/tags?post=3412"}],"curies":[{"name":"wp","href":"https:\/\/api.w.org\/{rel}","templated":true}]}}