{"id":2474,"date":"2019-11-20T12:49:22","date_gmt":"2019-11-20T11:49:22","guid":{"rendered":"http:\/\/agora.xtec.cat\/iescabrils\/?p=2474"},"modified":"2019-11-24T20:30:44","modified_gmt":"2019-11-24T19:30:44","slug":"teatre-forum-a-la-fabrica","status":"publish","type":"post","link":"https:\/\/agora.xtec.cat\/iescabrils\/general\/teatre-forum-a-la-fabrica\/","title":{"rendered":"Teatre f\u00f2rum a La F\u00e0brica"},"content":{"rendered":"<p>La <b>viol\u00e8ncia de g\u00e8nere<\/b> \u00e9s un tipus de <a title=\"Viol\u00e8ncia\" href=\"https:\/\/ca.m.wikipedia.org\/wiki\/Viol%C3%A8ncia\">viol\u00e8ncia<\/a> <a title=\"Cos hum\u00e0\" href=\"https:\/\/ca.m.wikipedia.org\/wiki\/Cos_hum%C3%A0\">f\u00edsica<\/a> o <a class=\"mw-redirect\" title=\"Viol\u00e8ncia psicol\u00f2gica\" href=\"https:\/\/ca.m.wikipedia.org\/wiki\/Viol%C3%A8ncia_psicol%C3%B2gica\">psicol\u00f2gica<\/a> exercida contra una persona sobre la base del seu sexe o g\u00e8nere, que t\u00e9 com a resultat un dany o <a class=\"mw-redirect\" title=\"Sofriment\" href=\"https:\/\/ca.m.wikipedia.org\/wiki\/Sofriment\">sofriment<\/a> f\u00edsic, sexual, o psicol\u00f2gic.<\/p>\n<p>Avui els alumnes han assistit a un Teatre F\u00f2rum organitzat a La Fabrica per debatre sobre les formes de la viol\u00e8ncia de g\u00e8nere. Ha estat una activitat participativa i molt enriquidora.<\/p>\n<p><img loading=\"lazy\" decoding=\"async\" class=\"size-medium wp-image-2478 alignnone\" src=\"https:\/\/agora.xtec.cat\/iescabrils\/wp-content\/uploads\/usu1031\/2019\/11\/IMG-0999-300x200.jpg\" alt=\"\" width=\"300\" height=\"200\" srcset=\"https:\/\/agora.xtec.cat\/iescabrils\/wp-content\/uploads\/usu1031\/2019\/11\/IMG-0999-300x200.jpg 300w, https:\/\/agora.xtec.cat\/iescabrils\/wp-content\/uploads\/usu1031\/2019\/11\/IMG-0999-768x512.jpg 768w, https:\/\/agora.xtec.cat\/iescabrils\/wp-content\/uploads\/usu1031\/2019\/11\/IMG-0999.jpg 1000w\" sizes=\"auto, (max-width: 300px) 100vw, 300px\" \/><\/p>\n<pre>Tutories de Tercer d\u2019ESO<\/pre>\n","protected":false},"excerpt":{"rendered":"<p>La viol\u00e8ncia de g\u00e8nere \u00e9s un tipus de viol\u00e8ncia f\u00edsica o psicol\u00f2gica exercida contra una persona sobre la base del seu sexe o g\u00e8nere, que t\u00e9 com a resultat un dany o sofriment f\u00edsic, sexual, o psicol\u00f2gic. Avui els alumnes han assistit a un Teatre F\u00f2rum organitzat a La Fabrica per debatre sobre les formes [&hellip;]<\/p>\n","protected":false},"author":7,"featured_media":2475,"comment_status":"closed","ping_status":"closed","sticky":false,"template":"","format":"standard","meta":{"_bbp_topic_count":0,"_bbp_reply_count":0,"_bbp_total_topic_count":0,"_bbp_total_reply_count":0,"_bbp_voice_count":0,"_bbp_anonymous_reply_count":0,"_bbp_topic_count_hidden":0,"_bbp_reply_count_hidden":0,"_bbp_forum_subforum_count":0,"site-sidebar-layout":"default","site-content-layout":"","ast-site-content-layout":"","site-content-style":"default","site-sidebar-style":"default","ast-global-header-display":"","ast-banner-title-visibility":"","ast-main-header-display":"","ast-hfb-above-header-display":"","ast-hfb-below-header-display":"","ast-hfb-mobile-header-display":"","site-post-title":"","ast-breadcrumbs-content":"","ast-featured-img":"","footer-sml-layout":"","theme-transparent-header-meta":"","adv-header-id-meta":"","stick-header-meta":"","header-above-stick-meta":"","header-main-stick-meta":"","header-below-stick-meta":"","astra-migrate-meta-layouts":"default","ast-page-background-enabled":"default","ast-page-background-meta":{"desktop":{"background-color":"var(--ast-global-color-4)","background-image":"","background-repeat":"repeat","background-position":"center center","background-size":"auto","background-attachment":"scroll","background-type":"","background-media":"","overlay-type":"","overlay-color":"","overlay-opacity":"","overlay-gradient":""},"tablet":{"background-color":"","background-image":"","background-repeat":"repeat","background-position":"center center","background-size":"auto","background-attachment":"scroll","background-type":"","background-media":"","overlay-type":"","overlay-color":"","overlay-opacity":"","overlay-gradient":""},"mobile":{"background-color":"","background-image":"","background-repeat":"repeat","background-position":"center center","background-size":"auto","background-attachment":"scroll","background-type":"","background-media":"","overlay-type":"","overlay-color":"","overlay-opacity":"","overlay-gradient":""}},"ast-content-background-meta":{"desktop":{"background-color":"var(--ast-global-color-5)","background-image":"","background-repeat":"repeat","background-position":"center center","background-size":"auto","background-attachment":"scroll","background-type":"","background-media":"","overlay-type":"","overlay-color":"","overlay-opacity":"","overlay-gradient":""},"tablet":{"background-color":"var(--ast-global-color-5)","background-image":"","background-repeat":"repeat","background-position":"center center","background-size":"auto","background-attachment":"scroll","background-type":"","background-media":"","overlay-type":"","overlay-color":"","overlay-opacity":"","overlay-gradient":""},"mobile":{"background-color":"var(--ast-global-color-5)","background-image":"","background-repeat":"repeat","background-position":"center center","background-size":"auto","background-attachment":"scroll","background-type":"","background-media":"","overlay-type":"","overlay-color":"","overlay-opacity":"","overlay-gradient":""}},"footnotes":""},"categories":[125,1],"tags":[],"class_list":["post-2474","post","type-post","status-publish","format-standard","has-post-thumbnail","hentry","category-actualitat","category-general"],"post_mailing_queue_ids":[],"_links":{"self":[{"href":"https:\/\/agora.xtec.cat\/iescabrils\/wp-json\/wp\/v2\/posts\/2474","targetHints":{"allow":["GET"]}}],"collection":[{"href":"https:\/\/agora.xtec.cat\/iescabrils\/wp-json\/wp\/v2\/posts"}],"about":[{"href":"https:\/\/agora.xtec.cat\/iescabrils\/wp-json\/wp\/v2\/types\/post"}],"author":[{"embeddable":true,"href":"https:\/\/agora.xtec.cat\/iescabrils\/wp-json\/wp\/v2\/users\/7"}],"replies":[{"embeddable":true,"href":"https:\/\/agora.xtec.cat\/iescabrils\/wp-json\/wp\/v2\/comments?post=2474"}],"version-history":[{"count":3,"href":"https:\/\/agora.xtec.cat\/iescabrils\/wp-json\/wp\/v2\/posts\/2474\/revisions"}],"predecessor-version":[{"id":2479,"href":"https:\/\/agora.xtec.cat\/iescabrils\/wp-json\/wp\/v2\/posts\/2474\/revisions\/2479"}],"wp:featuredmedia":[{"embeddable":true,"href":"https:\/\/agora.xtec.cat\/iescabrils\/wp-json\/wp\/v2\/media\/2475"}],"wp:attachment":[{"href":"https:\/\/agora.xtec.cat\/iescabrils\/wp-json\/wp\/v2\/media?parent=2474"}],"wp:term":[{"taxonomy":"category","embeddable":true,"href":"https:\/\/agora.xtec.cat\/iescabrils\/wp-json\/wp\/v2\/categories?post=2474"},{"taxonomy":"post_tag","embeddable":true,"href":"https:\/\/agora.xtec.cat\/iescabrils\/wp-json\/wp\/v2\/tags?post=2474"}],"curies":[{"name":"wp","href":"https:\/\/api.w.org\/{rel}","templated":true}]}}