{"id":2346,"date":"2019-06-30T11:59:31","date_gmt":"2019-06-30T09:59:31","guid":{"rendered":"http:\/\/agora.xtec.cat\/iescabrils\/?p=2346"},"modified":"2019-07-11T07:59:58","modified_gmt":"2019-07-11T05:59:58","slug":"activitats-destiu-2019","status":"publish","type":"post","link":"https:\/\/agora.xtec.cat\/iescabrils\/general\/activitats-destiu-2019\/","title":{"rendered":"Activitats d&#8217;estiu 2019"},"content":{"rendered":"<table style=\"width: 645px;\" cellspacing=\"1\" cellpadding=\"5\">\n<tbody>\n<tr>\n<td style=\"width: 115px; height: 83px; text-align: center; vertical-align: middle;\" height=\"83\"><\/td>\n<td style=\"width: 183px; height: 83px; text-align: center; vertical-align: middle;\">\n<h5 align=\"CENTER\">1r ESO<\/h5>\n<\/td>\n<td style=\"width: 183px; height: 83px; text-align: center; vertical-align: middle;\">\n<h5 align=\"CENTER\">2n ESO<\/h5>\n<\/td>\n<td style=\"width: 183px; height: 83px; text-align: center; vertical-align: middle;\">\n<h5 align=\"CENTER\">3r ESO<\/h5>\n<\/td>\n<\/tr>\n<tr>\n<td style=\"width: 115px; height: 83px; text-align: center; vertical-align: middle;\" height=\"20\">\n<h6 align=\"CENTER\">Llengua catalana<\/h6>\n<\/td>\n<td style=\"width: 183px; height: 83px; text-align: center; vertical-align: middle;\"><a href=\"https:\/\/agora.xtec.cat\/iescabrils\/wp-content\/uploads\/usu1031\/2019\/07\/Deures-destiu-1r-ESO-curs-2018-19.pdf\">Deures d&#8217;estiu 1r ESO curs 2018-19<\/a><\/td>\n<td style=\"width: 183px; height: 83px; text-align: center; vertical-align: middle;\"><a href=\"https:\/\/agora.xtec.cat\/iescabrils\/wp-content\/uploads\/usu1031\/2019\/07\/Deures-destiu-2n-d-ESO-curs-2018-19.pdf\">Deures d&#8217;estiu 2n d&#8217; ESO curs 2018-19<\/a><\/td>\n<td style=\"width: 183px; height: 83px; text-align: center; vertical-align: middle;\"><a href=\"https:\/\/agora.xtec.cat\/iescabrils\/wp-content\/uploads\/usu1031\/2019\/07\/Deures-destiu-3r-ESO-curs-2018-19.docx.pdf\">Deures d&#8217;estiu 3r ESO curs 2018-19<\/a><\/td>\n<\/tr>\n<tr>\n<td style=\"width: 115px; height: 83px; text-align: center; vertical-align: middle;\" height=\"20\">\n<h6 align=\"CENTER\">Llengua castellana<\/h6>\n<\/td>\n<td style=\"width: 183px; height: 83px; text-align: center; vertical-align: middle;\"><a href=\"https:\/\/agora.xtec.cat\/iescabrils\/wp-content\/uploads\/usu1031\/2019\/07\/DEURES-ESTIU-1ESO-CASTELL\u00c0-19.odt\">DEURES ESTIU 1ESO CASTELL\u00c0 19<\/a><\/td>\n<td style=\"width: 183px; height: 83px; text-align: center; vertical-align: middle;\"><a href=\"https:\/\/agora.xtec.cat\/iescabrils\/wp-content\/uploads\/usu1031\/2019\/07\/DEURES-ESTIU-2ESO-CASTELL\u00c0-19.odt\">DEURES ESTIU 2ESO CASTELL\u00c0 19<\/a><\/td>\n<td style=\"width: 183px; height: 83px; text-align: center; vertical-align: middle;\"><a href=\"https:\/\/agora.xtec.cat\/iescabrils\/wp-content\/uploads\/usu1031\/2019\/07\/DEURES-ESTIU-3ESO-CASTELL\u00c0-19.odt\">DEURES ESTIU 3ESO CASTELL\u00c0 19<\/a><\/td>\n<\/tr>\n<tr>\n<td style=\"width: 115px; height: 83px; text-align: center; vertical-align: middle;\" height=\"20\">\n<h6 align=\"CENTER\">Angl\u00e8s<\/h6>\n<\/td>\n<td style=\"width: 183px; height: 83px; text-align: center; vertical-align: middle;\"><a href=\"https:\/\/agora.xtec.cat\/iescabrils\/wp-content\/uploads\/usu1031\/2019\/07\/Booklets-estiu-primer.odt\">Booklets estiu primer<\/a><\/td>\n<td style=\"width: 183px; height: 83px; text-align: center; vertical-align: middle;\"><a href=\"https:\/\/agora.xtec.cat\/iescabrils\/wp-content\/uploads\/usu1031\/2019\/07\/Booklets-estiu-segon.odt\">Booklets estiu segon<\/a><\/td>\n<td style=\"width: 183px; height: 83px; text-align: center; vertical-align: middle;\"><a href=\"https:\/\/agora.xtec.cat\/iescabrils\/wp-content\/uploads\/usu1031\/2019\/07\/Booklets-estiu-tercer.odt\">Booklets estiu tercer<\/a><\/td>\n<\/tr>\n<tr>\n<td style=\"width: 115px; height: 83px; text-align: center; vertical-align: middle;\" height=\"20\">\n<h6 align=\"CENTER\">Educaci\u00f3 F\u00edsica<\/h6>\n<\/td>\n<td style=\"width: 183px; height: 83px; text-align: center; vertical-align: middle;\"><a href=\"https:\/\/agora.xtec.cat\/iescabrils\/wp-content\/uploads\/usu1031\/2019\/07\/VIDEO-MALABARS.pdf\">VIDEO MALABARS<\/a><\/p>\n<p><a href=\"https:\/\/agora.xtec.cat\/iescabrils\/wp-content\/uploads\/usu1031\/2019\/07\/TREBALL-MALABARS.pdf\">TREBALL MALABARS<\/a><\/td>\n<td style=\"width: 183px; height: 83px; text-align: center; vertical-align: middle;\"><\/td>\n<td style=\"width: 183px; height: 83px; text-align: center; vertical-align: middle;\"><\/td>\n<\/tr>\n<tr>\n<td style=\"width: 115px; height: 83px; text-align: center; vertical-align: middle;\" height=\"20\">\n<h6 align=\"CENTER\">Matem\u00e0tiques<\/h6>\n<\/td>\n<td style=\"width: 183px; height: 83px; text-align: center; vertical-align: middle;\"><a href=\"https:\/\/agora.xtec.cat\/iescabrils\/wp-content\/uploads\/usu1031\/2019\/07\/QuadernActivitatsEstiuMatematiquesESO1_2019.pdf\">MatematiquesESO1_2019<\/a><\/td>\n<td style=\"width: 183px; height: 83px; text-align: center; vertical-align: middle;\"><a href=\"https:\/\/agora.xtec.cat\/iescabrils\/wp-content\/uploads\/usu1031\/2019\/07\/QuadernActivitatsEstiuMatematiquesESO2_2019.pdf\">MatematiquesESO2_2019<\/a><\/td>\n<td style=\"width: 183px; height: 83px; text-align: center; vertical-align: middle;\"><a href=\"https:\/\/agora.xtec.cat\/iescabrils\/wp-content\/uploads\/usu1031\/2019\/07\/Activitats-estiu-matem\u00e0tiques-3r-ESO-2019.pdf\">Matem\u00e0tiquesESO3_2019<\/a><\/td>\n<\/tr>\n<tr>\n<td style=\"width: 115px; height: 83px; text-align: center; vertical-align: middle;\" height=\"20\">\n<h6>F\u00edsica i Qu\u00edmica<\/h6>\n<\/td>\n<td style=\"width: 183px; height: 83px; text-align: center; vertical-align: middle;\"><\/td>\n<td style=\"width: 183px; height: 83px; text-align: center; vertical-align: middle;\"><a href=\"https:\/\/agora.xtec.cat\/iescabrils\/wp-content\/uploads\/usu1031\/2019\/06\/FEINES-ESTIU-FISQUI_2ESO.pdf\">F\u00edsica i Qu\u00edmica 2n ESO<\/a><\/td>\n<td style=\"width: 183px; height: 83px; text-align: center; vertical-align: middle;\"><a href=\"https:\/\/agora.xtec.cat\/iescabrils\/wp-content\/uploads\/usu1031\/2019\/06\/FEINES-ESTIU-FISQUI_3ESO.pdf\">F\u00edsica i Qu\u00edmica 3rESO<\/a><\/td>\n<\/tr>\n<tr>\n<td style=\"width: 115px; height: 83px; text-align: center; vertical-align: middle;\" height=\"20\">\n<h6>Biologia i Geologia<\/h6>\n<\/td>\n<td style=\"width: 183px; height: 83px; text-align: center; vertical-align: middle;\"><a href=\"https:\/\/agora.xtec.cat\/iescabrils\/wp-content\/uploads\/usu1031\/2019\/06\/FEINES-ESTIU-BIOGEO_1ESO.pdf\">Biologia i Geologia 1rESO<\/a><\/td>\n<td style=\"width: 183px; height: 83px; text-align: center; vertical-align: middle;\"><\/td>\n<td style=\"width: 183px; height: 83px; text-align: center; vertical-align: middle;\"><a href=\"https:\/\/agora.xtec.cat\/iescabrils\/wp-content\/uploads\/usu1031\/2019\/06\/FEINES-ESTIU-BIOGEO_3ESO-1.pdf\">Biologia i Geologia 3rESO<\/a><\/td>\n<\/tr>\n<tr>\n<td style=\"width: 115px; height: 83px; vertical-align: middle; text-align: center;\" height=\"20\">\n<h6 align=\"CENTER\">Ci\u00e8ncies Socials<\/h6>\n<\/td>\n<td style=\"width: 183px; height: 83px; vertical-align: middle; text-align: center;\"><a href=\"https:\/\/agora.xtec.cat\/iescabrils\/wp-content\/uploads\/usu1031\/2019\/07\/Dossier-Rec_1rESO-estiu_2019.pdf\">Dossier Rec_1rESO estiu_2019<\/a><\/td>\n<td style=\"width: 183px; height: 83px; vertical-align: middle; text-align: center;\"><a href=\"https:\/\/agora.xtec.cat\/iescabrils\/wp-content\/uploads\/usu1031\/2019\/07\/Dossier-Rec_2nESO_2019.pdf\">Dossier Rec_2nESO_2019<\/a><\/td>\n<td style=\"width: 183px; height: 83px; vertical-align: middle; text-align: center;\"><a href=\"https:\/\/agora.xtec.cat\/iescabrils\/wp-content\/uploads\/usu1031\/2019\/07\/Dossier-Rec_-3r-ESO-estiu_2019.pdf\">Dossier Rec_ 3r ESO estiu_2019<\/a><\/td>\n<\/tr>\n<tr>\n<td style=\"width: 115px; height: 83px; text-align: center; vertical-align: middle;\" height=\"20\">\n<h6 align=\"CENTER\">Tecnologia<\/h6>\n<\/td>\n<td style=\"width: 183px; height: 83px; text-align: center; vertical-align: middle;\"><a href=\"https:\/\/agora.xtec.cat\/iescabrils\/wp-content\/uploads\/usu1031\/2019\/07\/TECNO1ESO_DOSSIER.pdf\">TECNO1ESO_DOSSIER<\/a><\/td>\n<td style=\"width: 183px; height: 83px; text-align: center; vertical-align: middle;\"><a href=\"https:\/\/agora.xtec.cat\/iescabrils\/wp-content\/uploads\/usu1031\/2019\/07\/TECNO2ESO_DOSSIER.pdf\">TECNO2ESO_DOSSIER<\/a><\/td>\n<td style=\"width: 183px; height: 83px; text-align: center; vertical-align: middle;\"><a href=\"https:\/\/agora.xtec.cat\/iescabrils\/wp-content\/uploads\/usu1031\/2019\/07\/TECNO3ESO_DOSSIER.pdf\">TECNO3ESO_DOSSIER<\/a><\/td>\n<\/tr>\n<tr>\n<td style=\"width: 115px; height: 83px; text-align: center; vertical-align: middle;\" height=\"20\">\n<h6 align=\"CENTER\">Educaci\u00f3 Visual i Pl\u00e0stica<\/h6>\n<\/td>\n<td style=\"height: 83px; text-align: center; vertical-align: middle; width: 183px;\"><a href=\"https:\/\/agora.xtec.cat\/iescabrils\/wp-content\/uploads\/usu1031\/2019\/07\/Feines-Estiu-ViP.pdf\">Feines-Estiu-ViP<\/a><\/td>\n<td style=\"text-align: center; vertical-align: middle; width: 183px;\"><\/td>\n<td style=\"width: 183px; height: 83px; text-align: center; vertical-align: middle;\"><a href=\"https:\/\/agora.xtec.cat\/iescabrils\/wp-content\/uploads\/usu1031\/2019\/07\/Feines-Estiu-ViP.pdf\">Feines-Estiu-ViP<\/a><\/td>\n<\/tr>\n<tr>\n<td style=\"width: 115px; height: 83px; text-align: center; vertical-align: middle;\" height=\"20\">\n<h6 align=\"CENTER\">M\u00fasica<\/h6>\n<\/td>\n<td style=\"width: 183px; height: 83px; text-align: center; vertical-align: middle;\"><a href=\"https:\/\/agora.xtec.cat\/iescabrils\/wp-content\/uploads\/usu1031\/2019\/06\/Deures-destiu-1ESO.pdf\">Deures d&#8217;estiu 1ESO<\/a><\/td>\n<td style=\"width: 183px; height: 83px; text-align: center; vertical-align: middle;\"><a href=\"https:\/\/agora.xtec.cat\/iescabrils\/wp-content\/uploads\/usu1031\/2019\/06\/Deures-destiu-2ESO.pdf\">Deures d&#8217;estiu 2ESO<\/a><\/td>\n<td style=\"width: 183px; height: 83px; text-align: center; vertical-align: middle;\"><\/td>\n<\/tr>\n<\/tbody>\n<\/table>\n","protected":false},"excerpt":{"rendered":"<p>1r ESO 2n ESO 3r ESO Llengua catalana Deures d&#8217;estiu 1r ESO curs 2018-19 Deures d&#8217;estiu 2n d&#8217; ESO curs 2018-19 Deures d&#8217;estiu 3r ESO curs 2018-19 Llengua castellana DEURES ESTIU 1ESO CASTELL\u00c0 19 DEURES ESTIU 2ESO CASTELL\u00c0 19 DEURES ESTIU 3ESO CASTELL\u00c0 19 Angl\u00e8s Booklets estiu primer Booklets estiu segon Booklets estiu tercer Educaci\u00f3 [&hellip;]<\/p>\n","protected":false},"author":7,"featured_media":2377,"comment_status":"closed","ping_status":"closed","sticky":false,"template":"","format":"standard","meta":{"_bbp_topic_count":0,"_bbp_reply_count":0,"_bbp_total_topic_count":0,"_bbp_total_reply_count":0,"_bbp_voice_count":0,"_bbp_anonymous_reply_count":0,"_bbp_topic_count_hidden":0,"_bbp_reply_count_hidden":0,"_bbp_forum_subforum_count":0,"site-sidebar-layout":"default","site-content-layout":"","ast-site-content-layout":"","site-content-style":"default","site-sidebar-style":"default","ast-global-header-display":"","ast-banner-title-visibility":"","ast-main-header-display":"","ast-hfb-above-header-display":"","ast-hfb-below-header-display":"","ast-hfb-mobile-header-display":"","site-post-title":"","ast-breadcrumbs-content":"","ast-featured-img":"","footer-sml-layout":"","theme-transparent-header-meta":"","adv-header-id-meta":"","stick-header-meta":"","header-above-stick-meta":"","header-main-stick-meta":"","header-below-stick-meta":"","astra-migrate-meta-layouts":"default","ast-page-background-enabled":"default","ast-page-background-meta":{"desktop":{"background-color":"var(--ast-global-color-4)","background-image":"","background-repeat":"repeat","background-position":"center center","background-size":"auto","background-attachment":"scroll","background-type":"","background-media":"","overlay-type":"","overlay-color":"","overlay-opacity":"","overlay-gradient":""},"tablet":{"background-color":"","background-image":"","background-repeat":"repeat","background-position":"center center","background-size":"auto","background-attachment":"scroll","background-type":"","background-media":"","overlay-type":"","overlay-color":"","overlay-opacity":"","overlay-gradient":""},"mobile":{"background-color":"","background-image":"","background-repeat":"repeat","background-position":"center center","background-size":"auto","background-attachment":"scroll","background-type":"","background-media":"","overlay-type":"","overlay-color":"","overlay-opacity":"","overlay-gradient":""}},"ast-content-background-meta":{"desktop":{"background-color":"var(--ast-global-color-5)","background-image":"","background-repeat":"repeat","background-position":"center center","background-size":"auto","background-attachment":"scroll","background-type":"","background-media":"","overlay-type":"","overlay-color":"","overlay-opacity":"","overlay-gradient":""},"tablet":{"background-color":"var(--ast-global-color-5)","background-image":"","background-repeat":"repeat","background-position":"center center","background-size":"auto","background-attachment":"scroll","background-type":"","background-media":"","overlay-type":"","overlay-color":"","overlay-opacity":"","overlay-gradient":""},"mobile":{"background-color":"var(--ast-global-color-5)","background-image":"","background-repeat":"repeat","background-position":"center center","background-size":"auto","background-attachment":"scroll","background-type":"","background-media":"","overlay-type":"","overlay-color":"","overlay-opacity":"","overlay-gradient":""}},"footnotes":""},"categories":[1],"tags":[],"class_list":["post-2346","post","type-post","status-publish","format-standard","has-post-thumbnail","hentry","category-general"],"post_mailing_queue_ids":[],"_links":{"self":[{"href":"https:\/\/agora.xtec.cat\/iescabrils\/wp-json\/wp\/v2\/posts\/2346","targetHints":{"allow":["GET"]}}],"collection":[{"href":"https:\/\/agora.xtec.cat\/iescabrils\/wp-json\/wp\/v2\/posts"}],"about":[{"href":"https:\/\/agora.xtec.cat\/iescabrils\/wp-json\/wp\/v2\/types\/post"}],"author":[{"embeddable":true,"href":"https:\/\/agora.xtec.cat\/iescabrils\/wp-json\/wp\/v2\/users\/7"}],"replies":[{"embeddable":true,"href":"https:\/\/agora.xtec.cat\/iescabrils\/wp-json\/wp\/v2\/comments?post=2346"}],"version-history":[{"count":3,"href":"https:\/\/agora.xtec.cat\/iescabrils\/wp-json\/wp\/v2\/posts\/2346\/revisions"}],"predecessor-version":[{"id":2390,"href":"https:\/\/agora.xtec.cat\/iescabrils\/wp-json\/wp\/v2\/posts\/2346\/revisions\/2390"}],"wp:featuredmedia":[{"embeddable":true,"href":"https:\/\/agora.xtec.cat\/iescabrils\/wp-json\/wp\/v2\/media\/2377"}],"wp:attachment":[{"href":"https:\/\/agora.xtec.cat\/iescabrils\/wp-json\/wp\/v2\/media?parent=2346"}],"wp:term":[{"taxonomy":"category","embeddable":true,"href":"https:\/\/agora.xtec.cat\/iescabrils\/wp-json\/wp\/v2\/categories?post=2346"},{"taxonomy":"post_tag","embeddable":true,"href":"https:\/\/agora.xtec.cat\/iescabrils\/wp-json\/wp\/v2\/tags?post=2346"}],"curies":[{"name":"wp","href":"https:\/\/api.w.org\/{rel}","templated":true}]}}