{"id":1801,"date":"2019-02-25T10:05:48","date_gmt":"2019-02-25T09:05:48","guid":{"rendered":"http:\/\/agora.xtec.cat\/iescabrils\/?p=1801"},"modified":"2019-02-25T12:45:55","modified_gmt":"2019-02-25T11:45:55","slug":"un-exemple-de-superacio","status":"publish","type":"post","link":"https:\/\/agora.xtec.cat\/iescabrils\/general\/un-exemple-de-superacio\/","title":{"rendered":"Un exemple de superaci\u00f3"},"content":{"rendered":"<p><img loading=\"lazy\" decoding=\"async\" class=\"alignright wp-image-1802 size-medium\" src=\"https:\/\/agora.xtec.cat\/iescabrils\/wp-content\/uploads\/usu1031\/2019\/02\/miriam-aguirre-1-300x180.jpg\" alt=\"\" width=\"300\" height=\"180\" srcset=\"https:\/\/agora.xtec.cat\/iescabrils\/wp-content\/uploads\/usu1031\/2019\/02\/miriam-aguirre-1-300x180.jpg 300w, https:\/\/agora.xtec.cat\/iescabrils\/wp-content\/uploads\/usu1031\/2019\/02\/miriam-aguirre-1-768x461.jpg 768w, https:\/\/agora.xtec.cat\/iescabrils\/wp-content\/uploads\/usu1031\/2019\/02\/miriam-aguirre-1.jpg 908w\" sizes=\"auto, (max-width: 300px) 100vw, 300px\" \/>Una ex-alumna de la primera promoci\u00f3 d&#8217;alumnes amb SIEI de l&#8217;INS CABRILS ha estat nomenada com a personal inter\u00ed de la Sindicatura de Comptes de Catalunya, ocupant la pla\u00e7a d&#8217;ajudant d&#8217;Uxier. Moltes felicitats! N&#8217;estem molt orgulloses!<\/p>\n<p>Departament d&#8217;Orientaci\u00f3 Psicopedag\u00f2gica<\/p>\n<p><em><a href=\"http:\/\/www.fundaciomaresme.cat\/renovacio\/\">(Seguiu l&#8217;enlla\u00e7 per veure un reportatge ampliat)<\/a><\/em><\/p>\n<div class=\"freebirdFormviewerViewNumberedItemContainer\">\n<div class=\"freebirdFormviewerViewItemsItemItem freebirdFormviewerViewItemsTextTextItem\" role=\"listitem\" data-required=\"true\" data-item-id=\"282761991\">\n<div class=\"freebirdFormviewerViewItemsTextItemWrapper\">\n<div class=\"freebirdFormviewerViewItemsTextShortText freebirdFormviewerViewItemsTextDisabledText freebirdThemedInput\"><\/div>\n<\/div>\n<\/div>\n<\/div>\n","protected":false},"excerpt":{"rendered":"<p>Una ex-alumna de la primera promoci\u00f3 d&#8217;alumnes amb SIEI de l&#8217;INS CABRILS ha estat nomenada com a personal inter\u00ed de la Sindicatura de Comptes de Catalunya, ocupant la pla\u00e7a d&#8217;ajudant d&#8217;Uxier. Moltes felicitats! N&#8217;estem molt orgulloses! Departament d&#8217;Orientaci\u00f3 Psicopedag\u00f2gica (Seguiu l&#8217;enlla\u00e7 per veure un reportatge ampliat)<\/p>\n","protected":false},"author":7,"featured_media":1802,"comment_status":"closed","ping_status":"closed","sticky":false,"template":"","format":"standard","meta":{"_bbp_topic_count":0,"_bbp_reply_count":0,"_bbp_total_topic_count":0,"_bbp_total_reply_count":0,"_bbp_voice_count":0,"_bbp_anonymous_reply_count":0,"_bbp_topic_count_hidden":0,"_bbp_reply_count_hidden":0,"_bbp_forum_subforum_count":0,"site-sidebar-layout":"default","site-content-layout":"","ast-site-content-layout":"","site-content-style":"default","site-sidebar-style":"default","ast-global-header-display":"","ast-banner-title-visibility":"","ast-main-header-display":"","ast-hfb-above-header-display":"","ast-hfb-below-header-display":"","ast-hfb-mobile-header-display":"","site-post-title":"","ast-breadcrumbs-content":"","ast-featured-img":"","footer-sml-layout":"","theme-transparent-header-meta":"","adv-header-id-meta":"","stick-header-meta":"","header-above-stick-meta":"","header-main-stick-meta":"","header-below-stick-meta":"","astra-migrate-meta-layouts":"default","ast-page-background-enabled":"default","ast-page-background-meta":{"desktop":{"background-color":"var(--ast-global-color-4)","background-image":"","background-repeat":"repeat","background-position":"center center","background-size":"auto","background-attachment":"scroll","background-type":"","background-media":"","overlay-type":"","overlay-color":"","overlay-opacity":"","overlay-gradient":""},"tablet":{"background-color":"","background-image":"","background-repeat":"repeat","background-position":"center center","background-size":"auto","background-attachment":"scroll","background-type":"","background-media":"","overlay-type":"","overlay-color":"","overlay-opacity":"","overlay-gradient":""},"mobile":{"background-color":"","background-image":"","background-repeat":"repeat","background-position":"center center","background-size":"auto","background-attachment":"scroll","background-type":"","background-media":"","overlay-type":"","overlay-color":"","overlay-opacity":"","overlay-gradient":""}},"ast-content-background-meta":{"desktop":{"background-color":"var(--ast-global-color-5)","background-image":"","background-repeat":"repeat","background-position":"center center","background-size":"auto","background-attachment":"scroll","background-type":"","background-media":"","overlay-type":"","overlay-color":"","overlay-opacity":"","overlay-gradient":""},"tablet":{"background-color":"var(--ast-global-color-5)","background-image":"","background-repeat":"repeat","background-position":"center center","background-size":"auto","background-attachment":"scroll","background-type":"","background-media":"","overlay-type":"","overlay-color":"","overlay-opacity":"","overlay-gradient":""},"mobile":{"background-color":"var(--ast-global-color-5)","background-image":"","background-repeat":"repeat","background-position":"center center","background-size":"auto","background-attachment":"scroll","background-type":"","background-media":"","overlay-type":"","overlay-color":"","overlay-opacity":"","overlay-gradient":""}},"footnotes":""},"categories":[125,1],"tags":[],"class_list":["post-1801","post","type-post","status-publish","format-standard","has-post-thumbnail","hentry","category-actualitat","category-general"],"post_mailing_queue_ids":[],"_links":{"self":[{"href":"https:\/\/agora.xtec.cat\/iescabrils\/wp-json\/wp\/v2\/posts\/1801","targetHints":{"allow":["GET"]}}],"collection":[{"href":"https:\/\/agora.xtec.cat\/iescabrils\/wp-json\/wp\/v2\/posts"}],"about":[{"href":"https:\/\/agora.xtec.cat\/iescabrils\/wp-json\/wp\/v2\/types\/post"}],"author":[{"embeddable":true,"href":"https:\/\/agora.xtec.cat\/iescabrils\/wp-json\/wp\/v2\/users\/7"}],"replies":[{"embeddable":true,"href":"https:\/\/agora.xtec.cat\/iescabrils\/wp-json\/wp\/v2\/comments?post=1801"}],"version-history":[{"count":1,"href":"https:\/\/agora.xtec.cat\/iescabrils\/wp-json\/wp\/v2\/posts\/1801\/revisions"}],"predecessor-version":[{"id":1803,"href":"https:\/\/agora.xtec.cat\/iescabrils\/wp-json\/wp\/v2\/posts\/1801\/revisions\/1803"}],"wp:featuredmedia":[{"embeddable":true,"href":"https:\/\/agora.xtec.cat\/iescabrils\/wp-json\/wp\/v2\/media\/1802"}],"wp:attachment":[{"href":"https:\/\/agora.xtec.cat\/iescabrils\/wp-json\/wp\/v2\/media?parent=1801"}],"wp:term":[{"taxonomy":"category","embeddable":true,"href":"https:\/\/agora.xtec.cat\/iescabrils\/wp-json\/wp\/v2\/categories?post=1801"},{"taxonomy":"post_tag","embeddable":true,"href":"https:\/\/agora.xtec.cat\/iescabrils\/wp-json\/wp\/v2\/tags?post=1801"}],"curies":[{"name":"wp","href":"https:\/\/api.w.org\/{rel}","templated":true}]}}