{"id":740,"date":"2016-05-03T11:11:35","date_gmt":"2016-05-03T10:11:35","guid":{"rendered":"http:\/\/agora.xtec.cat\/iescabanyes\/?p=740"},"modified":"2016-05-03T11:12:55","modified_gmt":"2016-05-03T10:12:55","slug":"xerrada-ampa-sestudia-per-aprovar-o-sestudia-per-aprendre","status":"publish","type":"post","link":"https:\/\/agora.xtec.cat\/iescabanyes\/portada\/xerrada-ampa-sestudia-per-aprovar-o-sestudia-per-aprendre\/","title":{"rendered":"Xerrada AMPA: S&#8217;estudia per APROVAR o s&#8217;estudia per APRENDRE?"},"content":{"rendered":"<p class=\"western\" align=\"center\">\u201c<span style=\"font-family: Verana;\"><span style=\"font-size: medium;\"><span lang=\"ca-ES\"><i><b>S&#8217;estudia per APROVAR o s&#8217;estudia per APRENDRE?\u201d<\/b><\/i><\/span><\/span><\/span><\/p>\n<p class=\"western\" align=\"center\">19 DE MAIG \u00a018:00 H A L&#8217;INSTITUT\u00a0MANUEL DE CABANYES<\/p>\n<ul>\n<li>\n<p align=\"justify\"><span style=\"font-family: Verana;\"><span style=\"font-size: medium;\">Qu\u00e8 es posa en joc en l&#8217;aprenentatge?<\/span><\/span><\/p>\n<\/li>\n<\/ul>\n<p align=\"justify\"><span style=\"color: #4c4c4c;\"><span style=\"font-family: Verana;\"><span style=\"font-size: medium;\">Estils d&#8217;aprenentatge, capacitats, mem\u00f2ria, atenci\u00f3&#8230; i emocions!<\/span><\/span><\/span><\/p>\n<ul>\n<li>\n<p align=\"justify\"><span style=\"font-family: Verana;\"><span style=\"font-size: medium;\">Pares i mares que ensenyen i aprenen. <\/span><\/span><\/p>\n<\/li>\n<\/ul>\n<p align=\"justify\"><span style=\"color: #4c4c4c;\"><span style=\"font-family: Verana;\"><span style=\"font-size: medium;\">&#8211; Com donar el suport necessari: de la depend\u00e8ncia a l&#8217;autonomia i iniciativa personal. <\/span><\/span><\/span><\/p>\n<p align=\"justify\"><span style=\"font-family: Verana;\"><span style=\"font-size: medium;\"><span style=\"color: #4c4c4c;\">&#8211; \u201c<\/span><span style=\"color: #4c4c4c;\"><i>Quan susp\u00e8n tamb\u00e9 ho faig jo\u201d<\/i><\/span><span style=\"color: #4c4c4c;\">. La responsabilitat i les atribucions dels \u00e8xits i els fracassos. <\/span><\/span><\/span><\/p>\n<ul>\n<li>\n<p align=\"justify\"><span style=\"font-family: Verana;\"><span style=\"font-size: medium;\">Les expectatives de futur dels nostres fills. I les nostres?<\/span><\/span><\/p>\n<\/li>\n<\/ul>\n<p align=\"justify\"><span style=\"color: #4c4c4c;\"><span style=\"font-family: Verana;\"><span style=\"font-size: medium;\">Un cam\u00ed reflexionat i compartit. <\/span><\/span><\/span><\/p>\n<p class=\"western\" lang=\"es-ES\" align=\"justify\"><span style=\"font-family: Verana;\"><span style=\"font-size: medium;\">M\u00e9s enll\u00e0 de saber fer un esquema o un resum, de suspendre o aprovar, desitgem que els nostres fills tracin un cam\u00ed propi, per\u00f2 la por de que trobin massa pedres o entrebancs ens fa patir i alhora protegir-los. La manca de temps i la por a l&#8217;error ens fa solucionar els seus problemes aqu\u00ed i ara, fent que no es sentin responsables del seu proc\u00e9s d&#8217;aprenentatge.<\/span><\/span><\/p>\n<p class=\"western\" lang=\"es-ES\" align=\"justify\"><span style=\"font-family: Verana;\"><span style=\"font-size: medium;\">L&#8217;ajuda en l&#8217;educaci\u00f3 obligat\u00f2ria, a vegades \u00e9s una font de conflicte familiar, per\u00f2 poder tenir la oportunitat de reflexionar i col\u00b7locar-nos de forma diferent amb els aprenentatges dels nostres fills i filles, pot fer-nos veure els errors com una oportunitat de canvi i creixement.<\/span><\/span><\/p>\n<p class=\"western\" lang=\"es-ES\" align=\"right\"><span style=\"font-family: Verana;\"><span style=\"font-size: medium;\">In\u00e9s Jan\u00e9, psicopedagoga<\/span><\/span><\/p>\n<p class=\"western\" lang=\"es-ES\" align=\"right\"><span style=\"font-family: Verana;\"><span style=\"font-size: medium;\">Centre ESPAIS<\/span><\/span><\/p>\n","protected":false},"excerpt":{"rendered":"<p>Xerrada que \u00e9s far\u00e0 el dia 19 de Maig a les 18:00 h condu\u00efda per la Ines Jan\u00e9 del Centre Espais&hellip;  <a href=\"https:\/\/agora.xtec.cat\/iescabanyes\/portada\/xerrada-ampa-sestudia-per-aprovar-o-sestudia-per-aprendre\/\" title=\"Read Xerrada AMPA: S&#8217;estudia per APROVAR o s&#8217;estudia per APRENDRE?\">Llegeix m\u00e9s\u00bb<\/a><\/p>\n","protected":false},"author":1,"featured_media":741,"comment_status":"open","ping_status":"open","sticky":false,"template":"","format":"standard","meta":{"_bbp_topic_count":0,"_bbp_reply_count":0,"_bbp_total_topic_count":0,"_bbp_total_reply_count":0,"_bbp_voice_count":0,"_bbp_anonymous_reply_count":0,"_bbp_topic_count_hidden":0,"_bbp_reply_count_hidden":0,"_bbp_forum_subforum_count":0,"footnotes":""},"categories":[31,29],"tags":[],"class_list":["post-740","post","type-post","status-publish","format-standard","has-post-thumbnail","hentry","category-ampa","category-portada"],"post_mailing_queue_ids":[],"_links":{"self":[{"href":"https:\/\/agora.xtec.cat\/iescabanyes\/wp-json\/wp\/v2\/posts\/740","targetHints":{"allow":["GET"]}}],"collection":[{"href":"https:\/\/agora.xtec.cat\/iescabanyes\/wp-json\/wp\/v2\/posts"}],"about":[{"href":"https:\/\/agora.xtec.cat\/iescabanyes\/wp-json\/wp\/v2\/types\/post"}],"author":[{"embeddable":true,"href":"https:\/\/agora.xtec.cat\/iescabanyes\/wp-json\/wp\/v2\/users\/1"}],"replies":[{"embeddable":true,"href":"https:\/\/agora.xtec.cat\/iescabanyes\/wp-json\/wp\/v2\/comments?post=740"}],"version-history":[{"count":3,"href":"https:\/\/agora.xtec.cat\/iescabanyes\/wp-json\/wp\/v2\/posts\/740\/revisions"}],"predecessor-version":[{"id":744,"href":"https:\/\/agora.xtec.cat\/iescabanyes\/wp-json\/wp\/v2\/posts\/740\/revisions\/744"}],"wp:featuredmedia":[{"embeddable":true,"href":"https:\/\/agora.xtec.cat\/iescabanyes\/wp-json\/wp\/v2\/media\/741"}],"wp:attachment":[{"href":"https:\/\/agora.xtec.cat\/iescabanyes\/wp-json\/wp\/v2\/media?parent=740"}],"wp:term":[{"taxonomy":"category","embeddable":true,"href":"https:\/\/agora.xtec.cat\/iescabanyes\/wp-json\/wp\/v2\/categories?post=740"},{"taxonomy":"post_tag","embeddable":true,"href":"https:\/\/agora.xtec.cat\/iescabanyes\/wp-json\/wp\/v2\/tags?post=740"}],"curies":[{"name":"wp","href":"https:\/\/api.w.org\/{rel}","templated":true}]}}