{"id":19405,"date":"2024-06-01T13:32:22","date_gmt":"2024-06-01T11:32:22","guid":{"rendered":"https:\/\/agora.xtec.cat\/iescabanyes\/?p=19405"},"modified":"2024-06-04T09:16:13","modified_gmt":"2024-06-04T07:16:13","slug":"marina-forgas-premi-filcat-de-literatura","status":"publish","type":"post","link":"https:\/\/agora.xtec.cat\/iescabanyes\/general\/marina-forgas-premi-filcat-de-literatura\/","title":{"rendered":"Marina Forgas, Premi Filcat de Literatura"},"content":{"rendered":"<p>La Marina Forgas Dall\u00e0, de 2n de Batxillerat C, ha guanyat el Premi Filcat.UB en la categoria de literatura catalana, pel seu treball de recerca sobre els gravats al boix que Enric Crist\u00f2for Ricart va fer per a la segona traducci\u00f3 de Carles Riba de <em>L&#8217;Odissea<\/em> d&#8217;Homer, a mitjan segle XX. La Marina ha consultat el fons Ricart de la Biblioteca Museu V\u00edctor Balaguer i tamb\u00e9 el fons Riba de l&#8217;Arxiu Nacional de Catalunya, ubicat a Sant Cugat del Vall\u00e8s. Per tal de poder entendre la relaci\u00f3 entre el traductor i el gravador, ha analitzat la correspond\u00e8ncia que van mantenir durant el proc\u00e9s d&#8217;il\u00b7lustraci\u00f3 i tamb\u00e9 l&#8217;opini\u00f3 experta i actual de l&#8217;il\u00b7lustrador vilanov\u00ed Sebasti\u00e0 Serra. En el treball es confirma la hip\u00f2tesi inicial, segons la qual la forta personalitat acad\u00e8mica de Riba no va ser obstacle perqu\u00e8 Ricart pogu\u00e9s acabar desenvolupant la seva pr\u00f2pia obra creativa, tot aportant idees i solucions que Riba no havia previst per\u00f2 que enriqueixen el conjunt. Aquesta traducci\u00f3 de Riba il\u00b7lustrada per Ricart va ser editada l&#8217;any 1993 per La Magrana en facs\u00edmil, en ocasi\u00f3 del centenari del naixement d&#8217;ambd\u00f3s artistes.<\/p>\n<p>Es dona la circumst\u00e0ncia que ja en edicions anteriors d&#8217;aquests premis de la Facultat de Filologia havien estat premiades alumnes de l&#8217;institut. L&#8217;any passat van obtenir guardons la Maria Mart\u00ed, per un treball sobre Merc\u00e8 Rodoreda, i la Neus Alonso, per una recerca sobre Josep Maria Benet i Jornet. I fa uns any va ser la N\u00faria Poch qui va ser premiada per un estudi sobre Josep Anselm Clav\u00e9, del qual enguany se celebra el bicentenari.<\/p>\n<p>Altres treballs que han rebut premi o menci\u00f3 en aquesta novena edici\u00f3 del certamen han versat sobre les lletres del grup Manel, sobre topon\u00edmia de pobles concrets de les comarques gironines, sobre els relats de dones catalanes que van estar en camps de concentraci\u00f3 nazis i la creaci\u00f3 d&#8217;una coreografia sobre <em>La pla\u00e7a del Diamant<\/em>.<\/p>\n","protected":false},"excerpt":{"rendered":"<p>La Marina Forgas Dall\u00e0, de 2n de Batxillerat C, ha guanyat el Premi Filcat.UB en la categoria de literatura catalana, pel seu treball de recerca sobre els gravats al boix que Enric Crist\u00f2for Ricart va fer per a la segona traducci\u00f3 de Carles Riba de L&#8217;Odissea d&#8217;Homer, a mitjan segle XX.&hellip;  <a href=\"https:\/\/agora.xtec.cat\/iescabanyes\/general\/marina-forgas-premi-filcat-de-literatura\/\" title=\"Read Marina Forgas, Premi Filcat de Literatura\">Llegeix m\u00e9s\u00bb<\/a><\/p>\n","protected":false},"author":29,"featured_media":19408,"comment_status":"open","ping_status":"closed","sticky":false,"template":"","format":"standard","meta":{"_bbp_topic_count":0,"_bbp_reply_count":0,"_bbp_total_topic_count":0,"_bbp_total_reply_count":0,"_bbp_voice_count":0,"_bbp_anonymous_reply_count":0,"_bbp_topic_count_hidden":0,"_bbp_reply_count_hidden":0,"_bbp_forum_subforum_count":0,"footnotes":""},"categories":[1,29,143],"tags":[],"class_list":["post-19405","post","type-post","status-publish","format-standard","has-post-thumbnail","hentry","category-general","category-portada","category-textures"],"post_mailing_queue_ids":[],"_links":{"self":[{"href":"https:\/\/agora.xtec.cat\/iescabanyes\/wp-json\/wp\/v2\/posts\/19405","targetHints":{"allow":["GET"]}}],"collection":[{"href":"https:\/\/agora.xtec.cat\/iescabanyes\/wp-json\/wp\/v2\/posts"}],"about":[{"href":"https:\/\/agora.xtec.cat\/iescabanyes\/wp-json\/wp\/v2\/types\/post"}],"author":[{"embeddable":true,"href":"https:\/\/agora.xtec.cat\/iescabanyes\/wp-json\/wp\/v2\/users\/29"}],"replies":[{"embeddable":true,"href":"https:\/\/agora.xtec.cat\/iescabanyes\/wp-json\/wp\/v2\/comments?post=19405"}],"version-history":[{"count":4,"href":"https:\/\/agora.xtec.cat\/iescabanyes\/wp-json\/wp\/v2\/posts\/19405\/revisions"}],"predecessor-version":[{"id":19418,"href":"https:\/\/agora.xtec.cat\/iescabanyes\/wp-json\/wp\/v2\/posts\/19405\/revisions\/19418"}],"wp:featuredmedia":[{"embeddable":true,"href":"https:\/\/agora.xtec.cat\/iescabanyes\/wp-json\/wp\/v2\/media\/19408"}],"wp:attachment":[{"href":"https:\/\/agora.xtec.cat\/iescabanyes\/wp-json\/wp\/v2\/media?parent=19405"}],"wp:term":[{"taxonomy":"category","embeddable":true,"href":"https:\/\/agora.xtec.cat\/iescabanyes\/wp-json\/wp\/v2\/categories?post=19405"},{"taxonomy":"post_tag","embeddable":true,"href":"https:\/\/agora.xtec.cat\/iescabanyes\/wp-json\/wp\/v2\/tags?post=19405"}],"curies":[{"name":"wp","href":"https:\/\/api.w.org\/{rel}","templated":true}]}}