{"id":18281,"date":"2024-02-22T09:00:25","date_gmt":"2024-02-22T08:00:25","guid":{"rendered":"https:\/\/agora.xtec.cat\/iescabanyes\/?p=18281"},"modified":"2024-02-21T15:22:16","modified_gmt":"2024-02-21T14:22:16","slug":"dia-internacional-de-la-llengua-materna","status":"publish","type":"post","link":"https:\/\/agora.xtec.cat\/iescabanyes\/general\/dia-internacional-de-la-llengua-materna\/","title":{"rendered":"Dia Internacional de la Llengua Materna"},"content":{"rendered":"<p dir=\"ltr\">En motiu del dia Internacional de la Llengua Materna, que se celebra el 21 de febrer, els alumnes de l\u2019Aula d\u2019Acollida han enquestat l\u2019alumnat d\u2019ESO del Cabanyes per saber quines lleng\u00fces maternes diferents del catal\u00e0 i el castell\u00e0 parlen les fam\u00edlies&#8230; i n&#8217;han sortit 14: darija, rifeny, amazic, urd\u00fa, roman\u00e8s, franc\u00e8s, angl\u00e8s, portugu\u00e8s, alemany, pulaar, mandar\u00ed, polon\u00e8s i hongar\u00e8s. L&#8217;alumnat tamb\u00e9 ha fet un mural que ha penjat a l&#8217;entrada de l&#8217;institut amb les paraules FAM\u00cdLIA i PAU, tradu\u00efdes als 14 idiomes esmentats, i que defineixen l&#8217;ambient i la filosofia de l&#8217;aula d&#8217;acollida.<\/p>\n<p>Clica <a href=\"https:\/\/youtube.com\/shorts\/4yb-hbbh6GQ?si=g7DlYsc5y6X9kPXU\">aqu\u00ed<\/a> per veure el v\u00eddeo.<\/p>\n<p><img loading=\"lazy\" decoding=\"async\" class=\"alignnone size-large wp-image-18291\" src=\"https:\/\/agora.xtec.cat\/iescabanyes\/wp-content\/uploads\/usu559\/2024\/02\/WhatsApp-Image-2024-02-21-at-15.20.55-1024x775.jpeg\" alt=\"\" width=\"1024\" height=\"775\" srcset=\"https:\/\/agora.xtec.cat\/iescabanyes\/wp-content\/uploads\/usu559\/2024\/02\/WhatsApp-Image-2024-02-21-at-15.20.55-1024x775.jpeg 1024w, https:\/\/agora.xtec.cat\/iescabanyes\/wp-content\/uploads\/usu559\/2024\/02\/WhatsApp-Image-2024-02-21-at-15.20.55-300x227.jpeg 300w, https:\/\/agora.xtec.cat\/iescabanyes\/wp-content\/uploads\/usu559\/2024\/02\/WhatsApp-Image-2024-02-21-at-15.20.55-768x581.jpeg 768w, https:\/\/agora.xtec.cat\/iescabanyes\/wp-content\/uploads\/usu559\/2024\/02\/WhatsApp-Image-2024-02-21-at-15.20.55-1536x1163.jpeg 1536w, https:\/\/agora.xtec.cat\/iescabanyes\/wp-content\/uploads\/usu559\/2024\/02\/WhatsApp-Image-2024-02-21-at-15.20.55-200x150.jpeg 200w, https:\/\/agora.xtec.cat\/iescabanyes\/wp-content\/uploads\/usu559\/2024\/02\/WhatsApp-Image-2024-02-21-at-15.20.55.jpeg 1600w\" sizes=\"auto, (max-width: 1024px) 100vw, 1024px\" \/><\/p>\n","protected":false},"excerpt":{"rendered":"<p>Els alumnes de l\u2019Aula d\u2019Acollida han enquestat l\u2019alumnat d\u2019ESO per saber quines lleng\u00fces maternes diferents del catal\u00e0 i el castell\u00e0 parlen les fam\u00edlies del Cabanyes. Han sortit 14 lleng\u00fces diferents. Voleu saber quines s\u00f3n?&hellip;  <a href=\"https:\/\/agora.xtec.cat\/iescabanyes\/general\/dia-internacional-de-la-llengua-materna\/\" title=\"Read Dia Internacional de la Llengua Materna\">Llegeix m\u00e9s\u00bb<\/a><\/p>\n","protected":false},"author":85,"featured_media":18290,"comment_status":"open","ping_status":"closed","sticky":false,"template":"","format":"standard","meta":{"_bbp_topic_count":0,"_bbp_reply_count":0,"_bbp_total_topic_count":0,"_bbp_total_reply_count":0,"_bbp_voice_count":0,"_bbp_anonymous_reply_count":0,"_bbp_topic_count_hidden":0,"_bbp_reply_count_hidden":0,"_bbp_forum_subforum_count":0,"footnotes":""},"categories":[1,29],"tags":[],"class_list":["post-18281","post","type-post","status-publish","format-standard","has-post-thumbnail","hentry","category-general","category-portada"],"post_mailing_queue_ids":[],"_links":{"self":[{"href":"https:\/\/agora.xtec.cat\/iescabanyes\/wp-json\/wp\/v2\/posts\/18281","targetHints":{"allow":["GET"]}}],"collection":[{"href":"https:\/\/agora.xtec.cat\/iescabanyes\/wp-json\/wp\/v2\/posts"}],"about":[{"href":"https:\/\/agora.xtec.cat\/iescabanyes\/wp-json\/wp\/v2\/types\/post"}],"author":[{"embeddable":true,"href":"https:\/\/agora.xtec.cat\/iescabanyes\/wp-json\/wp\/v2\/users\/85"}],"replies":[{"embeddable":true,"href":"https:\/\/agora.xtec.cat\/iescabanyes\/wp-json\/wp\/v2\/comments?post=18281"}],"version-history":[{"count":2,"href":"https:\/\/agora.xtec.cat\/iescabanyes\/wp-json\/wp\/v2\/posts\/18281\/revisions"}],"predecessor-version":[{"id":18292,"href":"https:\/\/agora.xtec.cat\/iescabanyes\/wp-json\/wp\/v2\/posts\/18281\/revisions\/18292"}],"wp:featuredmedia":[{"embeddable":true,"href":"https:\/\/agora.xtec.cat\/iescabanyes\/wp-json\/wp\/v2\/media\/18290"}],"wp:attachment":[{"href":"https:\/\/agora.xtec.cat\/iescabanyes\/wp-json\/wp\/v2\/media?parent=18281"}],"wp:term":[{"taxonomy":"category","embeddable":true,"href":"https:\/\/agora.xtec.cat\/iescabanyes\/wp-json\/wp\/v2\/categories?post=18281"},{"taxonomy":"post_tag","embeddable":true,"href":"https:\/\/agora.xtec.cat\/iescabanyes\/wp-json\/wp\/v2\/tags?post=18281"}],"curies":[{"name":"wp","href":"https:\/\/api.w.org\/{rel}","templated":true}]}}