{"id":8145,"date":"2026-03-14T07:44:42","date_gmt":"2026-03-14T06:44:42","guid":{"rendered":"https:\/\/agora.xtec.cat\/iesblume\/?p=8145"},"modified":"2026-03-14T07:44:42","modified_gmt":"2026-03-14T06:44:42","slug":"8-de-marc-dia-de-la-dona-2","status":"publish","type":"post","link":"https:\/\/agora.xtec.cat\/iesblume\/portada\/8-de-marc-dia-de-la-dona-2\/","title":{"rendered":"8 de mar\u00e7, dia de la dona"},"content":{"rendered":"<p><span style=\"font-weight: 400;\">El dia 8 de mar\u00e7 se celebra el dia internacional de la dona. Aquest dia, els carrers es tenyeixen de color lila, s\u00edmbol del feminisme. Us heu preguntat per qu\u00e8 utilitzem aquest color? D\u2019entre els diferents motius que hem trobat, us n\u2019expliquem dos.<\/span><\/p>\n<p><span style=\"font-weight: 400;\">El primer est\u00e0 relacionat amb les sufragistes angleses de principis del segle XX, que utilitzaven el lila, el blanc i el verd per representar dignitat i esperan\u00e7a; tot i que, finalment, el color que va guanyar va ser el lila.<\/span><\/p>\n<p><span style=\"font-weight: 400;\">El segon motiu fa refer\u00e8ncia a una llegenda que explica que el fum de l\u2019incendi de la f\u00e0brica Triangle Shirtwaist, on van morir 142 treballadores, era de color lila a causa dels teixits i del material de les peces de roba que confeccionaven.\u00a0<\/span><\/p>\n<p><span style=\"font-weight: 400;\">A 4t d\u2019ESO, a la mat\u00e8ria de llengua catalana, hem volgut celebrar aquest dia amb l\u2019elaboraci\u00f3 d\u2019un padlet col\u00b7laboratiu en qu\u00e8 cada membre de la classe ha penjat un target\u00f3 acompanyat d\u2019una foto amb un petit agra\u00efment a una dona que \u00e9s i ha estat clau en la seva vida.<\/span><\/p>\n<p><span style=\"font-weight: 400;\">A la mat\u00e8ria de Socials de 3r d\u2019ESO, en el marc de la commemoraci\u00f3 del dia de la dona, hem volgut posar de relleu la discriminaci\u00f3 que han patit moltes dones cient\u00edfiques, tal com recull la campanya #NomoreMatildas. Aquesta iniciativa pret\u00e9n acabar amb els estereotips i la percepci\u00f3 que t\u00e9 la societat sobre el fet que les nenes estan menys capacitades per estudiar i treballar en disciplines cient\u00edfiques i inspirar que ho facin. Vam acabar la sessi\u00f3 amb la presentaci\u00f3 de les aportacions de diverses dones cient\u00edfiques.<\/span><\/p>\n<p><a href=\"https:\/\/agora.xtec.cat\/iesblume\/wp-content\/uploads\/usu1242\/2026\/03\/Captura-de-pantalla-2026-03-07-a-les-19.44.08.jpg\"><img loading=\"lazy\" decoding=\"async\" class=\"size-full wp-image-8146 aligncenter\" src=\"https:\/\/agora.xtec.cat\/iesblume\/wp-content\/uploads\/usu1242\/2026\/03\/Captura-de-pantalla-2026-03-07-a-les-19.44.08.jpg\" alt=\"\" width=\"900\" height=\"448\" srcset=\"https:\/\/agora.xtec.cat\/iesblume\/wp-content\/uploads\/usu1242\/2026\/03\/Captura-de-pantalla-2026-03-07-a-les-19.44.08.jpg 900w, https:\/\/agora.xtec.cat\/iesblume\/wp-content\/uploads\/usu1242\/2026\/03\/Captura-de-pantalla-2026-03-07-a-les-19.44.08-300x149.jpg 300w, https:\/\/agora.xtec.cat\/iesblume\/wp-content\/uploads\/usu1242\/2026\/03\/Captura-de-pantalla-2026-03-07-a-les-19.44.08-768x382.jpg 768w\" sizes=\"auto, (max-width: 900px) 100vw, 900px\" \/><\/a><\/p>\n<p><a href=\"https:\/\/agora.xtec.cat\/iesblume\/wp-content\/uploads\/usu1242\/2026\/03\/no_more_matildas.jpg\"><img loading=\"lazy\" decoding=\"async\" class=\"size-full wp-image-8152 aligncenter\" src=\"https:\/\/agora.xtec.cat\/iesblume\/wp-content\/uploads\/usu1242\/2026\/03\/no_more_matildas.jpg\" alt=\"\" width=\"735\" height=\"370\" srcset=\"https:\/\/agora.xtec.cat\/iesblume\/wp-content\/uploads\/usu1242\/2026\/03\/no_more_matildas.jpg 735w, https:\/\/agora.xtec.cat\/iesblume\/wp-content\/uploads\/usu1242\/2026\/03\/no_more_matildas-300x151.jpg 300w\" sizes=\"auto, (max-width: 735px) 100vw, 735px\" \/><\/a><\/p>\n<p><a href=\"https:\/\/agora.xtec.cat\/iesblume\/wp-content\/uploads\/usu1242\/2026\/03\/Activitat_3r_1.jpg\"><img loading=\"lazy\" decoding=\"async\" class=\"size-full wp-image-8151 aligncenter\" src=\"https:\/\/agora.xtec.cat\/iesblume\/wp-content\/uploads\/usu1242\/2026\/03\/Activitat_3r_1.jpg\" alt=\"\" width=\"658\" height=\"436\" srcset=\"https:\/\/agora.xtec.cat\/iesblume\/wp-content\/uploads\/usu1242\/2026\/03\/Activitat_3r_1.jpg 658w, https:\/\/agora.xtec.cat\/iesblume\/wp-content\/uploads\/usu1242\/2026\/03\/Activitat_3r_1-300x199.jpg 300w\" sizes=\"auto, (max-width: 658px) 100vw, 658px\" \/><\/a><\/p>\n<p><a href=\"https:\/\/agora.xtec.cat\/iesblume\/wp-content\/uploads\/usu1242\/2026\/03\/Activitat_3r_2.jpg\"><img loading=\"lazy\" decoding=\"async\" class=\"size-full wp-image-8150 aligncenter\" src=\"https:\/\/agora.xtec.cat\/iesblume\/wp-content\/uploads\/usu1242\/2026\/03\/Activitat_3r_2.jpg\" alt=\"\" width=\"865\" height=\"435\" srcset=\"https:\/\/agora.xtec.cat\/iesblume\/wp-content\/uploads\/usu1242\/2026\/03\/Activitat_3r_2.jpg 865w, https:\/\/agora.xtec.cat\/iesblume\/wp-content\/uploads\/usu1242\/2026\/03\/Activitat_3r_2-300x151.jpg 300w, https:\/\/agora.xtec.cat\/iesblume\/wp-content\/uploads\/usu1242\/2026\/03\/Activitat_3r_2-768x386.jpg 768w\" sizes=\"auto, (max-width: 865px) 100vw, 865px\" \/><\/a><\/p>\n","protected":false},"excerpt":{"rendered":"<p>El dia 8 de mar\u00e7 se celebra el dia internacional de la dona. Aquest dia, els carrers es tenyeixen de color lila, s\u00edmbol del feminisme. Us heu preguntat per qu\u00e8 utilitzem aquest color? D\u2019entre els diferents motius que hem trobat, us n\u2019expliquem dos. El primer est\u00e0 relacionat amb les sufragistes angleses de principis del segle [&hellip;]<\/p>\n","protected":false},"author":1,"featured_media":8152,"comment_status":"closed","ping_status":"closed","sticky":false,"template":"","format":"standard","meta":{"_bbp_topic_count":0,"_bbp_reply_count":0,"_bbp_total_topic_count":0,"_bbp_total_reply_count":0,"_bbp_voice_count":0,"_bbp_anonymous_reply_count":0,"_bbp_topic_count_hidden":0,"_bbp_reply_count_hidden":0,"_bbp_forum_subforum_count":0,"site-sidebar-layout":"default","site-content-layout":"","ast-site-content-layout":"default","site-content-style":"default","site-sidebar-style":"default","ast-global-header-display":"","ast-banner-title-visibility":"","ast-main-header-display":"","ast-hfb-above-header-display":"","ast-hfb-below-header-display":"","ast-hfb-mobile-header-display":"","site-post-title":"","ast-breadcrumbs-content":"","ast-featured-img":"","footer-sml-layout":"","theme-transparent-header-meta":"default","adv-header-id-meta":"","stick-header-meta":"","header-above-stick-meta":"","header-main-stick-meta":"","header-below-stick-meta":"","astra-migrate-meta-layouts":"set","ast-page-background-enabled":"default","ast-page-background-meta":{"desktop":{"background-color":"var(--ast-global-color-4)","background-image":"","background-repeat":"repeat","background-position":"center center","background-size":"auto","background-attachment":"scroll","background-type":"","background-media":"","overlay-type":"","overlay-color":"","overlay-opacity":"","overlay-gradient":""},"tablet":{"background-color":"","background-image":"","background-repeat":"repeat","background-position":"center center","background-size":"auto","background-attachment":"scroll","background-type":"","background-media":"","overlay-type":"","overlay-color":"","overlay-opacity":"","overlay-gradient":""},"mobile":{"background-color":"","background-image":"","background-repeat":"repeat","background-position":"center center","background-size":"auto","background-attachment":"scroll","background-type":"","background-media":"","overlay-type":"","overlay-color":"","overlay-opacity":"","overlay-gradient":""}},"ast-content-background-meta":{"desktop":{"background-color":"var(--ast-global-color-5)","background-image":"","background-repeat":"repeat","background-position":"center center","background-size":"auto","background-attachment":"scroll","background-type":"","background-media":"","overlay-type":"","overlay-color":"","overlay-opacity":"","overlay-gradient":""},"tablet":{"background-color":"var(--ast-global-color-5)","background-image":"","background-repeat":"repeat","background-position":"center center","background-size":"auto","background-attachment":"scroll","background-type":"","background-media":"","overlay-type":"","overlay-color":"","overlay-opacity":"","overlay-gradient":""},"mobile":{"background-color":"var(--ast-global-color-5)","background-image":"","background-repeat":"repeat","background-position":"center center","background-size":"auto","background-attachment":"scroll","background-type":"","background-media":"","overlay-type":"","overlay-color":"","overlay-opacity":"","overlay-gradient":""}},"footnotes":""},"categories":[29],"tags":[],"class_list":["post-8145","post","type-post","status-publish","format-standard","has-post-thumbnail","hentry","category-portada"],"post_mailing_queue_ids":[],"_links":{"self":[{"href":"https:\/\/agora.xtec.cat\/iesblume\/wp-json\/wp\/v2\/posts\/8145","targetHints":{"allow":["GET"]}}],"collection":[{"href":"https:\/\/agora.xtec.cat\/iesblume\/wp-json\/wp\/v2\/posts"}],"about":[{"href":"https:\/\/agora.xtec.cat\/iesblume\/wp-json\/wp\/v2\/types\/post"}],"author":[{"embeddable":true,"href":"https:\/\/agora.xtec.cat\/iesblume\/wp-json\/wp\/v2\/users\/1"}],"replies":[{"embeddable":true,"href":"https:\/\/agora.xtec.cat\/iesblume\/wp-json\/wp\/v2\/comments?post=8145"}],"version-history":[{"count":2,"href":"https:\/\/agora.xtec.cat\/iesblume\/wp-json\/wp\/v2\/posts\/8145\/revisions"}],"predecessor-version":[{"id":8153,"href":"https:\/\/agora.xtec.cat\/iesblume\/wp-json\/wp\/v2\/posts\/8145\/revisions\/8153"}],"wp:featuredmedia":[{"embeddable":true,"href":"https:\/\/agora.xtec.cat\/iesblume\/wp-json\/wp\/v2\/media\/8152"}],"wp:attachment":[{"href":"https:\/\/agora.xtec.cat\/iesblume\/wp-json\/wp\/v2\/media?parent=8145"}],"wp:term":[{"taxonomy":"category","embeddable":true,"href":"https:\/\/agora.xtec.cat\/iesblume\/wp-json\/wp\/v2\/categories?post=8145"},{"taxonomy":"post_tag","embeddable":true,"href":"https:\/\/agora.xtec.cat\/iesblume\/wp-json\/wp\/v2\/tags?post=8145"}],"curies":[{"name":"wp","href":"https:\/\/api.w.org\/{rel}","templated":true}]}}