{"id":8125,"date":"2026-03-05T09:40:50","date_gmt":"2026-03-05T08:40:50","guid":{"rendered":"https:\/\/agora.xtec.cat\/iesblume\/?p=8125"},"modified":"2026-03-05T09:40:50","modified_gmt":"2026-03-05T08:40:50","slug":"visita-als-panells-solars-de-la-residencia-blume","status":"publish","type":"post","link":"https:\/\/agora.xtec.cat\/iesblume\/portada\/visita-als-panells-solars-de-la-residencia-blume\/","title":{"rendered":"Visita als panells solars de la resid\u00e8ncia Blume"},"content":{"rendered":"<p><span style=\"font-weight: 400;\">En el marc de la Setmana Cultural, l\u2019alumnat de 3r d\u2019ESO va visitar els panells solars de la resid\u00e8ncia Joaquim Blume amb l\u2019objectiu d\u2019aprofundir en l\u2019estudi i la potencialitat de les energies renovables, recollides en l\u2019ODS 7, i dins de la mat\u00e8ria de Socials.<\/span><\/p>\n<p><span style=\"font-weight: 400;\">La visita va anar a c\u00e0rrec d\u2019en Mari\u00e0 Bordas, cap del Servei d\u2019Equipaments Esportius del Consell Catal\u00e0 de l\u2019Esport. Primerament ens va focalitzar per qu\u00e8 les energies renovables s\u00f3n clau per avan\u00e7ar cap a un model m\u00e9s sostenible, per passar a continuaci\u00f3 a la coberta de la resid\u00e8ncia, on vam observar els captadors solars que permeten produir aigua calenta sanit\u00e0ria per \u00fas intern. La instal\u00b7laci\u00f3 compta amb 16 captadors, distribu\u00efts en quatre grups i connectats entre si. Aquests captadors recullen l\u2019energia del sol i la transfereixen a l\u2019aigua. La finalitat de la instal\u00b7laci\u00f3 \u00e9s aconseguir una reducci\u00f3 del consum de gas natural a les calderes existents a la resid\u00e8ncia, mitjan\u00e7ant un preescalfament de l\u2019aigua freda de la xarxa abans de l\u2019entrada al sistema actual de preparaci\u00f3 de l\u2019aigua calenta.<\/span><\/p>\n<p><span style=\"font-weight: 400;\">La darrera parada va ser al soterrani de la resid\u00e8ncia, on hi ha la Sala de M\u00e0quines. All\u00ed vam copsar els dos dip\u00f2sits on s\u2019emmagatzema l\u2019aigua. En un s\u2019hi acumula l\u2019aigua escalfada pels captadors solars, i l\u2019altre rep el suport de la caldera de gas natural, que complementa el sistema quan cal.<\/span><\/p>\n<p><span style=\"font-weight: 400;\">Amb aquesta visita l\u2019alumnat va prendre consci\u00e8ncia que l\u2019energia renovable \u00e9s una font d\u2019energia il\u00b7limitada, \u00e9s la font d\u2019energia m\u00e9s neta i ajuda a no incrementar l\u2019escalfament global.<\/span><\/p>\n<p><a href=\"https:\/\/agora.xtec.cat\/iesblume\/wp-content\/uploads\/usu1242\/2026\/03\/panells_1.jpg\"><img loading=\"lazy\" decoding=\"async\" class=\"size-full wp-image-8124 aligncenter\" src=\"https:\/\/agora.xtec.cat\/iesblume\/wp-content\/uploads\/usu1242\/2026\/03\/panells_1.jpg\" alt=\"\" width=\"896\" height=\"580\" srcset=\"https:\/\/agora.xtec.cat\/iesblume\/wp-content\/uploads\/usu1242\/2026\/03\/panells_1.jpg 896w, https:\/\/agora.xtec.cat\/iesblume\/wp-content\/uploads\/usu1242\/2026\/03\/panells_1-300x194.jpg 300w, https:\/\/agora.xtec.cat\/iesblume\/wp-content\/uploads\/usu1242\/2026\/03\/panells_1-768x497.jpg 768w\" sizes=\"auto, (max-width: 896px) 100vw, 896px\" \/><\/a><\/p>\n<p><a href=\"https:\/\/agora.xtec.cat\/iesblume\/wp-content\/uploads\/usu1242\/2026\/03\/panells_2.jpg\"><img loading=\"lazy\" decoding=\"async\" class=\"size-full wp-image-8123 aligncenter\" src=\"https:\/\/agora.xtec.cat\/iesblume\/wp-content\/uploads\/usu1242\/2026\/03\/panells_2.jpg\" alt=\"\" width=\"900\" height=\"629\" srcset=\"https:\/\/agora.xtec.cat\/iesblume\/wp-content\/uploads\/usu1242\/2026\/03\/panells_2.jpg 900w, https:\/\/agora.xtec.cat\/iesblume\/wp-content\/uploads\/usu1242\/2026\/03\/panells_2-300x210.jpg 300w, https:\/\/agora.xtec.cat\/iesblume\/wp-content\/uploads\/usu1242\/2026\/03\/panells_2-768x537.jpg 768w\" sizes=\"auto, (max-width: 900px) 100vw, 900px\" \/><\/a><\/p>\n","protected":false},"excerpt":{"rendered":"<p>En el marc de la Setmana Cultural, l\u2019alumnat de 3r d\u2019ESO va visitar els panells solars de la resid\u00e8ncia Joaquim Blume amb l\u2019objectiu d\u2019aprofundir en l\u2019estudi i la potencialitat de les energies renovables, recollides en l\u2019ODS 7, i dins de la mat\u00e8ria de Socials. La visita va anar a c\u00e0rrec d\u2019en Mari\u00e0 Bordas, cap del [&hellip;]<\/p>\n","protected":false},"author":1,"featured_media":8124,"comment_status":"closed","ping_status":"closed","sticky":false,"template":"","format":"standard","meta":{"_bbp_topic_count":0,"_bbp_reply_count":0,"_bbp_total_topic_count":0,"_bbp_total_reply_count":0,"_bbp_voice_count":0,"_bbp_anonymous_reply_count":0,"_bbp_topic_count_hidden":0,"_bbp_reply_count_hidden":0,"_bbp_forum_subforum_count":0,"site-sidebar-layout":"default","site-content-layout":"","ast-site-content-layout":"default","site-content-style":"default","site-sidebar-style":"default","ast-global-header-display":"","ast-banner-title-visibility":"","ast-main-header-display":"","ast-hfb-above-header-display":"","ast-hfb-below-header-display":"","ast-hfb-mobile-header-display":"","site-post-title":"","ast-breadcrumbs-content":"","ast-featured-img":"","footer-sml-layout":"","theme-transparent-header-meta":"default","adv-header-id-meta":"","stick-header-meta":"","header-above-stick-meta":"","header-main-stick-meta":"","header-below-stick-meta":"","astra-migrate-meta-layouts":"set","ast-page-background-enabled":"default","ast-page-background-meta":{"desktop":{"background-color":"var(--ast-global-color-4)","background-image":"","background-repeat":"repeat","background-position":"center center","background-size":"auto","background-attachment":"scroll","background-type":"","background-media":"","overlay-type":"","overlay-color":"","overlay-opacity":"","overlay-gradient":""},"tablet":{"background-color":"","background-image":"","background-repeat":"repeat","background-position":"center center","background-size":"auto","background-attachment":"scroll","background-type":"","background-media":"","overlay-type":"","overlay-color":"","overlay-opacity":"","overlay-gradient":""},"mobile":{"background-color":"","background-image":"","background-repeat":"repeat","background-position":"center center","background-size":"auto","background-attachment":"scroll","background-type":"","background-media":"","overlay-type":"","overlay-color":"","overlay-opacity":"","overlay-gradient":""}},"ast-content-background-meta":{"desktop":{"background-color":"var(--ast-global-color-5)","background-image":"","background-repeat":"repeat","background-position":"center center","background-size":"auto","background-attachment":"scroll","background-type":"","background-media":"","overlay-type":"","overlay-color":"","overlay-opacity":"","overlay-gradient":""},"tablet":{"background-color":"var(--ast-global-color-5)","background-image":"","background-repeat":"repeat","background-position":"center center","background-size":"auto","background-attachment":"scroll","background-type":"","background-media":"","overlay-type":"","overlay-color":"","overlay-opacity":"","overlay-gradient":""},"mobile":{"background-color":"var(--ast-global-color-5)","background-image":"","background-repeat":"repeat","background-position":"center center","background-size":"auto","background-attachment":"scroll","background-type":"","background-media":"","overlay-type":"","overlay-color":"","overlay-opacity":"","overlay-gradient":""}},"footnotes":""},"categories":[29],"tags":[],"class_list":["post-8125","post","type-post","status-publish","format-standard","has-post-thumbnail","hentry","category-portada"],"post_mailing_queue_ids":[],"_links":{"self":[{"href":"https:\/\/agora.xtec.cat\/iesblume\/wp-json\/wp\/v2\/posts\/8125","targetHints":{"allow":["GET"]}}],"collection":[{"href":"https:\/\/agora.xtec.cat\/iesblume\/wp-json\/wp\/v2\/posts"}],"about":[{"href":"https:\/\/agora.xtec.cat\/iesblume\/wp-json\/wp\/v2\/types\/post"}],"author":[{"embeddable":true,"href":"https:\/\/agora.xtec.cat\/iesblume\/wp-json\/wp\/v2\/users\/1"}],"replies":[{"embeddable":true,"href":"https:\/\/agora.xtec.cat\/iesblume\/wp-json\/wp\/v2\/comments?post=8125"}],"version-history":[{"count":1,"href":"https:\/\/agora.xtec.cat\/iesblume\/wp-json\/wp\/v2\/posts\/8125\/revisions"}],"predecessor-version":[{"id":8126,"href":"https:\/\/agora.xtec.cat\/iesblume\/wp-json\/wp\/v2\/posts\/8125\/revisions\/8126"}],"wp:featuredmedia":[{"embeddable":true,"href":"https:\/\/agora.xtec.cat\/iesblume\/wp-json\/wp\/v2\/media\/8124"}],"wp:attachment":[{"href":"https:\/\/agora.xtec.cat\/iesblume\/wp-json\/wp\/v2\/media?parent=8125"}],"wp:term":[{"taxonomy":"category","embeddable":true,"href":"https:\/\/agora.xtec.cat\/iesblume\/wp-json\/wp\/v2\/categories?post=8125"},{"taxonomy":"post_tag","embeddable":true,"href":"https:\/\/agora.xtec.cat\/iesblume\/wp-json\/wp\/v2\/tags?post=8125"}],"curies":[{"name":"wp","href":"https:\/\/api.w.org\/{rel}","templated":true}]}}