{"id":8860,"date":"2022-12-02T16:33:57","date_gmt":"2022-12-02T15:33:57","guid":{"rendered":"https:\/\/agora.xtec.cat\/iesbernatmetge\/?p=8860"},"modified":"2022-12-02T16:37:29","modified_gmt":"2022-12-02T15:37:29","slug":"constitucio-del-consell-de-delegats-i-delegades","status":"publish","type":"post","link":"https:\/\/agora.xtec.cat\/iesbernatmetge\/eso\/constitucio-del-consell-de-delegats-i-delegades\/","title":{"rendered":"Constituci\u00f3 del Consell de delegats i delegades"},"content":{"rendered":"<p>El dijous 1 de desembre es va celebrar la sessi\u00f3 de constituci\u00f3 del Consell de delegats i delegades de l&#8217;institut Bernat Metge, format per totes les persones que exerceixen aquestes funcions, aix\u00ed com les representants de l&#8217;alumnat al Consell Escolar. El consell es reunir\u00e0 de manera ordin\u00e0ria amb una freq\u00fc\u00e8ncia mensual i en base a un calendari acordat pels seus membres.<\/p>\n<p>Un dels objectius de l&#8217;equip directiu per aquest curs \u00e9s enfortir el paper de l&#8217;alumnat en la vida del centre, ja sigui a l&#8217;hora de fer propostes, col\u00b7laborar en activitats o promoure-les, i el consell hauria d&#8217;esdevenir un espai que facilit\u00e9s aquestes din\u00e0miques.<\/p>\n<p><img loading=\"lazy\" decoding=\"async\" class=\" wp-image-8861 aligncenter\" src=\"https:\/\/agora.xtec.cat\/iesbernatmetge\/wp-content\/uploads\/usu327\/2022\/12\/ConsellDelegats2-300x200.jpg\" alt=\"\" width=\"407\" height=\"271\" srcset=\"https:\/\/agora.xtec.cat\/iesbernatmetge\/wp-content\/uploads\/usu327\/2022\/12\/ConsellDelegats2-300x200.jpg 300w, https:\/\/agora.xtec.cat\/iesbernatmetge\/wp-content\/uploads\/usu327\/2022\/12\/ConsellDelegats2-768x512.jpg 768w, https:\/\/agora.xtec.cat\/iesbernatmetge\/wp-content\/uploads\/usu327\/2022\/12\/ConsellDelegats2.jpg 960w\" sizes=\"auto, (max-width: 407px) 100vw, 407px\" \/><\/p>\n","protected":false},"excerpt":{"rendered":"<p>El dijous 1 de desembre es va celebrar la sessi\u00f3 de constituci\u00f3 del Consell de delegats i delegades de l&#8217;institut Bernat Metge, format per totes les persones que exerceixen aquestes funcions, aix\u00ed com les representants de l&#8217;alumnat al Consell Escolar. El consell es reunir\u00e0 de&hellip;  <a href=\"https:\/\/agora.xtec.cat\/iesbernatmetge\/eso\/constitucio-del-consell-de-delegats-i-delegades\/\" title=\"Read Constituci\u00f3 del Consell de delegats i delegades\">Llegeix m\u00e9s\u00bb<\/a><\/p>\n","protected":false},"author":130,"featured_media":8861,"comment_status":"closed","ping_status":"closed","sticky":false,"template":"","format":"standard","meta":{"_bbp_topic_count":0,"_bbp_reply_count":0,"_bbp_total_topic_count":0,"_bbp_total_reply_count":0,"_bbp_voice_count":0,"_bbp_anonymous_reply_count":0,"_bbp_topic_count_hidden":0,"_bbp_reply_count_hidden":0,"_bbp_forum_subforum_count":0,"footnotes":""},"categories":[4,9,10,5,14,15,6,19,20,21,7,24,25,26,106,8,203,105,114,3,29,99],"tags":[333,332,128,149],"class_list":["post-8860","post","type-post","status-publish","format-standard","has-post-thumbnail","hentry","category-eso-1","category-eso-1a","category-eso-1b","category-eso-2","category-eso-2a","category-eso-2b","category-eso-3","category-eso-3a","category-eso-3b","category-eso-3c","category-eso-4","category-eso-4a","category-eso-4b","category-eso-4c","category-actualitat","category-batxillerat","category-decidim","category-activitats","category-activitats-escolars","category-eso","category-portada","category-projectesprogrames","tag-alumnat","tag-consell","tag-consell-escolar","tag-participacio"],"post_mailing_queue_ids":[],"_links":{"self":[{"href":"https:\/\/agora.xtec.cat\/iesbernatmetge\/wp-json\/wp\/v2\/posts\/8860","targetHints":{"allow":["GET"]}}],"collection":[{"href":"https:\/\/agora.xtec.cat\/iesbernatmetge\/wp-json\/wp\/v2\/posts"}],"about":[{"href":"https:\/\/agora.xtec.cat\/iesbernatmetge\/wp-json\/wp\/v2\/types\/post"}],"author":[{"embeddable":true,"href":"https:\/\/agora.xtec.cat\/iesbernatmetge\/wp-json\/wp\/v2\/users\/130"}],"replies":[{"embeddable":true,"href":"https:\/\/agora.xtec.cat\/iesbernatmetge\/wp-json\/wp\/v2\/comments?post=8860"}],"version-history":[{"count":2,"href":"https:\/\/agora.xtec.cat\/iesbernatmetge\/wp-json\/wp\/v2\/posts\/8860\/revisions"}],"predecessor-version":[{"id":8863,"href":"https:\/\/agora.xtec.cat\/iesbernatmetge\/wp-json\/wp\/v2\/posts\/8860\/revisions\/8863"}],"wp:featuredmedia":[{"embeddable":true,"href":"https:\/\/agora.xtec.cat\/iesbernatmetge\/wp-json\/wp\/v2\/media\/8861"}],"wp:attachment":[{"href":"https:\/\/agora.xtec.cat\/iesbernatmetge\/wp-json\/wp\/v2\/media?parent=8860"}],"wp:term":[{"taxonomy":"category","embeddable":true,"href":"https:\/\/agora.xtec.cat\/iesbernatmetge\/wp-json\/wp\/v2\/categories?post=8860"},{"taxonomy":"post_tag","embeddable":true,"href":"https:\/\/agora.xtec.cat\/iesbernatmetge\/wp-json\/wp\/v2\/tags?post=8860"}],"curies":[{"name":"wp","href":"https:\/\/api.w.org\/{rel}","templated":true}]}}