{"id":8404,"date":"2022-05-02T19:04:06","date_gmt":"2022-05-02T17:04:06","guid":{"rendered":"https:\/\/agora.xtec.cat\/iesbernatmetge\/?p=8404"},"modified":"2022-05-02T19:22:47","modified_gmt":"2022-05-02T17:22:47","slug":"votacio-popular-concurs-jo-tinc-la-paraula","status":"publish","type":"post","link":"https:\/\/agora.xtec.cat\/iesbernatmetge\/eso\/votacio-popular-concurs-jo-tinc-la-paraula\/","title":{"rendered":"Votaci\u00f3 popular concurs &#8220;Jo tinc la paraula&#8221;"},"content":{"rendered":"<p>Hi ha companys i companyes de 2n d&#8217;ESO A que necessiten del vostre suport a la votaci\u00f3 popular de la segona edici\u00f3 del concurs #JOTINCLAPARAULA. En aquest concurs hi participen m\u00e9s de tres-cents v\u00eddeos, en les quatre categories, que podeu visualitzar al canal de Youtube: <a href=\"https:\/\/www.youtube.com\/channel\/UCi54GZKZn3evP4dHenUgakQ\/playlists?app=desktop\" target=\"_blank\" rel=\"noopener\">Tenim la paraula<\/a>.<\/p>\n<p>La votaci\u00f3 popular es podr\u00e0 dur a terme fins al <strong>divendres 6 de maig a les 12 h<\/strong>.<\/p>\n<p>Els ajudeu a aconseguir <em>likes<\/em>?<\/p>\n<p><strong><span class=\"_7UhW9 xLCgt MMzan KV-D4 se6yk T0kll \">Clic clic &#8211; Adaptar-se al context (Paula Antonio Bermejo)<\/span><\/strong><\/p>\n<p><iframe loading=\"lazy\" title=\"YouTube video player\" src=\"https:\/\/www.youtube.com\/embed\/Gtzb3y2BOn4\" width=\"560\" height=\"315\" frameborder=\"0\" allowfullscreen=\"allowfullscreen\"><\/iframe><\/p>\n<p><strong><span class=\"_7UhW9 xLCgt MMzan KV-D4 se6yk T0kll \">Tants caps tants barrets &#8211; El di\u00e0leg (Izan Riesco de la Cruz i \u00c1ngel Jair Mac\u00edas Mu\u00f1oz)<\/span><\/strong><\/p>\n<p><iframe loading=\"lazy\" title=\"YouTube video player\" src=\"https:\/\/www.youtube.com\/embed\/z1XxZqgFbeg\" width=\"560\" height=\"315\" frameborder=\"0\" allowfullscreen=\"allowfullscreen\"><\/iframe><\/p>\n<p><strong><span class=\"_7UhW9 xLCgt MMzan KV-D4 se6yk T0kll \">Que ve el llop &#8211; La por de parlar en p\u00fablic (Jingyang Lin)<\/span><\/strong><\/p>\n<p><iframe loading=\"lazy\" title=\"YouTube video player\" src=\"https:\/\/www.youtube.com\/embed\/HzQcIYgWq5s\" width=\"560\" height=\"315\" frameborder=\"0\" allowfullscreen=\"allowfullscreen\"><\/iframe><\/p>\n<div>\n<div dir=\"ltr\" data-smartmail=\"gmail_signature\">\n<div dir=\"ltr\">\n<div><\/div>\n<\/div>\n<\/div>\n<\/div>\n","protected":false},"excerpt":{"rendered":"<p>Hi ha companys i companyes de 2n d&#8217;ESO A que necessiten del vostre suport a la votaci\u00f3 popular de la segona edici\u00f3 del concurs #JOTINCLAPARAULA. En aquest concurs hi participen m\u00e9s de tres-cents v\u00eddeos, en les quatre categories, que podeu visualitzar al canal de Youtube:&hellip;  <a href=\"https:\/\/agora.xtec.cat\/iesbernatmetge\/eso\/votacio-popular-concurs-jo-tinc-la-paraula\/\" title=\"Read Votaci\u00f3 popular concurs &#8220;Jo tinc la paraula&#8221;\">Llegeix m\u00e9s\u00bb<\/a><\/p>\n","protected":false},"author":130,"featured_media":8409,"comment_status":"closed","ping_status":"closed","sticky":false,"template":"","format":"standard","meta":{"_bbp_topic_count":0,"_bbp_reply_count":0,"_bbp_total_topic_count":0,"_bbp_total_reply_count":0,"_bbp_voice_count":0,"_bbp_anonymous_reply_count":0,"_bbp_topic_count_hidden":0,"_bbp_reply_count_hidden":0,"_bbp_forum_subforum_count":0,"footnotes":""},"categories":[4,5,14,15,16,6,7,106,8,105,114,3,29],"tags":[133,207,290],"class_list":["post-8404","post","type-post","status-publish","format-standard","has-post-thumbnail","hentry","category-eso-1","category-eso-2","category-eso-2a","category-eso-2b","category-eso-2c","category-eso-3","category-eso-4","category-actualitat","category-batxillerat","category-activitats","category-activitats-escolars","category-eso","category-portada","tag-comunicacio","tag-concurs","tag-llengua"],"post_mailing_queue_ids":[],"_links":{"self":[{"href":"https:\/\/agora.xtec.cat\/iesbernatmetge\/wp-json\/wp\/v2\/posts\/8404","targetHints":{"allow":["GET"]}}],"collection":[{"href":"https:\/\/agora.xtec.cat\/iesbernatmetge\/wp-json\/wp\/v2\/posts"}],"about":[{"href":"https:\/\/agora.xtec.cat\/iesbernatmetge\/wp-json\/wp\/v2\/types\/post"}],"author":[{"embeddable":true,"href":"https:\/\/agora.xtec.cat\/iesbernatmetge\/wp-json\/wp\/v2\/users\/130"}],"replies":[{"embeddable":true,"href":"https:\/\/agora.xtec.cat\/iesbernatmetge\/wp-json\/wp\/v2\/comments?post=8404"}],"version-history":[{"count":3,"href":"https:\/\/agora.xtec.cat\/iesbernatmetge\/wp-json\/wp\/v2\/posts\/8404\/revisions"}],"predecessor-version":[{"id":8410,"href":"https:\/\/agora.xtec.cat\/iesbernatmetge\/wp-json\/wp\/v2\/posts\/8404\/revisions\/8410"}],"wp:featuredmedia":[{"embeddable":true,"href":"https:\/\/agora.xtec.cat\/iesbernatmetge\/wp-json\/wp\/v2\/media\/8409"}],"wp:attachment":[{"href":"https:\/\/agora.xtec.cat\/iesbernatmetge\/wp-json\/wp\/v2\/media?parent=8404"}],"wp:term":[{"taxonomy":"category","embeddable":true,"href":"https:\/\/agora.xtec.cat\/iesbernatmetge\/wp-json\/wp\/v2\/categories?post=8404"},{"taxonomy":"post_tag","embeddable":true,"href":"https:\/\/agora.xtec.cat\/iesbernatmetge\/wp-json\/wp\/v2\/tags?post=8404"}],"curies":[{"name":"wp","href":"https:\/\/api.w.org\/{rel}","templated":true}]}}