{"id":14482,"date":"2026-09-02T09:15:37","date_gmt":"2026-09-02T07:15:37","guid":{"rendered":"https:\/\/agora.xtec.cat\/iesbde\/?p=14482"},"modified":"2026-09-03T13:18:22","modified_gmt":"2026-09-03T11:18:22","slug":"cicles-formatius-cua-virtual-per-a-la-matricula-de-setembre","status":"publish","type":"post","link":"https:\/\/agora.xtec.cat\/iesbde\/general\/cicles-formatius-cua-virtual-per-a-la-matricula-de-setembre\/","title":{"rendered":"Cicles Formatius: Cua virtual per a la matr\u00edcula de setembre"},"content":{"rendered":"<h3>Cua virtual per a la matr\u00edcula de setembre<\/h3>\n<p class=\"isSelectedEnd\">Si est\u00e0s interessat\/da en una <strong>pla\u00e7a vacant de Formaci\u00f3 Professional<\/strong> per al mes de setembre, haur\u00e0s d\u2019accedir\u00a0a l\u2019enlla\u00e7 de la <strong>cua virtual (torn en l\u00ednia) que teniu a continuaci\u00f3: <a href=\"https:\/\/aplicacions.gestioeducativa.gencat.cat\/ords\/pls\/apex\/f?p=20160079072543618:650:::NO:650:P650_CENTRE:4E05BB2C031FB6C942B9AA3094E87D5B91B56633961D31E3\" target=\"_blank\" rel=\"noopener\">ENLLA\u00c7 A LA CUA VIRTUAL<\/a><\/strong><\/p>\n<p class=\"isSelectedEnd\"><strong>Qu\u00e8 has de fer?<\/strong><\/p>\n<ol start=\"1\" data-spread=\"false\">\n<li>Accedeix a l\u2019enlla\u00e7 de la cua virtual del centre.<\/li>\n<li>Introdueix les teves dades personals i de contacte.<\/li>\n<li>El sistema et donar\u00e0 un <strong>n\u00famero de torn<\/strong>.<\/li>\n<li>El centre contactar\u00e0 amb tu <strong>seguint estrictament l\u2019ordre de la cua<\/strong>.<\/li>\n<\/ol>\n<p class=\"isSelectedEnd\">\u26a0\ufe0f <strong>Important:<\/strong> estar en una determinada posici\u00f3 de la cua <strong>no garanteix una pla\u00e7a<\/strong> en un cicle concret. La disponibilitat dependr\u00e0 de les vacants existents en el moment que el centre t\u2019atengui.<\/p>\n<p>\ud83d\udcc5 <span style=\"text-decoration: underline;\">La cua virtual estar\u00e0 activa el <strong>7 de setembre de 2026 de 9.00 a 23.59h<\/strong>.<\/span><\/p>\n","protected":false},"excerpt":{"rendered":"<p>Cua virtual per a la matr\u00edcula de setembre<br \/>\nSi est\u00e0s interessat\/da en una pla\u00e7a vacant de Formaci\u00f3 Professional per al mes de setembre, haur\u00e0s d\u2019accedir\u00a0a l\u2019enlla\u00e7 de la cua virtual (torn en l\u00ednia) que teniu a continuaci\u00f3: <a href=\"https:\/\/aplicacions.gestioeducativa.gencat.cat\/ords\/pls\/apex\/f?p=20160079072543618:650:::NO:650:P650_CENTRE:4E05BB2C031FB6C942B9AA3094E87D5B91B56633961D31E3\" target=\"_blank\" rel=\"noopener\">ENLLA\u00c7 A LA CUA VIRTUAL<\/a><br \/>\nQu\u00e8 has&hellip;  <a href=\"https:\/\/agora.xtec.cat\/iesbde\/general\/cicles-formatius-cua-virtual-per-a-la-matricula-de-setembre\/\" title=\"Read Cicles Formatius: Cua virtual per a la matr\u00edcula de setembre\">Llegeix m\u00e9s\u00bb<\/a><\/p>\n","protected":false},"author":118,"featured_media":14483,"comment_status":"open","ping_status":"open","sticky":false,"template":"","format":"standard","meta":{"footnotes":""},"categories":[1,29],"tags":[],"class_list":["post-14482","post","type-post","status-publish","format-standard","has-post-thumbnail","hentry","category-general","category-portada"],"post_mailing_queue_ids":[],"_links":{"self":[{"href":"https:\/\/agora.xtec.cat\/iesbde\/wp-json\/wp\/v2\/posts\/14482","targetHints":{"allow":["GET"]}}],"collection":[{"href":"https:\/\/agora.xtec.cat\/iesbde\/wp-json\/wp\/v2\/posts"}],"about":[{"href":"https:\/\/agora.xtec.cat\/iesbde\/wp-json\/wp\/v2\/types\/post"}],"author":[{"embeddable":true,"href":"https:\/\/agora.xtec.cat\/iesbde\/wp-json\/wp\/v2\/users\/118"}],"replies":[{"embeddable":true,"href":"https:\/\/agora.xtec.cat\/iesbde\/wp-json\/wp\/v2\/comments?post=14482"}],"version-history":[{"count":5,"href":"https:\/\/agora.xtec.cat\/iesbde\/wp-json\/wp\/v2\/posts\/14482\/revisions"}],"predecessor-version":[{"id":14497,"href":"https:\/\/agora.xtec.cat\/iesbde\/wp-json\/wp\/v2\/posts\/14482\/revisions\/14497"}],"wp:featuredmedia":[{"embeddable":true,"href":"https:\/\/agora.xtec.cat\/iesbde\/wp-json\/wp\/v2\/media\/14483"}],"wp:attachment":[{"href":"https:\/\/agora.xtec.cat\/iesbde\/wp-json\/wp\/v2\/media?parent=14482"}],"wp:term":[{"taxonomy":"category","embeddable":true,"href":"https:\/\/agora.xtec.cat\/iesbde\/wp-json\/wp\/v2\/categories?post=14482"},{"taxonomy":"post_tag","embeddable":true,"href":"https:\/\/agora.xtec.cat\/iesbde\/wp-json\/wp\/v2\/tags?post=14482"}],"curies":[{"name":"wp","href":"https:\/\/api.w.org\/{rel}","templated":true}]}}