{"id":14291,"date":"2026-04-27T09:27:26","date_gmt":"2026-04-27T07:27:26","guid":{"rendered":"https:\/\/agora.xtec.cat\/iesbde\/?p=14291"},"modified":"2026-04-27T09:29:48","modified_gmt":"2026-04-27T07:29:48","slug":"tres-dies-de-cultura-historia-i-art-a-franca","status":"publish","type":"post","link":"https:\/\/agora.xtec.cat\/iesbde\/general\/tres-dies-de-cultura-historia-i-art-a-franca\/","title":{"rendered":"Tres dies de cultura, hist\u00f2ria i art a Fran\u00e7a"},"content":{"rendered":"<p style=\"text-align: center;\"><img loading=\"lazy\" decoding=\"async\" class=\"alignnone size-full wp-image-14300\" src=\"https:\/\/agora.xtec.cat\/iesbde\/wp-content\/uploads\/usu407\/2026\/04\/Provenca262.jpg\" alt=\"\" width=\"800\" height=\"379\" srcset=\"https:\/\/agora.xtec.cat\/iesbde\/wp-content\/uploads\/usu407\/2026\/04\/Provenca262.jpg 800w, https:\/\/agora.xtec.cat\/iesbde\/wp-content\/uploads\/usu407\/2026\/04\/Provenca262-300x142.jpg 300w, https:\/\/agora.xtec.cat\/iesbde\/wp-content\/uploads\/usu407\/2026\/04\/Provenca262-200x95.jpg 200w, https:\/\/agora.xtec.cat\/iesbde\/wp-content\/uploads\/usu407\/2026\/04\/Provenca262-768x364.jpg 768w\" sizes=\"auto, (max-width: 800px) 100vw, 800px\" \/><\/p>\n<p style=\"text-align: justify;\">Cinquanta-tres alumnes de <strong>Franc\u00e8s, Llat\u00ed, Grec i Hist\u00f2ria de l&#8217;Art de 4t d&#8217;ESO i Batxillerat<\/strong> van visitar <strong>Emp\u00faries<\/strong> i la <strong>Proven\u00e7a<\/strong> els dies 22, 23 i 24 d&#8217;abril. La sortida esdev\u00e9 una oportunitat \u00fanica perqu\u00e8 els nostres estudiants facin una immersi\u00f3 breu per\u00f2 intensa en la cultura francesa i occitana, i a m\u00e9s gaudeixin de l&#8217;extraordinari llegat patrimonial cl\u00e0ssic i medieval d&#8217;aquesta antiga prov\u00edncia romana, la <strong>G\u00e0l\u00b7lia Narbonesa<\/strong>, tant propera en hist\u00f2ria, paisatge i tradicions a la nostra <em>Tarraconensis<\/em>.<\/p>\n<p style=\"text-align: justify;\">El dia 22 d&#8217;abril al mat\u00ed vam arribar a<strong> Emp\u00faries<\/strong> per visitar l&#8217;excepcional jaciment arqueol\u00f2gic, porta d&#8217;entrada de les civilitzacions grega i romana a la pen\u00ednsula ib\u00e8rica. Dividits en tres grups, vam rec\u00f3rrer les ciutats grega i romana, aturant-nos en els principals punts d&#8217;inter\u00e8s. Al museu vam gaudir dels tresors m\u00e9s significatius del jaciment: l&#8217;est\u00e0tua d&#8217;Asclepi i el mosaic d&#8217;Ifig\u00e8nia.<\/p>\n<table style=\"width: 100%; border-collapse: collapse; border-style: none;\">\n<tbody>\n<tr>\n<td style=\"width: 50%; border-style: none;\"><img loading=\"lazy\" decoding=\"async\" class=\"alignnone size-full wp-image-14298\" src=\"https:\/\/agora.xtec.cat\/iesbde\/wp-content\/uploads\/usu407\/2026\/04\/Provenca264.jpg\" alt=\"\" width=\"800\" height=\"600\" srcset=\"https:\/\/agora.xtec.cat\/iesbde\/wp-content\/uploads\/usu407\/2026\/04\/Provenca264.jpg 800w, https:\/\/agora.xtec.cat\/iesbde\/wp-content\/uploads\/usu407\/2026\/04\/Provenca264-300x225.jpg 300w, https:\/\/agora.xtec.cat\/iesbde\/wp-content\/uploads\/usu407\/2026\/04\/Provenca264-200x150.jpg 200w, https:\/\/agora.xtec.cat\/iesbde\/wp-content\/uploads\/usu407\/2026\/04\/Provenca264-768x576.jpg 768w\" sizes=\"auto, (max-width: 800px) 100vw, 800px\" \/><\/td>\n<td style=\"width: 50%; border-style: none;\"><img loading=\"lazy\" decoding=\"async\" class=\"alignnone size-full wp-image-14297\" src=\"https:\/\/agora.xtec.cat\/iesbde\/wp-content\/uploads\/usu407\/2026\/04\/Provenca265.jpg\" alt=\"\" width=\"800\" height=\"600\" srcset=\"https:\/\/agora.xtec.cat\/iesbde\/wp-content\/uploads\/usu407\/2026\/04\/Provenca265.jpg 800w, https:\/\/agora.xtec.cat\/iesbde\/wp-content\/uploads\/usu407\/2026\/04\/Provenca265-300x225.jpg 300w, https:\/\/agora.xtec.cat\/iesbde\/wp-content\/uploads\/usu407\/2026\/04\/Provenca265-200x150.jpg 200w, https:\/\/agora.xtec.cat\/iesbde\/wp-content\/uploads\/usu407\/2026\/04\/Provenca265-768x576.jpg 768w\" sizes=\"auto, (max-width: 800px) 100vw, 800px\" \/><\/td>\n<\/tr>\n<\/tbody>\n<\/table>\n<p style=\"text-align: justify;\">A la tarda vam arribar a <strong>N\u00eemes<\/strong>, la capital del departament del Gard, on hi ten\u00edem l&#8217;allotjament. En un recorregut nocturn -i una mica passat per aigua- vam admirar la <strong><em>Maison Carr\u00e9e<\/em><\/strong>, el temple rom\u00e0 m\u00e9s ben conservat d&#8217;Occident, declarat Patrimoni mundial de la Humanitat per la Unesco, i l<strong>&#8216;amfiteatre rom\u00e0<\/strong> de Les Ar\u00e8nes, el m\u00e9s complet de tots els de l&#8217;occident rom\u00e0.<\/p>\n<table style=\"width: 100%; border-collapse: collapse; border-style: none;\">\n<tbody>\n<tr>\n<td style=\"width: 40.9582%; vertical-align: top; border-style: none;\"><img loading=\"lazy\" decoding=\"async\" class=\"alignnone size-full wp-image-14299\" src=\"https:\/\/agora.xtec.cat\/iesbde\/wp-content\/uploads\/usu407\/2026\/04\/Provenca263-rotated.jpg\" alt=\"\" width=\"379\" height=\"800\" srcset=\"https:\/\/agora.xtec.cat\/iesbde\/wp-content\/uploads\/usu407\/2026\/04\/Provenca263-rotated.jpg 379w, https:\/\/agora.xtec.cat\/iesbde\/wp-content\/uploads\/usu407\/2026\/04\/Provenca263-142x300.jpg 142w, https:\/\/agora.xtec.cat\/iesbde\/wp-content\/uploads\/usu407\/2026\/04\/Provenca263-95x200.jpg 95w\" sizes=\"auto, (max-width: 379px) 100vw, 379px\" \/><\/td>\n<td style=\"width: 59.0418%; vertical-align: top; border-style: none;\"><img loading=\"lazy\" decoding=\"async\" class=\"alignnone size-full wp-image-14301\" src=\"https:\/\/agora.xtec.cat\/iesbde\/wp-content\/uploads\/usu407\/2026\/04\/Provenca261.jpg\" alt=\"\" width=\"700\" height=\"440\" srcset=\"https:\/\/agora.xtec.cat\/iesbde\/wp-content\/uploads\/usu407\/2026\/04\/Provenca261.jpg 700w, https:\/\/agora.xtec.cat\/iesbde\/wp-content\/uploads\/usu407\/2026\/04\/Provenca261-300x189.jpg 300w, https:\/\/agora.xtec.cat\/iesbde\/wp-content\/uploads\/usu407\/2026\/04\/Provenca261-200x126.jpg 200w\" sizes=\"auto, (max-width: 700px) 100vw, 700px\" \/><\/p>\n<p><img loading=\"lazy\" decoding=\"async\" class=\"alignnone size-full wp-image-14294\" src=\"https:\/\/agora.xtec.cat\/iesbde\/wp-content\/uploads\/usu407\/2026\/04\/Provenca268.jpg\" alt=\"\" width=\"800\" height=\"600\" srcset=\"https:\/\/agora.xtec.cat\/iesbde\/wp-content\/uploads\/usu407\/2026\/04\/Provenca268.jpg 800w, https:\/\/agora.xtec.cat\/iesbde\/wp-content\/uploads\/usu407\/2026\/04\/Provenca268-300x225.jpg 300w, https:\/\/agora.xtec.cat\/iesbde\/wp-content\/uploads\/usu407\/2026\/04\/Provenca268-200x150.jpg 200w, https:\/\/agora.xtec.cat\/iesbde\/wp-content\/uploads\/usu407\/2026\/04\/Provenca268-768x576.jpg 768w\" sizes=\"auto, (max-width: 800px) 100vw, 800px\" \/><\/td>\n<\/tr>\n<\/tbody>\n<\/table>\n<p style=\"text-align: justify;\">El dia 23 vam dirigir-nos a <strong>Aviny\u00f3<\/strong> per visitar l&#8217;impressionant <strong>Palau dels Papes<\/strong>, l&#8217;edifici g\u00f2tic civil m\u00e9s gran d&#8217;Europa i testimoni de la pres\u00e8ncia dels Pont\u00edfexs en aquesta ciutat durant el segle XIV, tamb\u00e9 declarat Patrimoni de la Humanitat. A la tarda vam adre\u00e7ar-nos a la <em>Colonia Iulia Paterna Arelate<\/em>, l&#8217;actual <strong>Arle<\/strong>, on vam visitar l&#8217;<strong>amfiteatre<\/strong> i <strong>teatre<\/strong> <strong>romans<\/strong>, a m\u00e9s de la <strong>catedral de Sant Tr\u00f2fim<\/strong>, tres joies arquitect\u00f2niques Patrimoni de la Humanitat.<\/p>\n<table style=\"width: 100%; border-collapse: collapse; border-style: none;\">\n<tbody>\n<tr>\n<td style=\"width: 50%; border-style: none;\"><img loading=\"lazy\" decoding=\"async\" class=\"alignnone size-full wp-image-14306\" src=\"https:\/\/agora.xtec.cat\/iesbde\/wp-content\/uploads\/usu407\/2026\/04\/Provenca270.jpg\" alt=\"\" width=\"800\" height=\"600\" srcset=\"https:\/\/agora.xtec.cat\/iesbde\/wp-content\/uploads\/usu407\/2026\/04\/Provenca270.jpg 800w, https:\/\/agora.xtec.cat\/iesbde\/wp-content\/uploads\/usu407\/2026\/04\/Provenca270-300x225.jpg 300w, https:\/\/agora.xtec.cat\/iesbde\/wp-content\/uploads\/usu407\/2026\/04\/Provenca270-200x150.jpg 200w, https:\/\/agora.xtec.cat\/iesbde\/wp-content\/uploads\/usu407\/2026\/04\/Provenca270-768x576.jpg 768w\" sizes=\"auto, (max-width: 800px) 100vw, 800px\" \/><\/td>\n<td style=\"width: 50%; border-style: none;\"><img loading=\"lazy\" decoding=\"async\" class=\"alignnone size-full wp-image-14305\" src=\"https:\/\/agora.xtec.cat\/iesbde\/wp-content\/uploads\/usu407\/2026\/04\/Provenca269.jpg\" alt=\"\" width=\"800\" height=\"600\" srcset=\"https:\/\/agora.xtec.cat\/iesbde\/wp-content\/uploads\/usu407\/2026\/04\/Provenca269.jpg 800w, https:\/\/agora.xtec.cat\/iesbde\/wp-content\/uploads\/usu407\/2026\/04\/Provenca269-300x225.jpg 300w, https:\/\/agora.xtec.cat\/iesbde\/wp-content\/uploads\/usu407\/2026\/04\/Provenca269-200x150.jpg 200w, https:\/\/agora.xtec.cat\/iesbde\/wp-content\/uploads\/usu407\/2026\/04\/Provenca269-768x576.jpg 768w\" sizes=\"auto, (max-width: 800px) 100vw, 800px\" \/><\/td>\n<\/tr>\n<\/tbody>\n<\/table>\n<p style=\"text-align: justify;\">Finalment, el dia 24 vam dirigir-nos a<strong> Narbona<\/strong>, l&#8217;antiga <em>Colonia Narbo Martius<\/em>, on vam visitar el museu <strong>NarboVia<\/strong>, un espectacular edifici obra de l&#8217;arquitecte Norman Foster que acull una de les col\u00b7leccions lapid\u00e0ries m\u00e9s importants d&#8217;Europa. Tot seguit vam rec\u00f3rrer el centre de la ciutat, on vam dinar i fer les \u00faltimes compres abans de tornar a Vandell\u00f2s i l&#8217;Hospitalet. La tornada va estar amenitzada amb la gala de lliurament de <strong>Premis <em>Sinimon<\/em><\/strong> i altres guardons per als alumnes m\u00e9s destacats de l&#8217;expedici\u00f3 en diferents \u00e0mbits. Un viatge ple de viv\u00e8ncies i aprenentatges extraordinaris que se&#8217;ns va fer curt!<\/p>\n<table style=\"width: 100%; border-collapse: collapse; border-style: none;\">\n<tbody>\n<tr>\n<td style=\"width: 51.3495%; border-style: none;\"><img loading=\"lazy\" decoding=\"async\" class=\"alignnone size-full wp-image-14296\" src=\"https:\/\/agora.xtec.cat\/iesbde\/wp-content\/uploads\/usu407\/2026\/04\/Provenca266.jpg\" alt=\"\" width=\"800\" height=\"600\" srcset=\"https:\/\/agora.xtec.cat\/iesbde\/wp-content\/uploads\/usu407\/2026\/04\/Provenca266.jpg 800w, https:\/\/agora.xtec.cat\/iesbde\/wp-content\/uploads\/usu407\/2026\/04\/Provenca266-300x225.jpg 300w, https:\/\/agora.xtec.cat\/iesbde\/wp-content\/uploads\/usu407\/2026\/04\/Provenca266-200x150.jpg 200w, https:\/\/agora.xtec.cat\/iesbde\/wp-content\/uploads\/usu407\/2026\/04\/Provenca266-768x576.jpg 768w\" sizes=\"auto, (max-width: 800px) 100vw, 800px\" \/><\/td>\n<td style=\"width: 48.6505%; border-style: none;\"><img loading=\"lazy\" decoding=\"async\" class=\"alignnone size-full wp-image-14295\" src=\"https:\/\/agora.xtec.cat\/iesbde\/wp-content\/uploads\/usu407\/2026\/04\/Provenca267.jpg\" alt=\"\" width=\"800\" height=\"600\" srcset=\"https:\/\/agora.xtec.cat\/iesbde\/wp-content\/uploads\/usu407\/2026\/04\/Provenca267.jpg 800w, https:\/\/agora.xtec.cat\/iesbde\/wp-content\/uploads\/usu407\/2026\/04\/Provenca267-300x225.jpg 300w, https:\/\/agora.xtec.cat\/iesbde\/wp-content\/uploads\/usu407\/2026\/04\/Provenca267-200x150.jpg 200w, https:\/\/agora.xtec.cat\/iesbde\/wp-content\/uploads\/usu407\/2026\/04\/Provenca267-768x576.jpg 768w\" sizes=\"auto, (max-width: 800px) 100vw, 800px\" \/><\/td>\n<\/tr>\n<\/tbody>\n<\/table>\n<p><img loading=\"lazy\" decoding=\"async\" class=\"alignnone size-full wp-image-7403\" src=\"https:\/\/agora.xtec.cat\/iesbde\/wp-content\/uploads\/usu407\/2020\/12\/C\u00c0MERA-e1608056501553.png\" alt=\"\" width=\"50\" height=\"44\" \/>\u00a0En aquest<a href=\"https:\/\/drive.google.com\/drive\/folders\/1Um5a095TBOKQgfUE9x9ZuXoMzGgPvdSG?usp=sharing\" target=\"_blank\" rel=\"noopener\"><strong> enlla\u00e7<\/strong><\/a> podeu veure la resta d&#8217;imatges.<\/p>\n","protected":false},"excerpt":{"rendered":"<p>Cinquanta-tres alumnes de Franc\u00e8s, Llat\u00ed, Grec i Hist\u00f2ria de l&#8217;Art de 4t d&#8217;ESO i Batxillerat van visitar Emp\u00faries i la Proven\u00e7a els dies 22, 23 i 24 d&#8217;abril. La sortida esdev\u00e9 una oportunitat \u00fanica perqu\u00e8 els nostres estudiants facin una immersi\u00f3 breu per\u00f2 intensa en&hellip;  <a href=\"https:\/\/agora.xtec.cat\/iesbde\/general\/tres-dies-de-cultura-historia-i-art-a-franca\/\" title=\"Read Tres dies de cultura, hist\u00f2ria i art a Fran\u00e7a\">Llegeix m\u00e9s\u00bb<\/a><\/p>\n","protected":false},"author":1,"featured_media":14300,"comment_status":"closed","ping_status":"open","sticky":false,"template":"","format":"standard","meta":{"_bbp_topic_count":0,"_bbp_reply_count":0,"_bbp_total_topic_count":0,"_bbp_total_reply_count":0,"_bbp_voice_count":0,"_bbp_anonymous_reply_count":0,"_bbp_topic_count_hidden":0,"_bbp_reply_count_hidden":0,"_bbp_forum_subforum_count":0,"footnotes":""},"categories":[8,3,7,1,29],"tags":[62,222,70,328,141,1083,817],"class_list":["post-14291","post","type-post","status-publish","format-standard","has-post-thumbnail","hentry","category-batxillerat","category-eso","category-eso-4","category-general","category-portada","tag-4t-deso","tag-batxillerat","tag-frances","tag-historia-de-lart","tag-ins-berenguer-dentenca","tag-llati-i-grec","tag-sortida-a-provenca"],"post_mailing_queue_ids":[],"_links":{"self":[{"href":"https:\/\/agora.xtec.cat\/iesbde\/wp-json\/wp\/v2\/posts\/14291","targetHints":{"allow":["GET"]}}],"collection":[{"href":"https:\/\/agora.xtec.cat\/iesbde\/wp-json\/wp\/v2\/posts"}],"about":[{"href":"https:\/\/agora.xtec.cat\/iesbde\/wp-json\/wp\/v2\/types\/post"}],"author":[{"embeddable":true,"href":"https:\/\/agora.xtec.cat\/iesbde\/wp-json\/wp\/v2\/users\/1"}],"replies":[{"embeddable":true,"href":"https:\/\/agora.xtec.cat\/iesbde\/wp-json\/wp\/v2\/comments?post=14291"}],"version-history":[{"count":6,"href":"https:\/\/agora.xtec.cat\/iesbde\/wp-json\/wp\/v2\/posts\/14291\/revisions"}],"predecessor-version":[{"id":14311,"href":"https:\/\/agora.xtec.cat\/iesbde\/wp-json\/wp\/v2\/posts\/14291\/revisions\/14311"}],"wp:featuredmedia":[{"embeddable":true,"href":"https:\/\/agora.xtec.cat\/iesbde\/wp-json\/wp\/v2\/media\/14300"}],"wp:attachment":[{"href":"https:\/\/agora.xtec.cat\/iesbde\/wp-json\/wp\/v2\/media?parent=14291"}],"wp:term":[{"taxonomy":"category","embeddable":true,"href":"https:\/\/agora.xtec.cat\/iesbde\/wp-json\/wp\/v2\/categories?post=14291"},{"taxonomy":"post_tag","embeddable":true,"href":"https:\/\/agora.xtec.cat\/iesbde\/wp-json\/wp\/v2\/tags?post=14291"}],"curies":[{"name":"wp","href":"https:\/\/api.w.org\/{rel}","templated":true}]}}