{"id":13960,"date":"2026-01-04T20:49:55","date_gmt":"2026-01-04T19:49:55","guid":{"rendered":"https:\/\/agora.xtec.cat\/iesbde\/?p=13960"},"modified":"2026-01-04T20:49:55","modified_gmt":"2026-01-04T19:49:55","slug":"acomiadem-el-2025-amb-el-festival-de-nadal","status":"publish","type":"post","link":"https:\/\/agora.xtec.cat\/iesbde\/general\/acomiadem-el-2025-amb-el-festival-de-nadal\/","title":{"rendered":"Acomiadem el 2025 amb el Festival de Nadal"},"content":{"rendered":"<p style=\"text-align: center;\"><img loading=\"lazy\" decoding=\"async\" class=\"alignnone size-full wp-image-13955\" src=\"https:\/\/agora.xtec.cat\/iesbde\/wp-content\/uploads\/usu407\/2026\/01\/Nadal25-2.jpg\" alt=\"\" width=\"800\" height=\"450\" srcset=\"https:\/\/agora.xtec.cat\/iesbde\/wp-content\/uploads\/usu407\/2026\/01\/Nadal25-2.jpg 800w, https:\/\/agora.xtec.cat\/iesbde\/wp-content\/uploads\/usu407\/2026\/01\/Nadal25-2-300x169.jpg 300w, https:\/\/agora.xtec.cat\/iesbde\/wp-content\/uploads\/usu407\/2026\/01\/Nadal25-2-200x113.jpg 200w, https:\/\/agora.xtec.cat\/iesbde\/wp-content\/uploads\/usu407\/2026\/01\/Nadal25-2-768x432.jpg 768w\" sizes=\"auto, (max-width: 800px) 100vw, 800px\" \/><\/p>\n<p style=\"text-align: justify;\">El passat divendres, <strong>19 de desembre<\/strong>, \u00faltim dia de l&#8217;any a l&#8217;institut, l&#8217;alumnat de <strong>1r i 2n ESO<\/strong> va gaudir d&#8217;un <strong>festival musical i nadalenc, <\/strong>en el que els seus companys van interpretar damunt l&#8217;escenari diverses peces musicals sota la batuta del professor de m\u00fasica, <strong>Borja Beneyto<\/strong>. A m\u00e9s, com ja \u00e9s tradici\u00f3, es van proclamar els guanyadors de les millors <strong>postals de Nadal<\/strong>\u00a0que havien creat els alumnes de 1r d&#8217;ESO des de la mat\u00e8ria d&#8217;Educaci\u00f3 Visual i Pl\u00e0stica, amb la professora <strong>Alma Gavald\u00e0<\/strong> al capdavant. La guanyadora a la millor postal fou <strong>Olga Rodriguez Sarria<\/strong> (1r C) i els dos acc\u00e8ssits van recaure en\u00a0 <strong>Carlota Hern\u00e1ndez Romero<\/strong> (1r A) i <strong>Roberto Taul\u00e9s Castill\u00f3n<\/strong> (1r B).<\/p>\n<p style=\"text-align: justify;\">Enhorabona a tots ells!<\/p>\n\n\t\t<style type=\"text\/css\">\n\t\t\t#gallery-1 {\n\t\t\t\tmargin: auto;\n\t\t\t}\n\t\t\t#gallery-1 .gallery-item {\n\t\t\t\tfloat: left;\n\t\t\t\tmargin-top: 10px;\n\t\t\t\ttext-align: center;\n\t\t\t\twidth: 33%;\n\t\t\t}\n\t\t\t#gallery-1 img {\n\t\t\t\tborder: 2px solid #cfcfcf;\n\t\t\t}\n\t\t\t#gallery-1 .gallery-caption {\n\t\t\t\tmargin-left: 0;\n\t\t\t}\n\t\t\t\/* see gallery_shortcode() in wp-includes\/media.php *\/\n\t\t<\/style>\n\t\t<div id='gallery-1' class='gallery galleryid-13960 gallery-columns-3 gallery-size-thumbnail'><dl class='gallery-item'>\n\t\t\t<dt class='gallery-icon landscape'>\n\t\t\t\t<a href='https:\/\/agora.xtec.cat\/iesbde\/wp-content\/uploads\/usu407\/2026\/01\/Nadal25-1.jpg'><img loading=\"lazy\" decoding=\"async\" width=\"200\" height=\"113\" src=\"https:\/\/agora.xtec.cat\/iesbde\/wp-content\/uploads\/usu407\/2026\/01\/Nadal25-1-200x113.jpg\" class=\"attachment-thumbnail size-thumbnail\" alt=\"\" aria-describedby=\"gallery-1-13954\" srcset=\"https:\/\/agora.xtec.cat\/iesbde\/wp-content\/uploads\/usu407\/2026\/01\/Nadal25-1-200x113.jpg 200w, https:\/\/agora.xtec.cat\/iesbde\/wp-content\/uploads\/usu407\/2026\/01\/Nadal25-1-300x169.jpg 300w, https:\/\/agora.xtec.cat\/iesbde\/wp-content\/uploads\/usu407\/2026\/01\/Nadal25-1-768x432.jpg 768w, https:\/\/agora.xtec.cat\/iesbde\/wp-content\/uploads\/usu407\/2026\/01\/Nadal25-1.jpg 800w\" sizes=\"auto, (max-width: 200px) 100vw, 200px\" \/><\/a>\n\t\t\t<\/dt>\n\t\t\t\t<dd class='wp-caption-text gallery-caption' id='gallery-1-13954'>\n\t\t\t\tPe\u00e7a musical 1r d&#8217;ESO\n\t\t\t\t<\/dd><\/dl><dl class='gallery-item'>\n\t\t\t<dt class='gallery-icon landscape'>\n\t\t\t\t<a href='https:\/\/agora.xtec.cat\/iesbde\/wp-content\/uploads\/usu407\/2026\/01\/Nadal25-2.jpg'><img loading=\"lazy\" decoding=\"async\" width=\"200\" height=\"113\" src=\"https:\/\/agora.xtec.cat\/iesbde\/wp-content\/uploads\/usu407\/2026\/01\/Nadal25-2-200x113.jpg\" class=\"attachment-thumbnail size-thumbnail\" alt=\"\" aria-describedby=\"gallery-1-13955\" srcset=\"https:\/\/agora.xtec.cat\/iesbde\/wp-content\/uploads\/usu407\/2026\/01\/Nadal25-2-200x113.jpg 200w, https:\/\/agora.xtec.cat\/iesbde\/wp-content\/uploads\/usu407\/2026\/01\/Nadal25-2-300x169.jpg 300w, https:\/\/agora.xtec.cat\/iesbde\/wp-content\/uploads\/usu407\/2026\/01\/Nadal25-2-768x432.jpg 768w, https:\/\/agora.xtec.cat\/iesbde\/wp-content\/uploads\/usu407\/2026\/01\/Nadal25-2.jpg 800w\" sizes=\"auto, (max-width: 200px) 100vw, 200px\" \/><\/a>\n\t\t\t<\/dt>\n\t\t\t\t<dd class='wp-caption-text gallery-caption' id='gallery-1-13955'>\n\t\t\t\tPe\u00e7a musical 2n d&#8217;ESO\n\t\t\t\t<\/dd><\/dl><dl class='gallery-item'>\n\t\t\t<dt class='gallery-icon landscape'>\n\t\t\t\t<a href='https:\/\/agora.xtec.cat\/iesbde\/wp-content\/uploads\/usu407\/2026\/01\/Nadal25-5.jpg'><img loading=\"lazy\" decoding=\"async\" width=\"200\" height=\"113\" src=\"https:\/\/agora.xtec.cat\/iesbde\/wp-content\/uploads\/usu407\/2026\/01\/Nadal25-5-200x113.jpg\" class=\"attachment-thumbnail size-thumbnail\" alt=\"\" aria-describedby=\"gallery-1-13958\" srcset=\"https:\/\/agora.xtec.cat\/iesbde\/wp-content\/uploads\/usu407\/2026\/01\/Nadal25-5-200x113.jpg 200w, https:\/\/agora.xtec.cat\/iesbde\/wp-content\/uploads\/usu407\/2026\/01\/Nadal25-5-300x169.jpg 300w, https:\/\/agora.xtec.cat\/iesbde\/wp-content\/uploads\/usu407\/2026\/01\/Nadal25-5-768x432.jpg 768w, https:\/\/agora.xtec.cat\/iesbde\/wp-content\/uploads\/usu407\/2026\/01\/Nadal25-5.jpg 800w\" sizes=\"auto, (max-width: 200px) 100vw, 200px\" \/><\/a>\n\t\t\t<\/dt>\n\t\t\t\t<dd class='wp-caption-text gallery-caption' id='gallery-1-13958'>\n\t\t\t\tPremi Postal de Nadal\n\t\t\t\t<\/dd><\/dl><br style=\"clear: both\" \/><dl class='gallery-item'>\n\t\t\t<dt class='gallery-icon landscape'>\n\t\t\t\t<a href='https:\/\/agora.xtec.cat\/iesbde\/wp-content\/uploads\/usu407\/2026\/01\/Nadal25-3.jpg'><img loading=\"lazy\" decoding=\"async\" width=\"200\" height=\"113\" src=\"https:\/\/agora.xtec.cat\/iesbde\/wp-content\/uploads\/usu407\/2026\/01\/Nadal25-3-200x113.jpg\" class=\"attachment-thumbnail size-thumbnail\" alt=\"\" aria-describedby=\"gallery-1-13956\" srcset=\"https:\/\/agora.xtec.cat\/iesbde\/wp-content\/uploads\/usu407\/2026\/01\/Nadal25-3-200x113.jpg 200w, https:\/\/agora.xtec.cat\/iesbde\/wp-content\/uploads\/usu407\/2026\/01\/Nadal25-3-300x169.jpg 300w, https:\/\/agora.xtec.cat\/iesbde\/wp-content\/uploads\/usu407\/2026\/01\/Nadal25-3-768x432.jpg 768w, https:\/\/agora.xtec.cat\/iesbde\/wp-content\/uploads\/usu407\/2026\/01\/Nadal25-3.jpg 800w\" sizes=\"auto, (max-width: 200px) 100vw, 200px\" \/><\/a>\n\t\t\t<\/dt>\n\t\t\t\t<dd class='wp-caption-text gallery-caption' id='gallery-1-13956'>\n\t\t\t\t1r acc\u00e8ssit Postal de Nadal\n\t\t\t\t<\/dd><\/dl><dl class='gallery-item'>\n\t\t\t<dt class='gallery-icon landscape'>\n\t\t\t\t<a href='https:\/\/agora.xtec.cat\/iesbde\/wp-content\/uploads\/usu407\/2026\/01\/Nadal25-4.jpg'><img loading=\"lazy\" decoding=\"async\" width=\"200\" height=\"113\" src=\"https:\/\/agora.xtec.cat\/iesbde\/wp-content\/uploads\/usu407\/2026\/01\/Nadal25-4-200x113.jpg\" class=\"attachment-thumbnail size-thumbnail\" alt=\"\" aria-describedby=\"gallery-1-13957\" srcset=\"https:\/\/agora.xtec.cat\/iesbde\/wp-content\/uploads\/usu407\/2026\/01\/Nadal25-4-200x113.jpg 200w, https:\/\/agora.xtec.cat\/iesbde\/wp-content\/uploads\/usu407\/2026\/01\/Nadal25-4-300x169.jpg 300w, https:\/\/agora.xtec.cat\/iesbde\/wp-content\/uploads\/usu407\/2026\/01\/Nadal25-4-768x432.jpg 768w, https:\/\/agora.xtec.cat\/iesbde\/wp-content\/uploads\/usu407\/2026\/01\/Nadal25-4.jpg 800w\" sizes=\"auto, (max-width: 200px) 100vw, 200px\" \/><\/a>\n\t\t\t<\/dt>\n\t\t\t\t<dd class='wp-caption-text gallery-caption' id='gallery-1-13957'>\n\t\t\t\t2n acc\u00e8ssit Postal de Nadal\n\t\t\t\t<\/dd><\/dl><dl class='gallery-item'>\n\t\t\t<dt class='gallery-icon landscape'>\n\t\t\t\t<a href='https:\/\/agora.xtec.cat\/iesbde\/wp-content\/uploads\/usu407\/2026\/01\/Nadal25-6.jpg'><img loading=\"lazy\" decoding=\"async\" width=\"200\" height=\"113\" src=\"https:\/\/agora.xtec.cat\/iesbde\/wp-content\/uploads\/usu407\/2026\/01\/Nadal25-6-200x113.jpg\" class=\"attachment-thumbnail size-thumbnail\" alt=\"\" aria-describedby=\"gallery-1-13959\" srcset=\"https:\/\/agora.xtec.cat\/iesbde\/wp-content\/uploads\/usu407\/2026\/01\/Nadal25-6-200x113.jpg 200w, https:\/\/agora.xtec.cat\/iesbde\/wp-content\/uploads\/usu407\/2026\/01\/Nadal25-6-300x169.jpg 300w, https:\/\/agora.xtec.cat\/iesbde\/wp-content\/uploads\/usu407\/2026\/01\/Nadal25-6-768x432.jpg 768w, https:\/\/agora.xtec.cat\/iesbde\/wp-content\/uploads\/usu407\/2026\/01\/Nadal25-6.jpg 800w\" sizes=\"auto, (max-width: 200px) 100vw, 200px\" \/><\/a>\n\t\t\t<\/dt>\n\t\t\t\t<dd class='wp-caption-text gallery-caption' id='gallery-1-13959'>\n\t\t\t\tGuanyadors Postal de Nadal\n\t\t\t\t<\/dd><\/dl><br style=\"clear: both\" \/>\n\t\t<\/div>\n\n","protected":false},"excerpt":{"rendered":"<p>El passat divendres, 19 de desembre, \u00faltim dia de l&#8217;any a l&#8217;institut, l&#8217;alumnat de 1r i 2n ESO va gaudir d&#8217;un festival musical i nadalenc, en el que els seus companys van interpretar damunt l&#8217;escenari diverses peces musicals sota la batuta del professor de m\u00fasica,&hellip;  <a href=\"https:\/\/agora.xtec.cat\/iesbde\/general\/acomiadem-el-2025-amb-el-festival-de-nadal\/\" title=\"Read Acomiadem el 2025 amb el Festival de Nadal\">Llegeix m\u00e9s\u00bb<\/a><\/p>\n","protected":false},"author":1,"featured_media":13955,"comment_status":"closed","ping_status":"open","sticky":false,"template":"","format":"standard","meta":{"footnotes":""},"categories":[3,1,759,29],"tags":[747,1080,141,1081],"class_list":["post-13960","post","type-post","status-publish","format-standard","has-post-thumbnail","hentry","category-eso","category-general","category-noticies","category-portada","tag-concurs-postal-de-nadal","tag-festival-de-nadal","tag-ins-berenguer-dentenca","tag-nadal-2025"],"post_mailing_queue_ids":[],"_links":{"self":[{"href":"https:\/\/agora.xtec.cat\/iesbde\/wp-json\/wp\/v2\/posts\/13960","targetHints":{"allow":["GET"]}}],"collection":[{"href":"https:\/\/agora.xtec.cat\/iesbde\/wp-json\/wp\/v2\/posts"}],"about":[{"href":"https:\/\/agora.xtec.cat\/iesbde\/wp-json\/wp\/v2\/types\/post"}],"author":[{"embeddable":true,"href":"https:\/\/agora.xtec.cat\/iesbde\/wp-json\/wp\/v2\/users\/1"}],"replies":[{"embeddable":true,"href":"https:\/\/agora.xtec.cat\/iesbde\/wp-json\/wp\/v2\/comments?post=13960"}],"version-history":[{"count":4,"href":"https:\/\/agora.xtec.cat\/iesbde\/wp-json\/wp\/v2\/posts\/13960\/revisions"}],"predecessor-version":[{"id":13964,"href":"https:\/\/agora.xtec.cat\/iesbde\/wp-json\/wp\/v2\/posts\/13960\/revisions\/13964"}],"wp:featuredmedia":[{"embeddable":true,"href":"https:\/\/agora.xtec.cat\/iesbde\/wp-json\/wp\/v2\/media\/13955"}],"wp:attachment":[{"href":"https:\/\/agora.xtec.cat\/iesbde\/wp-json\/wp\/v2\/media?parent=13960"}],"wp:term":[{"taxonomy":"category","embeddable":true,"href":"https:\/\/agora.xtec.cat\/iesbde\/wp-json\/wp\/v2\/categories?post=13960"},{"taxonomy":"post_tag","embeddable":true,"href":"https:\/\/agora.xtec.cat\/iesbde\/wp-json\/wp\/v2\/tags?post=13960"}],"curies":[{"name":"wp","href":"https:\/\/api.w.org\/{rel}","templated":true}]}}