{"id":13176,"date":"2025-04-11T12:55:32","date_gmt":"2025-04-11T10:55:32","guid":{"rendered":"https:\/\/agora.xtec.cat\/iesbde\/?p=13176"},"modified":"2025-06-28T10:18:42","modified_gmt":"2025-06-28T08:18:42","slug":"%f0%9f%8c%b9sant-jordi-jornades-culturals-2025","status":"publish","type":"post","link":"https:\/\/agora.xtec.cat\/iesbde\/general\/%f0%9f%8c%b9sant-jordi-jornades-culturals-2025\/","title":{"rendered":"\ud83c\udf39Sant Jordi &#8211; Jornades Culturals 2025"},"content":{"rendered":"<p>Les <strong>Jornades Culturals<\/strong> s\u00f3n l&#8217;oportunitat per con\u00e8ixer l&#8217;entorn proper i \u00e9s per aix\u00f2 que es destinaran dos dies a la descoberta de diferents indrets d&#8217;inter\u00e8s del nostre voltant. El dimecres 23 d&#8217;abril comen\u00e7ar\u00e0 l&#8217;alumnat de cicles formatius i el divendres 25 ser\u00e0 el torn de la resta d&#8217;alumnat del centre.<\/p>\n<p><span style=\"font-family: inherit; font-size: 1em;\">D&#8217;altra banda, i com cada any, celebrarem <\/span><strong style=\"font-family: inherit; font-size: 1em;\">Sant Jordi<\/strong><span style=\"font-family: inherit; font-size: 1em;\"> amb un acte de lliurament de premis del <em>Concurs Literari<\/em>, del <em>Tour de Matem\u00e0tiques<\/em> i dels tornejos organitzats per la iniciativa <em>Patis Actius<\/em>.<\/span><\/p>\n<p>Seran dos dies per gaudir de l&#8217;entorn i la cultura!<\/p>\n<p><img loading=\"lazy\" decoding=\"async\" class=\"wp-image-13178 size-large aligncenter\" src=\"https:\/\/agora.xtec.cat\/iesbde\/wp-content\/uploads\/usu407\/2025\/04\/2025-JJCC-St.-Jordi-1-1024x468.png\" alt=\"\" width=\"1024\" height=\"468\" srcset=\"https:\/\/agora.xtec.cat\/iesbde\/wp-content\/uploads\/usu407\/2025\/04\/2025-JJCC-St.-Jordi-1-1024x468.png 1024w, https:\/\/agora.xtec.cat\/iesbde\/wp-content\/uploads\/usu407\/2025\/04\/2025-JJCC-St.-Jordi-1-300x137.png 300w, https:\/\/agora.xtec.cat\/iesbde\/wp-content\/uploads\/usu407\/2025\/04\/2025-JJCC-St.-Jordi-1-200x91.png 200w, https:\/\/agora.xtec.cat\/iesbde\/wp-content\/uploads\/usu407\/2025\/04\/2025-JJCC-St.-Jordi-1-768x351.png 768w, https:\/\/agora.xtec.cat\/iesbde\/wp-content\/uploads\/usu407\/2025\/04\/2025-JJCC-St.-Jordi-1.png 1422w\" sizes=\"auto, (max-width: 1024px) 100vw, 1024px\" \/><\/p>\n","protected":false},"excerpt":{"rendered":"<p>Sortides de les Jornades Culturals: 23 i 25 d&#8217;abril<br \/>\nCelebraci\u00f3 de Sant Jordi: 23 d&#8217;abril&hellip;  <a href=\"https:\/\/agora.xtec.cat\/iesbde\/general\/%f0%9f%8c%b9sant-jordi-jornades-culturals-2025\/\" title=\"Read \ud83c\udf39Sant Jordi &#8211; Jornades Culturals 2025\">Llegeix m\u00e9s\u00bb<\/a><\/p>\n","protected":false},"author":117,"featured_media":13178,"comment_status":"closed","ping_status":"closed","sticky":false,"template":"","format":"standard","meta":{"footnotes":""},"categories":[1,759,29],"tags":[84,1032,38],"class_list":["post-13176","post","type-post","status-publish","format-standard","has-post-thumbnail","hentry","category-general","category-noticies","category-portada","tag-jornades-culturals","tag-jornades-culturals-2025","tag-sant-jordi"],"post_mailing_queue_ids":[],"_links":{"self":[{"href":"https:\/\/agora.xtec.cat\/iesbde\/wp-json\/wp\/v2\/posts\/13176","targetHints":{"allow":["GET"]}}],"collection":[{"href":"https:\/\/agora.xtec.cat\/iesbde\/wp-json\/wp\/v2\/posts"}],"about":[{"href":"https:\/\/agora.xtec.cat\/iesbde\/wp-json\/wp\/v2\/types\/post"}],"author":[{"embeddable":true,"href":"https:\/\/agora.xtec.cat\/iesbde\/wp-json\/wp\/v2\/users\/117"}],"replies":[{"embeddable":true,"href":"https:\/\/agora.xtec.cat\/iesbde\/wp-json\/wp\/v2\/comments?post=13176"}],"version-history":[{"count":6,"href":"https:\/\/agora.xtec.cat\/iesbde\/wp-json\/wp\/v2\/posts\/13176\/revisions"}],"predecessor-version":[{"id":13194,"href":"https:\/\/agora.xtec.cat\/iesbde\/wp-json\/wp\/v2\/posts\/13176\/revisions\/13194"}],"wp:featuredmedia":[{"embeddable":true,"href":"https:\/\/agora.xtec.cat\/iesbde\/wp-json\/wp\/v2\/media\/13178"}],"wp:attachment":[{"href":"https:\/\/agora.xtec.cat\/iesbde\/wp-json\/wp\/v2\/media?parent=13176"}],"wp:term":[{"taxonomy":"category","embeddable":true,"href":"https:\/\/agora.xtec.cat\/iesbde\/wp-json\/wp\/v2\/categories?post=13176"},{"taxonomy":"post_tag","embeddable":true,"href":"https:\/\/agora.xtec.cat\/iesbde\/wp-json\/wp\/v2\/tags?post=13176"}],"curies":[{"name":"wp","href":"https:\/\/api.w.org\/{rel}","templated":true}]}}