{"id":2967,"date":"2026-09-03T12:44:43","date_gmt":"2026-09-03T10:44:43","guid":{"rendered":"https:\/\/agora.xtec.cat\/iesarnaucadell\/?p=2967"},"modified":"2026-09-03T12:44:43","modified_gmt":"2026-09-03T10:44:43","slug":"benvinguda-al-curs-2026-2027","status":"publish","type":"post","link":"https:\/\/agora.xtec.cat\/iesarnaucadell\/general\/benvinguda-al-curs-2026-2027\/","title":{"rendered":"Benvinguda al curs 2026-2027"},"content":{"rendered":"<p dir=\"ltr\">El proper 8 de setembre donem la benvinguda al nou curs!<\/p>\n<p dir=\"ltr\">Comen\u00e7a un nou any i tenim moltes ganes de retrobar-vos. Aquest primer dia est\u00e0 dedicat a l&#8217;acollida de tot l&#8217;alumnat d&#8217;ESO i Batxillerat, que ser\u00e0 rebut a les aules segons l&#8217;horari seg\u00fcent:<\/p>\n<h3 dir=\"ltr\">Horari d&#8217;acollida \u2014 8 de setembre<\/h3>\n<div dir=\"ltr\">\n<table>\n<thead>\n<tr>\n<th scope=\"col\">Hora<\/th>\n<th scope=\"col\">Grup<\/th>\n<\/tr>\n<\/thead>\n<tbody>\n<tr>\n<td>10:00<\/td>\n<td>Batxillerat<\/td>\n<\/tr>\n<tr>\n<td>10:30<\/td>\n<td>4t d&#8217;ESO<\/td>\n<\/tr>\n<tr>\n<td>11:00<\/td>\n<td>3r d&#8217;ESO<\/td>\n<\/tr>\n<tr>\n<td>11:30<\/td>\n<td>1r d&#8217;ESO<\/td>\n<\/tr>\n<tr>\n<td>12:00<\/td>\n<td>2n d&#8217;ESO<\/td>\n<\/tr>\n<\/tbody>\n<\/table>\n<\/div>\n<p dir=\"ltr\">Un cop acabada la sessi\u00f3 de tutoria inicial, l&#8217;alumnat podr\u00e0 marxar cap a casa o romandre en el centre fins a l&#8217;hora d&#8217;inici del servei de menjador (13:30h )<\/p>\n<h3 dir=\"ltr\"><strong>Inici de les classes<\/strong><\/h3>\n<p dir=\"ltr\">L&#8217;inici de les classes en horari normal ser\u00e0 el dia 9 de setembre per a tot l&#8217;alumnat.<\/p>\n<p dir=\"ltr\">Us esperem a tots i totes amb molta il\u00b7lusi\u00f3 per comen\u00e7ar junts aquest curs 2026-2027. Bon inici!<\/p>\n","protected":false},"excerpt":{"rendered":"<p>El proper 8 de setembre donem la benvinguda al nou curs!<br \/>\nComen\u00e7a un nou any i tenim moltes ganes de retrobar-vos. Aquest primer dia est\u00e0 dedicat a l&#8217;acollida de tot l&#8217;alumnat d&#8217;ESO i Batxillerat, que ser\u00e0 rebut a les aules segons l&#8217;horari seg\u00fcent:<br \/>\nHorari d&#8217;acollida \u2014 8&hellip;  <a href=\"https:\/\/agora.xtec.cat\/iesarnaucadell\/general\/benvinguda-al-curs-2026-2027\/\" title=\"Read Benvinguda al curs 2026-2027\">Llegeix m\u00e9s\u00bb<\/a><\/p>\n","protected":false},"author":1,"featured_media":0,"comment_status":"open","ping_status":"open","sticky":false,"template":"","format":"standard","meta":{"_bbp_topic_count":0,"_bbp_reply_count":0,"_bbp_total_topic_count":0,"_bbp_total_reply_count":0,"_bbp_voice_count":0,"_bbp_anonymous_reply_count":0,"_bbp_topic_count_hidden":0,"_bbp_reply_count_hidden":0,"_bbp_forum_subforum_count":0,"footnotes":""},"categories":[1,29],"tags":[],"class_list":["post-2967","post","type-post","status-publish","format-standard","hentry","category-general","category-portada"],"post_mailing_queue_ids":[],"_links":{"self":[{"href":"https:\/\/agora.xtec.cat\/iesarnaucadell\/wp-json\/wp\/v2\/posts\/2967","targetHints":{"allow":["GET"]}}],"collection":[{"href":"https:\/\/agora.xtec.cat\/iesarnaucadell\/wp-json\/wp\/v2\/posts"}],"about":[{"href":"https:\/\/agora.xtec.cat\/iesarnaucadell\/wp-json\/wp\/v2\/types\/post"}],"author":[{"embeddable":true,"href":"https:\/\/agora.xtec.cat\/iesarnaucadell\/wp-json\/wp\/v2\/users\/1"}],"replies":[{"embeddable":true,"href":"https:\/\/agora.xtec.cat\/iesarnaucadell\/wp-json\/wp\/v2\/comments?post=2967"}],"version-history":[{"count":1,"href":"https:\/\/agora.xtec.cat\/iesarnaucadell\/wp-json\/wp\/v2\/posts\/2967\/revisions"}],"predecessor-version":[{"id":2968,"href":"https:\/\/agora.xtec.cat\/iesarnaucadell\/wp-json\/wp\/v2\/posts\/2967\/revisions\/2968"}],"wp:attachment":[{"href":"https:\/\/agora.xtec.cat\/iesarnaucadell\/wp-json\/wp\/v2\/media?parent=2967"}],"wp:term":[{"taxonomy":"category","embeddable":true,"href":"https:\/\/agora.xtec.cat\/iesarnaucadell\/wp-json\/wp\/v2\/categories?post=2967"},{"taxonomy":"post_tag","embeddable":true,"href":"https:\/\/agora.xtec.cat\/iesarnaucadell\/wp-json\/wp\/v2\/tags?post=2967"}],"curies":[{"name":"wp","href":"https:\/\/api.w.org\/{rel}","templated":true}]}}