{"id":2903,"date":"2026-04-26T11:00:17","date_gmt":"2026-04-26T09:00:17","guid":{"rendered":"https:\/\/agora.xtec.cat\/iesarnaucadell\/?p=2903"},"modified":"2026-04-26T11:01:39","modified_gmt":"2026-04-26T09:01:39","slug":"valldoreix-estrena-un-nou-capgros-creat-per-lalumnat-del-centre","status":"publish","type":"post","link":"https:\/\/agora.xtec.cat\/iesarnaucadell\/general\/valldoreix-estrena-un-nou-capgros-creat-per-lalumnat-del-centre\/","title":{"rendered":"Valldoreix estrena un nou capgr\u00f2s creat per l\u2019alumnat del centre"},"content":{"rendered":"<p class=\"isSelectedEnd\">Valldoreix compta des d\u2019ara amb un nou capgr\u00f2s, presentat en societat el passat divendres en el marc de la Setmana Cultural 2026. Aquesta nova figura \u00e9s el resultat d\u2019un projecte desenvolupat per l\u2019alumnat de 1r d\u2019ESO al llarg dels darrers mesos.<\/p>\n<p class=\"isSelectedEnd\">La iniciativa s\u2019ha dut a terme dins la mat\u00e8ria d\u2019Educaci\u00f3 Visual, Pl\u00e0stica i Audiovisual, amb l\u2019objectiu de treballar la creativitat, la participaci\u00f3 i els sabers art\u00edstics de manera aplicada. El proc\u00e9s ha perm\u00e8s a l\u2019alumnat implicar-se en totes les fases de creaci\u00f3, des del disseny fins a la realitzaci\u00f3 final de la pe\u00e7a.<\/p>\n<p class=\"isSelectedEnd\">El projecte ha estat possible gr\u00e0cies a la col\u00b7laboraci\u00f3 de l\u2019AFA del centre, l\u2019Ajuntament de Sant Cugat i l\u2019EMD de Valldoreix, que va estar representada a l\u2019acte de presentaci\u00f3 \u2014celebrat a la sala d\u2019actes de l\u2019institut\u2014 pel vocal del govern valldoreixenc Ramon Segura.<\/p>\n<p>Amb iniciatives com aquesta, el centre reafirma el seu comprom\u00eds amb un aprenentatge competencial, creatiu i connectat amb l\u2019entorn, i continuar\u00e0 treballant per teixir xarxes que enriqueixin l\u2019experi\u00e8ncia educativa del seu alumnat.<\/p>\n<p><a href=\"https:\/\/agora.xtec.cat\/iesarnaucadell\/wp-content\/uploads\/usu2503\/2026\/04\/26683.jpg\"><img loading=\"lazy\" decoding=\"async\" class=\"alignnone size-large wp-image-2904\" src=\"https:\/\/agora.xtec.cat\/iesarnaucadell\/wp-content\/uploads\/usu2503\/2026\/04\/26683-768x1024.jpg\" alt=\"\" width=\"768\" height=\"1024\" srcset=\"https:\/\/agora.xtec.cat\/iesarnaucadell\/wp-content\/uploads\/usu2503\/2026\/04\/26683-768x1024.jpg 768w, https:\/\/agora.xtec.cat\/iesarnaucadell\/wp-content\/uploads\/usu2503\/2026\/04\/26683-225x300.jpg 225w, https:\/\/agora.xtec.cat\/iesarnaucadell\/wp-content\/uploads\/usu2503\/2026\/04\/26683-1152x1536.jpg 1152w, https:\/\/agora.xtec.cat\/iesarnaucadell\/wp-content\/uploads\/usu2503\/2026\/04\/26683.jpg 1200w\" sizes=\"auto, (max-width: 768px) 100vw, 768px\" \/><\/a><\/p>\n","protected":false},"excerpt":{"rendered":"<p>Valldoreix compta des d\u2019ara amb un nou capgr\u00f2s, presentat en societat el passat divendres en el marc de la Setmana Cultural 2026. Aquesta nova figura \u00e9s el resultat d\u2019un projecte desenvolupat per l\u2019alumnat de 1r d\u2019ESO al llarg dels darrers mesos.<br \/>\nLa iniciativa s\u2019ha dut a&hellip;  <a href=\"https:\/\/agora.xtec.cat\/iesarnaucadell\/general\/valldoreix-estrena-un-nou-capgros-creat-per-lalumnat-del-centre\/\" title=\"Read Valldoreix estrena un nou capgr\u00f2s creat per l\u2019alumnat del centre\">Llegeix m\u00e9s\u00bb<\/a><\/p>\n","protected":false},"author":1,"featured_media":0,"comment_status":"open","ping_status":"open","sticky":false,"template":"","format":"standard","meta":{"_bbp_topic_count":0,"_bbp_reply_count":0,"_bbp_total_topic_count":0,"_bbp_total_reply_count":0,"_bbp_voice_count":0,"_bbp_anonymous_reply_count":0,"_bbp_topic_count_hidden":0,"_bbp_reply_count_hidden":0,"_bbp_forum_subforum_count":0,"footnotes":""},"categories":[31,3,4,1,29],"tags":[],"class_list":["post-2903","post","type-post","status-publish","format-standard","hentry","category-afa","category-eso","category-eso-1","category-general","category-portada"],"post_mailing_queue_ids":[],"_links":{"self":[{"href":"https:\/\/agora.xtec.cat\/iesarnaucadell\/wp-json\/wp\/v2\/posts\/2903","targetHints":{"allow":["GET"]}}],"collection":[{"href":"https:\/\/agora.xtec.cat\/iesarnaucadell\/wp-json\/wp\/v2\/posts"}],"about":[{"href":"https:\/\/agora.xtec.cat\/iesarnaucadell\/wp-json\/wp\/v2\/types\/post"}],"author":[{"embeddable":true,"href":"https:\/\/agora.xtec.cat\/iesarnaucadell\/wp-json\/wp\/v2\/users\/1"}],"replies":[{"embeddable":true,"href":"https:\/\/agora.xtec.cat\/iesarnaucadell\/wp-json\/wp\/v2\/comments?post=2903"}],"version-history":[{"count":1,"href":"https:\/\/agora.xtec.cat\/iesarnaucadell\/wp-json\/wp\/v2\/posts\/2903\/revisions"}],"predecessor-version":[{"id":2905,"href":"https:\/\/agora.xtec.cat\/iesarnaucadell\/wp-json\/wp\/v2\/posts\/2903\/revisions\/2905"}],"wp:attachment":[{"href":"https:\/\/agora.xtec.cat\/iesarnaucadell\/wp-json\/wp\/v2\/media?parent=2903"}],"wp:term":[{"taxonomy":"category","embeddable":true,"href":"https:\/\/agora.xtec.cat\/iesarnaucadell\/wp-json\/wp\/v2\/categories?post=2903"},{"taxonomy":"post_tag","embeddable":true,"href":"https:\/\/agora.xtec.cat\/iesarnaucadell\/wp-json\/wp\/v2\/tags?post=2903"}],"curies":[{"name":"wp","href":"https:\/\/api.w.org\/{rel}","templated":true}]}}