{"id":2898,"date":"2026-04-26T10:46:49","date_gmt":"2026-04-26T08:46:49","guid":{"rendered":"https:\/\/agora.xtec.cat\/iesarnaucadell\/?p=2898"},"modified":"2026-04-26T10:46:49","modified_gmt":"2026-04-26T08:46:49","slug":"conferencia-de-dory-sontheimer-memoria-testimoni-i-compromis-democratic","status":"publish","type":"post","link":"https:\/\/agora.xtec.cat\/iesarnaucadell\/general\/conferencia-de-dory-sontheimer-memoria-testimoni-i-compromis-democratic\/","title":{"rendered":"Confer\u00e8ncia de Dory Sontheimer: mem\u00f2ria, testimoni i comprom\u00eds democr\u00e0tic"},"content":{"rendered":"<p class=\"isSelectedEnd\">El centre ha tingut el privilegi d\u2019acollir la confer\u00e8ncia de Dory Sontheimer, autora de <em>Les set caixes<\/em> i <em>La vuitena caixa<\/em>, en el marc de la Setmana Cultural.<\/p>\n<p class=\"isSelectedEnd\">Durant la seva intervenci\u00f3, Sontheimer va compartir amb l\u2019alumnat de primer de batxilletat LOMLOE i internacional la seva experi\u00e8ncia personal arran del descobriment de la hist\u00f2ria de la seva fam\u00edlia, un relat colpidor que posa en relleu les conseq\u00fc\u00e8ncies dels discursos d\u2019odi i l\u2019emerg\u00e8ncia de r\u00e8gims autoritaris. El seu testimoni directe esdev\u00e9 una eina fonamental per comprendre la import\u00e0ncia de preservar la mem\u00f2ria hist\u00f2rica i defensar la veritat.<\/p>\n<p class=\"isSelectedEnd\">La confer\u00e8ncia va oferir un espai de reflexi\u00f3 profunda, en qu\u00e8 es va evidenciar el valor dels testimonis com a via per educar en el pensament cr\u00edtic i en la consci\u00e8ncia democr\u00e0tica, especialment entre les noves generacions.<\/p>\n<p>Des del centre, es vol expressar un sincer agra\u00efment al Memorial Democr\u00e0tic de la Generalitat de Catalunya i a la mateixa Dory Sontheimer per la seva valuosa aportaci\u00f3. Activitats com aquesta contribueixen a enriquir la Setmana Cultural i a posar el nostre granet de sorra en la defensa dels valors democr\u00e0tics i de l\u2019esperit cr\u00edtic.<\/p>\n<p><a href=\"https:\/\/agora.xtec.cat\/iesarnaucadell\/wp-content\/uploads\/usu2503\/2026\/04\/26705.jpg\"><img loading=\"lazy\" decoding=\"async\" class=\"alignnone size-large wp-image-2899\" src=\"https:\/\/agora.xtec.cat\/iesarnaucadell\/wp-content\/uploads\/usu2503\/2026\/04\/26705-1024x768.jpg\" alt=\"\" width=\"1024\" height=\"768\" srcset=\"https:\/\/agora.xtec.cat\/iesarnaucadell\/wp-content\/uploads\/usu2503\/2026\/04\/26705-1024x768.jpg 1024w, https:\/\/agora.xtec.cat\/iesarnaucadell\/wp-content\/uploads\/usu2503\/2026\/04\/26705-300x225.jpg 300w, https:\/\/agora.xtec.cat\/iesarnaucadell\/wp-content\/uploads\/usu2503\/2026\/04\/26705-768x576.jpg 768w, https:\/\/agora.xtec.cat\/iesarnaucadell\/wp-content\/uploads\/usu2503\/2026\/04\/26705-1536x1152.jpg 1536w, https:\/\/agora.xtec.cat\/iesarnaucadell\/wp-content\/uploads\/usu2503\/2026\/04\/26705-200x150.jpg 200w, https:\/\/agora.xtec.cat\/iesarnaucadell\/wp-content\/uploads\/usu2503\/2026\/04\/26705.jpg 1600w\" sizes=\"auto, (max-width: 1024px) 100vw, 1024px\" \/><\/a> <a href=\"https:\/\/agora.xtec.cat\/iesarnaucadell\/wp-content\/uploads\/usu2503\/2026\/04\/26704.jpg\"><img loading=\"lazy\" decoding=\"async\" class=\"alignnone size-large wp-image-2900\" src=\"https:\/\/agora.xtec.cat\/iesarnaucadell\/wp-content\/uploads\/usu2503\/2026\/04\/26704-1024x768.jpg\" alt=\"\" width=\"1024\" height=\"768\" srcset=\"https:\/\/agora.xtec.cat\/iesarnaucadell\/wp-content\/uploads\/usu2503\/2026\/04\/26704-1024x768.jpg 1024w, https:\/\/agora.xtec.cat\/iesarnaucadell\/wp-content\/uploads\/usu2503\/2026\/04\/26704-300x225.jpg 300w, https:\/\/agora.xtec.cat\/iesarnaucadell\/wp-content\/uploads\/usu2503\/2026\/04\/26704-768x576.jpg 768w, https:\/\/agora.xtec.cat\/iesarnaucadell\/wp-content\/uploads\/usu2503\/2026\/04\/26704-1536x1152.jpg 1536w, https:\/\/agora.xtec.cat\/iesarnaucadell\/wp-content\/uploads\/usu2503\/2026\/04\/26704-200x150.jpg 200w, https:\/\/agora.xtec.cat\/iesarnaucadell\/wp-content\/uploads\/usu2503\/2026\/04\/26704.jpg 1600w\" sizes=\"auto, (max-width: 1024px) 100vw, 1024px\" \/><\/a> <a href=\"https:\/\/agora.xtec.cat\/iesarnaucadell\/wp-content\/uploads\/usu2503\/2026\/04\/26706.jpg\"><img loading=\"lazy\" decoding=\"async\" class=\"alignnone size-large wp-image-2901\" src=\"https:\/\/agora.xtec.cat\/iesarnaucadell\/wp-content\/uploads\/usu2503\/2026\/04\/26706-1024x768.jpg\" alt=\"\" width=\"1024\" height=\"768\" srcset=\"https:\/\/agora.xtec.cat\/iesarnaucadell\/wp-content\/uploads\/usu2503\/2026\/04\/26706-1024x768.jpg 1024w, https:\/\/agora.xtec.cat\/iesarnaucadell\/wp-content\/uploads\/usu2503\/2026\/04\/26706-300x225.jpg 300w, https:\/\/agora.xtec.cat\/iesarnaucadell\/wp-content\/uploads\/usu2503\/2026\/04\/26706-768x576.jpg 768w, https:\/\/agora.xtec.cat\/iesarnaucadell\/wp-content\/uploads\/usu2503\/2026\/04\/26706-1536x1152.jpg 1536w, https:\/\/agora.xtec.cat\/iesarnaucadell\/wp-content\/uploads\/usu2503\/2026\/04\/26706-200x150.jpg 200w, https:\/\/agora.xtec.cat\/iesarnaucadell\/wp-content\/uploads\/usu2503\/2026\/04\/26706.jpg 1600w\" sizes=\"auto, (max-width: 1024px) 100vw, 1024px\" \/><\/a><\/p>\n","protected":false},"excerpt":{"rendered":"<p>El centre ha tingut el privilegi d\u2019acollir la confer\u00e8ncia de Dory Sontheimer, autora de Les set caixes i La vuitena caixa, en el marc de la Setmana Cultural.<br \/>\nDurant la seva intervenci\u00f3, Sontheimer va compartir amb l\u2019alumnat de primer de batxilletat LOMLOE i internacional la seva&hellip;  <a href=\"https:\/\/agora.xtec.cat\/iesarnaucadell\/general\/conferencia-de-dory-sontheimer-memoria-testimoni-i-compromis-democratic\/\" title=\"Read Confer\u00e8ncia de Dory Sontheimer: mem\u00f2ria, testimoni i comprom\u00eds democr\u00e0tic\">Llegeix m\u00e9s\u00bb<\/a><\/p>\n","protected":false},"author":1,"featured_media":0,"comment_status":"open","ping_status":"open","sticky":false,"template":"","format":"standard","meta":{"_bbp_topic_count":0,"_bbp_reply_count":0,"_bbp_total_topic_count":0,"_bbp_total_reply_count":0,"_bbp_voice_count":0,"_bbp_anonymous_reply_count":0,"_bbp_topic_count_hidden":0,"_bbp_reply_count_hidden":0,"_bbp_forum_subforum_count":0,"footnotes":""},"categories":[8,118,1,29],"tags":[],"class_list":["post-2898","post","type-post","status-publish","format-standard","hentry","category-batxillerat","category-batxillerat-internacional","category-general","category-portada"],"post_mailing_queue_ids":[],"_links":{"self":[{"href":"https:\/\/agora.xtec.cat\/iesarnaucadell\/wp-json\/wp\/v2\/posts\/2898","targetHints":{"allow":["GET"]}}],"collection":[{"href":"https:\/\/agora.xtec.cat\/iesarnaucadell\/wp-json\/wp\/v2\/posts"}],"about":[{"href":"https:\/\/agora.xtec.cat\/iesarnaucadell\/wp-json\/wp\/v2\/types\/post"}],"author":[{"embeddable":true,"href":"https:\/\/agora.xtec.cat\/iesarnaucadell\/wp-json\/wp\/v2\/users\/1"}],"replies":[{"embeddable":true,"href":"https:\/\/agora.xtec.cat\/iesarnaucadell\/wp-json\/wp\/v2\/comments?post=2898"}],"version-history":[{"count":1,"href":"https:\/\/agora.xtec.cat\/iesarnaucadell\/wp-json\/wp\/v2\/posts\/2898\/revisions"}],"predecessor-version":[{"id":2902,"href":"https:\/\/agora.xtec.cat\/iesarnaucadell\/wp-json\/wp\/v2\/posts\/2898\/revisions\/2902"}],"wp:attachment":[{"href":"https:\/\/agora.xtec.cat\/iesarnaucadell\/wp-json\/wp\/v2\/media?parent=2898"}],"wp:term":[{"taxonomy":"category","embeddable":true,"href":"https:\/\/agora.xtec.cat\/iesarnaucadell\/wp-json\/wp\/v2\/categories?post=2898"},{"taxonomy":"post_tag","embeddable":true,"href":"https:\/\/agora.xtec.cat\/iesarnaucadell\/wp-json\/wp\/v2\/tags?post=2898"}],"curies":[{"name":"wp","href":"https:\/\/api.w.org\/{rel}","templated":true}]}}