{"id":2889,"date":"2026-04-26T09:55:14","date_gmt":"2026-04-26T07:55:14","guid":{"rendered":"https:\/\/agora.xtec.cat\/iesarnaucadell\/?p=2889"},"modified":"2026-04-26T09:55:14","modified_gmt":"2026-04-26T07:55:14","slug":"el-centre-celebra-sant-jordi-amb-el-lliurament-de-premis-a-la-creativitat-de-lalumnat","status":"publish","type":"post","link":"https:\/\/agora.xtec.cat\/iesarnaucadell\/general\/el-centre-celebra-sant-jordi-amb-el-lliurament-de-premis-a-la-creativitat-de-lalumnat\/","title":{"rendered":"El centre celebra Sant Jordi amb el lliurament de premis a la creativitat de l\u2019alumnat"},"content":{"rendered":"<p class=\"isSelectedEnd\">La diada de Sant Jordi s\u2019ha celebrat al centre amb un acte especial de lliurament de premis que ha reconegut el talent i l\u2019esfor\u00e7 de l\u2019alumnat en diferents \u00e0mbits.<\/p>\n<p class=\"isSelectedEnd\">Els guardons han abastat diverses categories, com la prosa i narrativa en llengua catalana i castellana, la fotografia matem\u00e0tica, la narrativa hist\u00f2rica, aix\u00ed com els millors treballs de ci\u00e8ncia, tant en format de maquetes com de fotografia. Aquesta diversitat ha posat en valor la riquesa d\u2019interessos i capacitats presents al centre.<\/p>\n<p class=\"isSelectedEnd\">La celebraci\u00f3 de Sant Jordi, juntament amb altres iniciatives com les setmanes tem\u00e0tiques \u2014entre elles la Setmana Cultural o la de la Ci\u00e8ncia\u2014, es consolida com una oportunitat per recon\u00e8ixer la creativitat de l\u2019alumnat i incentivar la seva participaci\u00f3.<\/p>\n<p class=\"isSelectedEnd\">Al llarg del mat\u00ed, la biblioteca del centre ha esdevingut un punt de trobada literari amb activitats de lectura de contes i recitals de poesia. L\u2019alumnat ha pogut compartir textos, emocions i interpretacions en un ambient proper i participatiu.<\/p>\n<p class=\"isSelectedEnd\">Aquestes activitats han posat en valor la biblioteca com un espai viu, din\u00e0mic i en constant creixement, del qual tota la comunitat educativa pot sentir-se orgullosa.<\/p>\n<p>Aquests espais de reconeixement contribueixen a refor\u00e7ar el vincle amb el centre i a entendre\u2019l com un entorn de creixement, on la feina feta t\u00e9 valor i visibilitat, i on l\u2019alumnat \u00e9s protagonista del seu propi proc\u00e9s d\u2019aprenentatge.<\/p>\n<p><a href=\"https:\/\/agora.xtec.cat\/iesarnaucadell\/wp-content\/uploads\/usu2503\/2026\/04\/26258.jpg\"><img loading=\"lazy\" decoding=\"async\" class=\"alignnone size-large wp-image-2890\" src=\"https:\/\/agora.xtec.cat\/iesarnaucadell\/wp-content\/uploads\/usu2503\/2026\/04\/26258-768x1024.jpg\" alt=\"\" width=\"768\" height=\"1024\" srcset=\"https:\/\/agora.xtec.cat\/iesarnaucadell\/wp-content\/uploads\/usu2503\/2026\/04\/26258-768x1024.jpg 768w, https:\/\/agora.xtec.cat\/iesarnaucadell\/wp-content\/uploads\/usu2503\/2026\/04\/26258-225x300.jpg 225w, https:\/\/agora.xtec.cat\/iesarnaucadell\/wp-content\/uploads\/usu2503\/2026\/04\/26258-1152x1536.jpg 1152w, https:\/\/agora.xtec.cat\/iesarnaucadell\/wp-content\/uploads\/usu2503\/2026\/04\/26258.jpg 1200w\" sizes=\"auto, (max-width: 768px) 100vw, 768px\" \/><\/a> <a href=\"https:\/\/agora.xtec.cat\/iesarnaucadell\/wp-content\/uploads\/usu2503\/2026\/04\/26254.jpg\"><img loading=\"lazy\" decoding=\"async\" class=\"alignnone size-large wp-image-2891\" src=\"https:\/\/agora.xtec.cat\/iesarnaucadell\/wp-content\/uploads\/usu2503\/2026\/04\/26254-1024x768.jpg\" alt=\"\" width=\"1024\" height=\"768\" srcset=\"https:\/\/agora.xtec.cat\/iesarnaucadell\/wp-content\/uploads\/usu2503\/2026\/04\/26254-1024x768.jpg 1024w, https:\/\/agora.xtec.cat\/iesarnaucadell\/wp-content\/uploads\/usu2503\/2026\/04\/26254-300x225.jpg 300w, https:\/\/agora.xtec.cat\/iesarnaucadell\/wp-content\/uploads\/usu2503\/2026\/04\/26254-768x576.jpg 768w, https:\/\/agora.xtec.cat\/iesarnaucadell\/wp-content\/uploads\/usu2503\/2026\/04\/26254-1536x1152.jpg 1536w, https:\/\/agora.xtec.cat\/iesarnaucadell\/wp-content\/uploads\/usu2503\/2026\/04\/26254-200x150.jpg 200w, https:\/\/agora.xtec.cat\/iesarnaucadell\/wp-content\/uploads\/usu2503\/2026\/04\/26254.jpg 1600w\" sizes=\"auto, (max-width: 1024px) 100vw, 1024px\" \/><\/a> <a href=\"https:\/\/agora.xtec.cat\/iesarnaucadell\/wp-content\/uploads\/usu2503\/2026\/04\/26260.jpg\"><img loading=\"lazy\" decoding=\"async\" class=\"alignnone size-large wp-image-2892\" src=\"https:\/\/agora.xtec.cat\/iesarnaucadell\/wp-content\/uploads\/usu2503\/2026\/04\/26260-1024x768.jpg\" alt=\"\" width=\"1024\" height=\"768\" srcset=\"https:\/\/agora.xtec.cat\/iesarnaucadell\/wp-content\/uploads\/usu2503\/2026\/04\/26260-1024x768.jpg 1024w, https:\/\/agora.xtec.cat\/iesarnaucadell\/wp-content\/uploads\/usu2503\/2026\/04\/26260-300x225.jpg 300w, https:\/\/agora.xtec.cat\/iesarnaucadell\/wp-content\/uploads\/usu2503\/2026\/04\/26260-768x576.jpg 768w, https:\/\/agora.xtec.cat\/iesarnaucadell\/wp-content\/uploads\/usu2503\/2026\/04\/26260-1536x1152.jpg 1536w, https:\/\/agora.xtec.cat\/iesarnaucadell\/wp-content\/uploads\/usu2503\/2026\/04\/26260-200x150.jpg 200w, https:\/\/agora.xtec.cat\/iesarnaucadell\/wp-content\/uploads\/usu2503\/2026\/04\/26260.jpg 1600w\" sizes=\"auto, (max-width: 1024px) 100vw, 1024px\" \/><\/a> <a href=\"https:\/\/agora.xtec.cat\/iesarnaucadell\/wp-content\/uploads\/usu2503\/2026\/04\/26262.jpg\"><img loading=\"lazy\" decoding=\"async\" class=\"alignnone size-large wp-image-2893\" src=\"https:\/\/agora.xtec.cat\/iesarnaucadell\/wp-content\/uploads\/usu2503\/2026\/04\/26262-1024x768.jpg\" alt=\"\" width=\"1024\" height=\"768\" srcset=\"https:\/\/agora.xtec.cat\/iesarnaucadell\/wp-content\/uploads\/usu2503\/2026\/04\/26262-1024x768.jpg 1024w, https:\/\/agora.xtec.cat\/iesarnaucadell\/wp-content\/uploads\/usu2503\/2026\/04\/26262-300x225.jpg 300w, https:\/\/agora.xtec.cat\/iesarnaucadell\/wp-content\/uploads\/usu2503\/2026\/04\/26262-768x576.jpg 768w, https:\/\/agora.xtec.cat\/iesarnaucadell\/wp-content\/uploads\/usu2503\/2026\/04\/26262-1536x1152.jpg 1536w, https:\/\/agora.xtec.cat\/iesarnaucadell\/wp-content\/uploads\/usu2503\/2026\/04\/26262-200x150.jpg 200w, https:\/\/agora.xtec.cat\/iesarnaucadell\/wp-content\/uploads\/usu2503\/2026\/04\/26262.jpg 1600w\" sizes=\"auto, (max-width: 1024px) 100vw, 1024px\" \/><\/a> <a href=\"https:\/\/agora.xtec.cat\/iesarnaucadell\/wp-content\/uploads\/usu2503\/2026\/04\/26257.jpg\"><img loading=\"lazy\" decoding=\"async\" class=\"alignnone size-large wp-image-2894\" src=\"https:\/\/agora.xtec.cat\/iesarnaucadell\/wp-content\/uploads\/usu2503\/2026\/04\/26257-768x1024.jpg\" alt=\"\" width=\"768\" height=\"1024\" srcset=\"https:\/\/agora.xtec.cat\/iesarnaucadell\/wp-content\/uploads\/usu2503\/2026\/04\/26257-768x1024.jpg 768w, https:\/\/agora.xtec.cat\/iesarnaucadell\/wp-content\/uploads\/usu2503\/2026\/04\/26257-225x300.jpg 225w, https:\/\/agora.xtec.cat\/iesarnaucadell\/wp-content\/uploads\/usu2503\/2026\/04\/26257-1152x1536.jpg 1152w, https:\/\/agora.xtec.cat\/iesarnaucadell\/wp-content\/uploads\/usu2503\/2026\/04\/26257.jpg 1200w\" sizes=\"auto, (max-width: 768px) 100vw, 768px\" \/><\/a> <a href=\"https:\/\/agora.xtec.cat\/iesarnaucadell\/wp-content\/uploads\/usu2503\/2026\/04\/26259.jpg\"><img loading=\"lazy\" decoding=\"async\" class=\"alignnone size-large wp-image-2895\" src=\"https:\/\/agora.xtec.cat\/iesarnaucadell\/wp-content\/uploads\/usu2503\/2026\/04\/26259-768x1024.jpg\" alt=\"\" width=\"768\" height=\"1024\" srcset=\"https:\/\/agora.xtec.cat\/iesarnaucadell\/wp-content\/uploads\/usu2503\/2026\/04\/26259-768x1024.jpg 768w, https:\/\/agora.xtec.cat\/iesarnaucadell\/wp-content\/uploads\/usu2503\/2026\/04\/26259-225x300.jpg 225w, https:\/\/agora.xtec.cat\/iesarnaucadell\/wp-content\/uploads\/usu2503\/2026\/04\/26259-1152x1536.jpg 1152w, https:\/\/agora.xtec.cat\/iesarnaucadell\/wp-content\/uploads\/usu2503\/2026\/04\/26259.jpg 1200w\" sizes=\"auto, (max-width: 768px) 100vw, 768px\" \/><\/a> <a href=\"https:\/\/agora.xtec.cat\/iesarnaucadell\/wp-content\/uploads\/usu2503\/2026\/04\/26255.jpg\"><img loading=\"lazy\" decoding=\"async\" class=\"alignnone size-large wp-image-2896\" src=\"https:\/\/agora.xtec.cat\/iesarnaucadell\/wp-content\/uploads\/usu2503\/2026\/04\/26255-1024x768.jpg\" alt=\"\" width=\"1024\" height=\"768\" srcset=\"https:\/\/agora.xtec.cat\/iesarnaucadell\/wp-content\/uploads\/usu2503\/2026\/04\/26255-1024x768.jpg 1024w, https:\/\/agora.xtec.cat\/iesarnaucadell\/wp-content\/uploads\/usu2503\/2026\/04\/26255-300x225.jpg 300w, https:\/\/agora.xtec.cat\/iesarnaucadell\/wp-content\/uploads\/usu2503\/2026\/04\/26255-768x576.jpg 768w, https:\/\/agora.xtec.cat\/iesarnaucadell\/wp-content\/uploads\/usu2503\/2026\/04\/26255-1536x1152.jpg 1536w, https:\/\/agora.xtec.cat\/iesarnaucadell\/wp-content\/uploads\/usu2503\/2026\/04\/26255-200x150.jpg 200w, https:\/\/agora.xtec.cat\/iesarnaucadell\/wp-content\/uploads\/usu2503\/2026\/04\/26255.jpg 1600w\" sizes=\"auto, (max-width: 1024px) 100vw, 1024px\" \/><\/a><\/p>\n","protected":false},"excerpt":{"rendered":"<p>La diada de Sant Jordi s\u2019ha celebrat al centre amb un acte especial de lliurament de premis que ha reconegut el talent i l\u2019esfor\u00e7 de l\u2019alumnat en diferents \u00e0mbits.<br \/>\nEls guardons han abastat diverses categories, com la prosa i narrativa en llengua catalana i castellana, la&hellip;  <a href=\"https:\/\/agora.xtec.cat\/iesarnaucadell\/general\/el-centre-celebra-sant-jordi-amb-el-lliurament-de-premis-a-la-creativitat-de-lalumnat\/\" title=\"Read El centre celebra Sant Jordi amb el lliurament de premis a la creativitat de l\u2019alumnat\">Llegeix m\u00e9s\u00bb<\/a><\/p>\n","protected":false},"author":1,"featured_media":0,"comment_status":"open","ping_status":"open","sticky":false,"template":"","format":"standard","meta":{"_bbp_topic_count":0,"_bbp_reply_count":0,"_bbp_total_topic_count":0,"_bbp_total_reply_count":0,"_bbp_voice_count":0,"_bbp_anonymous_reply_count":0,"_bbp_topic_count_hidden":0,"_bbp_reply_count_hidden":0,"_bbp_forum_subforum_count":0,"footnotes":""},"categories":[1,29],"tags":[],"class_list":["post-2889","post","type-post","status-publish","format-standard","hentry","category-general","category-portada"],"post_mailing_queue_ids":[],"_links":{"self":[{"href":"https:\/\/agora.xtec.cat\/iesarnaucadell\/wp-json\/wp\/v2\/posts\/2889","targetHints":{"allow":["GET"]}}],"collection":[{"href":"https:\/\/agora.xtec.cat\/iesarnaucadell\/wp-json\/wp\/v2\/posts"}],"about":[{"href":"https:\/\/agora.xtec.cat\/iesarnaucadell\/wp-json\/wp\/v2\/types\/post"}],"author":[{"embeddable":true,"href":"https:\/\/agora.xtec.cat\/iesarnaucadell\/wp-json\/wp\/v2\/users\/1"}],"replies":[{"embeddable":true,"href":"https:\/\/agora.xtec.cat\/iesarnaucadell\/wp-json\/wp\/v2\/comments?post=2889"}],"version-history":[{"count":1,"href":"https:\/\/agora.xtec.cat\/iesarnaucadell\/wp-json\/wp\/v2\/posts\/2889\/revisions"}],"predecessor-version":[{"id":2897,"href":"https:\/\/agora.xtec.cat\/iesarnaucadell\/wp-json\/wp\/v2\/posts\/2889\/revisions\/2897"}],"wp:attachment":[{"href":"https:\/\/agora.xtec.cat\/iesarnaucadell\/wp-json\/wp\/v2\/media?parent=2889"}],"wp:term":[{"taxonomy":"category","embeddable":true,"href":"https:\/\/agora.xtec.cat\/iesarnaucadell\/wp-json\/wp\/v2\/categories?post=2889"},{"taxonomy":"post_tag","embeddable":true,"href":"https:\/\/agora.xtec.cat\/iesarnaucadell\/wp-json\/wp\/v2\/tags?post=2889"}],"curies":[{"name":"wp","href":"https:\/\/api.w.org\/{rel}","templated":true}]}}