{"id":2884,"date":"2026-04-26T09:35:12","date_gmt":"2026-04-26T07:35:12","guid":{"rendered":"https:\/\/agora.xtec.cat\/iesarnaucadell\/?p=2884"},"modified":"2026-04-26T09:35:12","modified_gmt":"2026-04-26T07:35:12","slug":"tallers-sobre-francesc-boix-el-fotograf-de-mauthausen","status":"publish","type":"post","link":"https:\/\/agora.xtec.cat\/iesarnaucadell\/general\/tallers-sobre-francesc-boix-el-fotograf-de-mauthausen\/","title":{"rendered":"Tallers sobre Francesc Boix, el fot\u00f2graf de Mauthausen"},"content":{"rendered":"<p class=\"isSelectedEnd\">El centre ha acollit recentment uns tallers dedicats a la figura de Francesc Boix, el fot\u00f2graf de Mauthausen, amb l\u2019objectiu d\u2019aprofundir en la mem\u00f2ria hist\u00f2rica i reflexionar sobre el valor de la veritat.<\/p>\n<p class=\"isSelectedEnd\">A trav\u00e9s d\u2019aquestes activitats, l\u2019alumnat de 4t d&#8217;ESO ha conegut el paper clau de Boix en la preservaci\u00f3 de proves dels crims del nazisme, aix\u00ed com el seu comprom\u00eds i valentia en un context marcat per la repressi\u00f3 i la manipulaci\u00f3. Els tallers han posat en relleu la import\u00e0ncia de figures que, arriscant la seva vida, van defensar la necessitat de transmetre la veritat per damunt de qualsevol intent d\u2019ocultaci\u00f3.<\/p>\n<p class=\"isSelectedEnd\">Aquesta proposta educativa ha perm\u00e8s treballar la mem\u00f2ria hist\u00f2rica des d\u2019una perspectiva cr\u00edtica, fomentant en l\u2019alumnat la reflexi\u00f3 sobre el passat i la seva connexi\u00f3 amb els reptes del present.<\/p>\n<p>Des del centre, es vol expressar un especial agra\u00efment al Memorial Democr\u00e0tic de la Generalitat de Catalunya per la seva col\u00b7laboraci\u00f3, que ha fet possible aquesta experi\u00e8ncia. Iniciatives com aquesta contribueixen a seguir acompanyant l\u2019alumnat en el desenvolupament del pensament cr\u00edtic i en un aprenentatge que va m\u00e9s enll\u00e0 de l\u2019aula.<\/p>\n<p><a href=\"https:\/\/agora.xtec.cat\/iesarnaucadell\/wp-content\/uploads\/usu2503\/2026\/04\/26694.jpg\"><img loading=\"lazy\" decoding=\"async\" class=\"alignnone size-large wp-image-2885\" src=\"https:\/\/agora.xtec.cat\/iesarnaucadell\/wp-content\/uploads\/usu2503\/2026\/04\/26694-1024x768.jpg\" alt=\"\" width=\"1024\" height=\"768\" srcset=\"https:\/\/agora.xtec.cat\/iesarnaucadell\/wp-content\/uploads\/usu2503\/2026\/04\/26694-1024x768.jpg 1024w, https:\/\/agora.xtec.cat\/iesarnaucadell\/wp-content\/uploads\/usu2503\/2026\/04\/26694-300x225.jpg 300w, https:\/\/agora.xtec.cat\/iesarnaucadell\/wp-content\/uploads\/usu2503\/2026\/04\/26694-768x576.jpg 768w, https:\/\/agora.xtec.cat\/iesarnaucadell\/wp-content\/uploads\/usu2503\/2026\/04\/26694-1536x1152.jpg 1536w, https:\/\/agora.xtec.cat\/iesarnaucadell\/wp-content\/uploads\/usu2503\/2026\/04\/26694-2048x1536.jpg 2048w, https:\/\/agora.xtec.cat\/iesarnaucadell\/wp-content\/uploads\/usu2503\/2026\/04\/26694-200x150.jpg 200w\" sizes=\"auto, (max-width: 1024px) 100vw, 1024px\" \/><\/a> <a href=\"https:\/\/agora.xtec.cat\/iesarnaucadell\/wp-content\/uploads\/usu2503\/2026\/04\/25988.jpg\"><img loading=\"lazy\" decoding=\"async\" class=\"alignnone size-large wp-image-2886\" src=\"https:\/\/agora.xtec.cat\/iesarnaucadell\/wp-content\/uploads\/usu2503\/2026\/04\/25988.jpg\" alt=\"\" width=\"960\" height=\"540\" srcset=\"https:\/\/agora.xtec.cat\/iesarnaucadell\/wp-content\/uploads\/usu2503\/2026\/04\/25988.jpg 960w, https:\/\/agora.xtec.cat\/iesarnaucadell\/wp-content\/uploads\/usu2503\/2026\/04\/25988-300x169.jpg 300w, https:\/\/agora.xtec.cat\/iesarnaucadell\/wp-content\/uploads\/usu2503\/2026\/04\/25988-768x432.jpg 768w\" sizes=\"auto, (max-width: 960px) 100vw, 960px\" \/><\/a> <a href=\"https:\/\/agora.xtec.cat\/iesarnaucadell\/wp-content\/uploads\/usu2503\/2026\/04\/26001.jpg\"><img loading=\"lazy\" decoding=\"async\" class=\"alignnone size-large wp-image-2887\" src=\"https:\/\/agora.xtec.cat\/iesarnaucadell\/wp-content\/uploads\/usu2503\/2026\/04\/26001-1024x576.jpg\" alt=\"\" width=\"1024\" height=\"576\" srcset=\"https:\/\/agora.xtec.cat\/iesarnaucadell\/wp-content\/uploads\/usu2503\/2026\/04\/26001-1024x576.jpg 1024w, https:\/\/agora.xtec.cat\/iesarnaucadell\/wp-content\/uploads\/usu2503\/2026\/04\/26001-300x169.jpg 300w, https:\/\/agora.xtec.cat\/iesarnaucadell\/wp-content\/uploads\/usu2503\/2026\/04\/26001-768x432.jpg 768w, https:\/\/agora.xtec.cat\/iesarnaucadell\/wp-content\/uploads\/usu2503\/2026\/04\/26001.jpg 1280w\" sizes=\"auto, (max-width: 1024px) 100vw, 1024px\" \/><\/a><\/p>\n<p>&nbsp;<\/p>\n","protected":false},"excerpt":{"rendered":"<p>El centre ha acollit recentment uns tallers dedicats a la figura de Francesc Boix, el fot\u00f2graf de Mauthausen, amb l\u2019objectiu d\u2019aprofundir en la mem\u00f2ria hist\u00f2rica i reflexionar sobre el valor de la veritat.<br \/>\nA trav\u00e9s d\u2019aquestes activitats, l\u2019alumnat de 4t d&#8217;ESO ha conegut el paper clau&hellip;  <a href=\"https:\/\/agora.xtec.cat\/iesarnaucadell\/general\/tallers-sobre-francesc-boix-el-fotograf-de-mauthausen\/\" title=\"Read Tallers sobre Francesc Boix, el fot\u00f2graf de Mauthausen\">Llegeix m\u00e9s\u00bb<\/a><\/p>\n","protected":false},"author":1,"featured_media":0,"comment_status":"open","ping_status":"open","sticky":false,"template":"","format":"standard","meta":{"_bbp_topic_count":0,"_bbp_reply_count":0,"_bbp_total_topic_count":0,"_bbp_total_reply_count":0,"_bbp_voice_count":0,"_bbp_anonymous_reply_count":0,"_bbp_topic_count_hidden":0,"_bbp_reply_count_hidden":0,"_bbp_forum_subforum_count":0,"footnotes":""},"categories":[7,1,29],"tags":[],"class_list":["post-2884","post","type-post","status-publish","format-standard","hentry","category-eso-4","category-general","category-portada"],"post_mailing_queue_ids":[],"_links":{"self":[{"href":"https:\/\/agora.xtec.cat\/iesarnaucadell\/wp-json\/wp\/v2\/posts\/2884","targetHints":{"allow":["GET"]}}],"collection":[{"href":"https:\/\/agora.xtec.cat\/iesarnaucadell\/wp-json\/wp\/v2\/posts"}],"about":[{"href":"https:\/\/agora.xtec.cat\/iesarnaucadell\/wp-json\/wp\/v2\/types\/post"}],"author":[{"embeddable":true,"href":"https:\/\/agora.xtec.cat\/iesarnaucadell\/wp-json\/wp\/v2\/users\/1"}],"replies":[{"embeddable":true,"href":"https:\/\/agora.xtec.cat\/iesarnaucadell\/wp-json\/wp\/v2\/comments?post=2884"}],"version-history":[{"count":1,"href":"https:\/\/agora.xtec.cat\/iesarnaucadell\/wp-json\/wp\/v2\/posts\/2884\/revisions"}],"predecessor-version":[{"id":2888,"href":"https:\/\/agora.xtec.cat\/iesarnaucadell\/wp-json\/wp\/v2\/posts\/2884\/revisions\/2888"}],"wp:attachment":[{"href":"https:\/\/agora.xtec.cat\/iesarnaucadell\/wp-json\/wp\/v2\/media?parent=2884"}],"wp:term":[{"taxonomy":"category","embeddable":true,"href":"https:\/\/agora.xtec.cat\/iesarnaucadell\/wp-json\/wp\/v2\/categories?post=2884"},{"taxonomy":"post_tag","embeddable":true,"href":"https:\/\/agora.xtec.cat\/iesarnaucadell\/wp-json\/wp\/v2\/tags?post=2884"}],"curies":[{"name":"wp","href":"https:\/\/api.w.org\/{rel}","templated":true}]}}