{"id":2875,"date":"2026-04-26T09:24:12","date_gmt":"2026-04-26T07:24:12","guid":{"rendered":"https:\/\/agora.xtec.cat\/iesarnaucadell\/?p=2875"},"modified":"2026-04-26T09:25:19","modified_gmt":"2026-04-26T07:25:19","slug":"la-setmana-cultural-un-aparador-del-talent-i-laprenentatge-de-lalumnat","status":"publish","type":"post","link":"https:\/\/agora.xtec.cat\/iesarnaucadell\/general\/la-setmana-cultural-un-aparador-del-talent-i-laprenentatge-de-lalumnat\/","title":{"rendered":"La Setmana Cultural, un aparador del talent i l\u2019aprenentatge de l\u2019alumnat"},"content":{"rendered":"<p class=\"isSelectedEnd\">La Setmana Cultural del centre ha esdevingut, un any m\u00e9s, un espai clau per mostrar la feina feta per l\u2019alumnat al llarg del curs. Els diferents espais de l\u2019escola s\u2019han omplert de projectes que combinen creativitat, aprenentatge i expressi\u00f3.<\/p>\n<p class=\"isSelectedEnd\">Entre les propostes m\u00e9s destacades, hi trobem les instal\u00b7lacions de llengua anglesa, inspirades en les lectures treballades a l\u2019aula, o els murals dedicats a parts del curr\u00edculum de llengua i ci\u00e8ncies socials, que han convertit els passadissos en una exposici\u00f3 visual sobre temes diversos.<\/p>\n<p><a href=\"https:\/\/agora.xtec.cat\/iesarnaucadell\/wp-content\/uploads\/usu2503\/2026\/04\/unnamed-1.jpg\"><img loading=\"lazy\" decoding=\"async\" class=\"alignnone size-large wp-image-2876\" src=\"https:\/\/agora.xtec.cat\/iesarnaucadell\/wp-content\/uploads\/usu2503\/2026\/04\/unnamed-1-1024x768.jpg\" alt=\"\" width=\"1024\" height=\"768\" srcset=\"https:\/\/agora.xtec.cat\/iesarnaucadell\/wp-content\/uploads\/usu2503\/2026\/04\/unnamed-1-1024x768.jpg 1024w, https:\/\/agora.xtec.cat\/iesarnaucadell\/wp-content\/uploads\/usu2503\/2026\/04\/unnamed-1-300x225.jpg 300w, https:\/\/agora.xtec.cat\/iesarnaucadell\/wp-content\/uploads\/usu2503\/2026\/04\/unnamed-1-768x576.jpg 768w, https:\/\/agora.xtec.cat\/iesarnaucadell\/wp-content\/uploads\/usu2503\/2026\/04\/unnamed-1-1536x1152.jpg 1536w, https:\/\/agora.xtec.cat\/iesarnaucadell\/wp-content\/uploads\/usu2503\/2026\/04\/unnamed-1-200x150.jpg 200w, https:\/\/agora.xtec.cat\/iesarnaucadell\/wp-content\/uploads\/usu2503\/2026\/04\/unnamed-1.jpg 1600w\" sizes=\"auto, (max-width: 1024px) 100vw, 1024px\" \/><\/a> <a href=\"https:\/\/agora.xtec.cat\/iesarnaucadell\/wp-content\/uploads\/usu2503\/2026\/04\/unnamed-2.jpg\"><img loading=\"lazy\" decoding=\"async\" class=\"alignnone size-large wp-image-2877\" src=\"https:\/\/agora.xtec.cat\/iesarnaucadell\/wp-content\/uploads\/usu2503\/2026\/04\/unnamed-2-1024x768.jpg\" alt=\"\" width=\"1024\" height=\"768\" srcset=\"https:\/\/agora.xtec.cat\/iesarnaucadell\/wp-content\/uploads\/usu2503\/2026\/04\/unnamed-2-1024x768.jpg 1024w, https:\/\/agora.xtec.cat\/iesarnaucadell\/wp-content\/uploads\/usu2503\/2026\/04\/unnamed-2-300x225.jpg 300w, https:\/\/agora.xtec.cat\/iesarnaucadell\/wp-content\/uploads\/usu2503\/2026\/04\/unnamed-2-768x576.jpg 768w, https:\/\/agora.xtec.cat\/iesarnaucadell\/wp-content\/uploads\/usu2503\/2026\/04\/unnamed-2-1536x1152.jpg 1536w, https:\/\/agora.xtec.cat\/iesarnaucadell\/wp-content\/uploads\/usu2503\/2026\/04\/unnamed-2-200x150.jpg 200w, https:\/\/agora.xtec.cat\/iesarnaucadell\/wp-content\/uploads\/usu2503\/2026\/04\/unnamed-2.jpg 1600w\" sizes=\"auto, (max-width: 1024px) 100vw, 1024px\" \/><\/a> <a href=\"https:\/\/agora.xtec.cat\/iesarnaucadell\/wp-content\/uploads\/usu2503\/2026\/04\/unnamed-3.jpg\"><img loading=\"lazy\" decoding=\"async\" class=\"alignnone size-large wp-image-2878\" src=\"https:\/\/agora.xtec.cat\/iesarnaucadell\/wp-content\/uploads\/usu2503\/2026\/04\/unnamed-3-1024x768.jpg\" alt=\"\" width=\"1024\" height=\"768\" srcset=\"https:\/\/agora.xtec.cat\/iesarnaucadell\/wp-content\/uploads\/usu2503\/2026\/04\/unnamed-3-1024x768.jpg 1024w, https:\/\/agora.xtec.cat\/iesarnaucadell\/wp-content\/uploads\/usu2503\/2026\/04\/unnamed-3-300x225.jpg 300w, https:\/\/agora.xtec.cat\/iesarnaucadell\/wp-content\/uploads\/usu2503\/2026\/04\/unnamed-3-768x576.jpg 768w, https:\/\/agora.xtec.cat\/iesarnaucadell\/wp-content\/uploads\/usu2503\/2026\/04\/unnamed-3-1536x1152.jpg 1536w, https:\/\/agora.xtec.cat\/iesarnaucadell\/wp-content\/uploads\/usu2503\/2026\/04\/unnamed-3-200x150.jpg 200w, https:\/\/agora.xtec.cat\/iesarnaucadell\/wp-content\/uploads\/usu2503\/2026\/04\/unnamed-3.jpg 1600w\" sizes=\"auto, (max-width: 1024px) 100vw, 1024px\" \/><\/a> <a href=\"https:\/\/agora.xtec.cat\/iesarnaucadell\/wp-content\/uploads\/usu2503\/2026\/04\/unnamed-4.jpg\"><img loading=\"lazy\" decoding=\"async\" class=\"alignnone size-large wp-image-2879\" src=\"https:\/\/agora.xtec.cat\/iesarnaucadell\/wp-content\/uploads\/usu2503\/2026\/04\/unnamed-4-1024x768.jpg\" alt=\"\" width=\"1024\" height=\"768\" srcset=\"https:\/\/agora.xtec.cat\/iesarnaucadell\/wp-content\/uploads\/usu2503\/2026\/04\/unnamed-4-1024x768.jpg 1024w, https:\/\/agora.xtec.cat\/iesarnaucadell\/wp-content\/uploads\/usu2503\/2026\/04\/unnamed-4-300x225.jpg 300w, https:\/\/agora.xtec.cat\/iesarnaucadell\/wp-content\/uploads\/usu2503\/2026\/04\/unnamed-4-768x576.jpg 768w, https:\/\/agora.xtec.cat\/iesarnaucadell\/wp-content\/uploads\/usu2503\/2026\/04\/unnamed-4-1536x1152.jpg 1536w, https:\/\/agora.xtec.cat\/iesarnaucadell\/wp-content\/uploads\/usu2503\/2026\/04\/unnamed-4-200x150.jpg 200w, https:\/\/agora.xtec.cat\/iesarnaucadell\/wp-content\/uploads\/usu2503\/2026\/04\/unnamed-4.jpg 1600w\" sizes=\"auto, (max-width: 1024px) 100vw, 1024px\" \/><\/a> <a href=\"https:\/\/agora.xtec.cat\/iesarnaucadell\/wp-content\/uploads\/usu2503\/2026\/04\/unnamed-5.jpg\"><img loading=\"lazy\" decoding=\"async\" class=\"alignnone size-large wp-image-2880\" src=\"https:\/\/agora.xtec.cat\/iesarnaucadell\/wp-content\/uploads\/usu2503\/2026\/04\/unnamed-5-1024x768.jpg\" alt=\"\" width=\"1024\" height=\"768\" srcset=\"https:\/\/agora.xtec.cat\/iesarnaucadell\/wp-content\/uploads\/usu2503\/2026\/04\/unnamed-5-1024x768.jpg 1024w, https:\/\/agora.xtec.cat\/iesarnaucadell\/wp-content\/uploads\/usu2503\/2026\/04\/unnamed-5-300x225.jpg 300w, https:\/\/agora.xtec.cat\/iesarnaucadell\/wp-content\/uploads\/usu2503\/2026\/04\/unnamed-5-768x576.jpg 768w, https:\/\/agora.xtec.cat\/iesarnaucadell\/wp-content\/uploads\/usu2503\/2026\/04\/unnamed-5-1536x1152.jpg 1536w, https:\/\/agora.xtec.cat\/iesarnaucadell\/wp-content\/uploads\/usu2503\/2026\/04\/unnamed-5-200x150.jpg 200w, https:\/\/agora.xtec.cat\/iesarnaucadell\/wp-content\/uploads\/usu2503\/2026\/04\/unnamed-5.jpg 1600w\" sizes=\"auto, (max-width: 1024px) 100vw, 1024px\" \/><\/a> <a href=\"https:\/\/agora.xtec.cat\/iesarnaucadell\/wp-content\/uploads\/usu2503\/2026\/04\/unnamed.jpg\"><img loading=\"lazy\" decoding=\"async\" class=\"alignnone size-large wp-image-2881\" src=\"https:\/\/agora.xtec.cat\/iesarnaucadell\/wp-content\/uploads\/usu2503\/2026\/04\/unnamed-1024x768.jpg\" alt=\"\" width=\"1024\" height=\"768\" srcset=\"https:\/\/agora.xtec.cat\/iesarnaucadell\/wp-content\/uploads\/usu2503\/2026\/04\/unnamed-1024x768.jpg 1024w, https:\/\/agora.xtec.cat\/iesarnaucadell\/wp-content\/uploads\/usu2503\/2026\/04\/unnamed-300x225.jpg 300w, https:\/\/agora.xtec.cat\/iesarnaucadell\/wp-content\/uploads\/usu2503\/2026\/04\/unnamed-768x576.jpg 768w, https:\/\/agora.xtec.cat\/iesarnaucadell\/wp-content\/uploads\/usu2503\/2026\/04\/unnamed-1536x1152.jpg 1536w, https:\/\/agora.xtec.cat\/iesarnaucadell\/wp-content\/uploads\/usu2503\/2026\/04\/unnamed-200x150.jpg 200w, https:\/\/agora.xtec.cat\/iesarnaucadell\/wp-content\/uploads\/usu2503\/2026\/04\/unnamed.jpg 1600w\" sizes=\"auto, (max-width: 1024px) 100vw, 1024px\" \/><\/a><\/p>\n","protected":false},"excerpt":{"rendered":"<p>La Setmana Cultural del centre ha esdevingut, un any m\u00e9s, un espai clau per mostrar la feina feta per l\u2019alumnat al llarg del curs. Els diferents espais de l\u2019escola s\u2019han omplert de projectes que combinen creativitat, aprenentatge i expressi\u00f3.<br \/>\nEntre les propostes m\u00e9s destacades, hi trobem&hellip;  <a href=\"https:\/\/agora.xtec.cat\/iesarnaucadell\/general\/la-setmana-cultural-un-aparador-del-talent-i-laprenentatge-de-lalumnat\/\" title=\"Read La Setmana Cultural, un aparador del talent i l\u2019aprenentatge de l\u2019alumnat\">Llegeix m\u00e9s\u00bb<\/a><\/p>\n","protected":false},"author":1,"featured_media":0,"comment_status":"open","ping_status":"open","sticky":false,"template":"","format":"standard","meta":{"_bbp_topic_count":0,"_bbp_reply_count":0,"_bbp_total_topic_count":0,"_bbp_total_reply_count":0,"_bbp_voice_count":0,"_bbp_anonymous_reply_count":0,"_bbp_topic_count_hidden":0,"_bbp_reply_count_hidden":0,"_bbp_forum_subforum_count":0,"footnotes":""},"categories":[1,29],"tags":[],"class_list":["post-2875","post","type-post","status-publish","format-standard","hentry","category-general","category-portada"],"post_mailing_queue_ids":[],"_links":{"self":[{"href":"https:\/\/agora.xtec.cat\/iesarnaucadell\/wp-json\/wp\/v2\/posts\/2875","targetHints":{"allow":["GET"]}}],"collection":[{"href":"https:\/\/agora.xtec.cat\/iesarnaucadell\/wp-json\/wp\/v2\/posts"}],"about":[{"href":"https:\/\/agora.xtec.cat\/iesarnaucadell\/wp-json\/wp\/v2\/types\/post"}],"author":[{"embeddable":true,"href":"https:\/\/agora.xtec.cat\/iesarnaucadell\/wp-json\/wp\/v2\/users\/1"}],"replies":[{"embeddable":true,"href":"https:\/\/agora.xtec.cat\/iesarnaucadell\/wp-json\/wp\/v2\/comments?post=2875"}],"version-history":[{"count":2,"href":"https:\/\/agora.xtec.cat\/iesarnaucadell\/wp-json\/wp\/v2\/posts\/2875\/revisions"}],"predecessor-version":[{"id":2883,"href":"https:\/\/agora.xtec.cat\/iesarnaucadell\/wp-json\/wp\/v2\/posts\/2875\/revisions\/2883"}],"wp:attachment":[{"href":"https:\/\/agora.xtec.cat\/iesarnaucadell\/wp-json\/wp\/v2\/media?parent=2875"}],"wp:term":[{"taxonomy":"category","embeddable":true,"href":"https:\/\/agora.xtec.cat\/iesarnaucadell\/wp-json\/wp\/v2\/categories?post=2875"},{"taxonomy":"post_tag","embeddable":true,"href":"https:\/\/agora.xtec.cat\/iesarnaucadell\/wp-json\/wp\/v2\/tags?post=2875"}],"curies":[{"name":"wp","href":"https:\/\/api.w.org\/{rel}","templated":true}]}}