{"id":2856,"date":"2026-04-24T10:23:20","date_gmt":"2026-04-24T08:23:20","guid":{"rendered":"https:\/\/agora.xtec.cat\/iesarnaucadell\/?p=2856"},"modified":"2026-04-24T10:23:20","modified_gmt":"2026-04-24T08:23:20","slug":"publicacio-de-la-llista-de-sollicituds-que-han-demanat-el-centre-i-lensenyament-en-primera-peticio-amb-la-puntuacio-resoltes-les-reclamacions-a-23-04-2026","status":"publish","type":"post","link":"https:\/\/agora.xtec.cat\/iesarnaucadell\/general\/publicacio-de-la-llista-de-sollicituds-que-han-demanat-el-centre-i-lensenyament-en-primera-peticio-amb-la-puntuacio-resoltes-les-reclamacions-a-23-04-2026\/","title":{"rendered":"Publicaci\u00f3 de la llista de sol\u00b7licituds que han demanat el centre i l&#8217;ensenyament en primera petici\u00f3 amb la puntuaci\u00f3 resoltes les reclamacions a 23\/04\/2026"},"content":{"rendered":"<p data-start=\"83\" data-end=\"320\">El centre informa que, amb data 23 d\u2019abril de 2026, s\u2019ha publicat la llista de sol\u00b7licituds d\u2019alumnat que han demanat el centre i l\u2019ensenyament en primera petici\u00f3, amb la puntuaci\u00f3 definitiva un cop resoltes les reclamacions.<\/p>\n<p data-start=\"322\" data-end=\"507\">Aquesta publicaci\u00f3 forma part del proc\u00e9s ordinari de preinscripci\u00f3 i permet a les fam\u00edlies consultar la seva situaci\u00f3 actualitzada despr\u00e9s de la revisi\u00f3 de les al\u00b7legacions presentades.<\/p>\n<p data-start=\"509\" data-end=\"555\">Es recomana a totes les persones interessades:<\/p>\n<ul data-start=\"556\" data-end=\"737\">\n<li data-section-id=\"1fidm8h\" data-start=\"556\" data-end=\"607\">Consultar detalladament la puntuaci\u00f3 assignada.<\/li>\n<li data-section-id=\"84d2my\" data-start=\"608\" data-end=\"653\">Verificar que les dades siguin correctes.<\/li>\n<li data-section-id=\"19omvzm\" data-start=\"654\" data-end=\"737\">Estar pendents del calendari oficial de les seg\u00fcents fases del proc\u00e9s d\u2019admissi\u00f3.<\/li>\n<\/ul>\n<p>Podeu consultar el llistat aqu\u00ed: <a href=\"https:\/\/agora.xtec.cat\/iesarnaucadell\/wp-content\/uploads\/usu2503\/2026\/04\/INFORME_BAREM_RESOLTES_BAREM.pdf\">INFORME_BAREM_RESOLTES_BAREM<\/a><\/p>\n","protected":false},"excerpt":{"rendered":"<p>El centre informa que, amb data 23 d\u2019abril de 2026, s\u2019ha publicat la llista de sol\u00b7licituds d\u2019alumnat que han demanat el centre i l\u2019ensenyament en primera petici\u00f3, amb la puntuaci\u00f3 definitiva un cop resoltes les reclamacions.<br \/>\nAquesta publicaci\u00f3 forma part del proc\u00e9s ordinari de preinscripci\u00f3 i&hellip;  <a href=\"https:\/\/agora.xtec.cat\/iesarnaucadell\/general\/publicacio-de-la-llista-de-sollicituds-que-han-demanat-el-centre-i-lensenyament-en-primera-peticio-amb-la-puntuacio-resoltes-les-reclamacions-a-23-04-2026\/\" title=\"Read Publicaci\u00f3 de la llista de sol\u00b7licituds que han demanat el centre i l&#8217;ensenyament en primera petici\u00f3 amb la puntuaci\u00f3 resoltes les reclamacions a 23\/04\/2026\">Llegeix m\u00e9s\u00bb<\/a><\/p>\n","protected":false},"author":1,"featured_media":0,"comment_status":"open","ping_status":"open","sticky":true,"template":"","format":"standard","meta":{"_bbp_topic_count":0,"_bbp_reply_count":0,"_bbp_total_topic_count":0,"_bbp_total_reply_count":0,"_bbp_voice_count":0,"_bbp_anonymous_reply_count":0,"_bbp_topic_count_hidden":0,"_bbp_reply_count_hidden":0,"_bbp_forum_subforum_count":0,"footnotes":""},"categories":[1,29],"tags":[],"class_list":["post-2856","post","type-post","status-publish","format-standard","hentry","category-general","category-portada"],"post_mailing_queue_ids":[],"_links":{"self":[{"href":"https:\/\/agora.xtec.cat\/iesarnaucadell\/wp-json\/wp\/v2\/posts\/2856","targetHints":{"allow":["GET"]}}],"collection":[{"href":"https:\/\/agora.xtec.cat\/iesarnaucadell\/wp-json\/wp\/v2\/posts"}],"about":[{"href":"https:\/\/agora.xtec.cat\/iesarnaucadell\/wp-json\/wp\/v2\/types\/post"}],"author":[{"embeddable":true,"href":"https:\/\/agora.xtec.cat\/iesarnaucadell\/wp-json\/wp\/v2\/users\/1"}],"replies":[{"embeddable":true,"href":"https:\/\/agora.xtec.cat\/iesarnaucadell\/wp-json\/wp\/v2\/comments?post=2856"}],"version-history":[{"count":1,"href":"https:\/\/agora.xtec.cat\/iesarnaucadell\/wp-json\/wp\/v2\/posts\/2856\/revisions"}],"predecessor-version":[{"id":2858,"href":"https:\/\/agora.xtec.cat\/iesarnaucadell\/wp-json\/wp\/v2\/posts\/2856\/revisions\/2858"}],"wp:attachment":[{"href":"https:\/\/agora.xtec.cat\/iesarnaucadell\/wp-json\/wp\/v2\/media?parent=2856"}],"wp:term":[{"taxonomy":"category","embeddable":true,"href":"https:\/\/agora.xtec.cat\/iesarnaucadell\/wp-json\/wp\/v2\/categories?post=2856"},{"taxonomy":"post_tag","embeddable":true,"href":"https:\/\/agora.xtec.cat\/iesarnaucadell\/wp-json\/wp\/v2\/tags?post=2856"}],"curies":[{"name":"wp","href":"https:\/\/api.w.org\/{rel}","templated":true}]}}