{"id":2851,"date":"2026-04-24T10:20:33","date_gmt":"2026-04-24T08:20:33","guid":{"rendered":"https:\/\/agora.xtec.cat\/iesarnaucadell\/?p=2851"},"modified":"2026-04-24T10:20:33","modified_gmt":"2026-04-24T08:20:33","slug":"lalumnat-de-batxillerat-aprofundeix-en-els-drets-humans-amb-un-taller-sobre-nicaragua","status":"publish","type":"post","link":"https:\/\/agora.xtec.cat\/iesarnaucadell\/general\/lalumnat-de-batxillerat-aprofundeix-en-els-drets-humans-amb-un-taller-sobre-nicaragua\/","title":{"rendered":"L\u2019alumnat de Batxillerat aprofundeix en els drets humans amb un taller sobre Nicaragua"},"content":{"rendered":"<p data-start=\"92\" data-end=\"384\">En el marc de la setmana cultural del centre, l\u2019alumnat de 1r de Batxillerat Social i del Batxillerat Internacional (BI) ha participat en un taller centrat en la situaci\u00f3 actual de Nicaragua, amb l\u2019objectiu d\u2019analitzar l\u2019impacte que poden tenir els r\u00e8gims pol\u00edtics sobre els drets humans.<\/p>\n<p data-start=\"386\" data-end=\"765\">L\u2019activitat, organitzada per l\u2019entitat <em data-start=\"425\" data-end=\"441\">Fora de Quadre<\/em>, ha comptat amb la participaci\u00f3 de dos exdiputats nicarag\u00fcencs que han estat perseguits per la seva oposici\u00f3 al r\u00e8gim de <span class=\"hover:entity-accent entity-underline inline cursor-pointer align-baseline\"><span class=\"whitespace-normal\">Daniel Ortega<\/span><\/span>. A trav\u00e9s del seu testimoni directe, l\u2019alumnat ha pogut con\u00e8ixer de primera m\u00e0 les conseq\u00fc\u00e8ncies de la repressi\u00f3 pol\u00edtica i la vulneraci\u00f3 de llibertats fonamentals.<\/p>\n<p data-start=\"767\" data-end=\"1074\">Aquest taller s\u2019emmarca dins dels continguts de la mat\u00e8ria d\u2019Hist\u00f2ria, on s\u2019estudia l\u2019ascens dels totalitarismes. Activitats com aquesta permeten ampliar la mirada de l\u2019alumnat i connectar els aprenentatges te\u00f2rics amb realitats actuals, fomentant una comprensi\u00f3 m\u00e9s profunda i cr\u00edtica del m\u00f3n contemporani.<\/p>\n<p data-start=\"1076\" data-end=\"1225\">La sessi\u00f3 ha generat espais de reflexi\u00f3 i debat, posant en relleu la import\u00e0ncia de defensar els valors democr\u00e0tics i els drets humans arreu del m\u00f3n.<\/p>\n<p data-start=\"1227\" data-end=\"1486\" data-is-last-node=\"\" data-is-only-node=\"\">Des del centre, es continuar\u00e0 treballant per impulsar iniciatives educatives vinculades a la mem\u00f2ria hist\u00f2rica, els valors democr\u00e0tics i el desenvolupament del pensament cr\u00edtic, amb la voluntat de formar una ciutadania conscient, compromesa i responsable.<\/p>\n<p data-start=\"1227\" data-end=\"1486\" data-is-last-node=\"\" data-is-only-node=\"\"><a href=\"https:\/\/agora.xtec.cat\/iesarnaucadell\/wp-content\/uploads\/usu2503\/2026\/04\/Arnau_cadell_3-scaled.jpg\"><img loading=\"lazy\" decoding=\"async\" class=\"alignnone size-large wp-image-2852\" src=\"https:\/\/agora.xtec.cat\/iesarnaucadell\/wp-content\/uploads\/usu2503\/2026\/04\/Arnau_cadell_3-1024x461.jpg\" alt=\"\" width=\"1024\" height=\"461\" srcset=\"https:\/\/agora.xtec.cat\/iesarnaucadell\/wp-content\/uploads\/usu2503\/2026\/04\/Arnau_cadell_3-1024x461.jpg 1024w, https:\/\/agora.xtec.cat\/iesarnaucadell\/wp-content\/uploads\/usu2503\/2026\/04\/Arnau_cadell_3-300x135.jpg 300w, https:\/\/agora.xtec.cat\/iesarnaucadell\/wp-content\/uploads\/usu2503\/2026\/04\/Arnau_cadell_3-768x346.jpg 768w, https:\/\/agora.xtec.cat\/iesarnaucadell\/wp-content\/uploads\/usu2503\/2026\/04\/Arnau_cadell_3-1536x691.jpg 1536w, https:\/\/agora.xtec.cat\/iesarnaucadell\/wp-content\/uploads\/usu2503\/2026\/04\/Arnau_cadell_3-2048x922.jpg 2048w\" sizes=\"auto, (max-width: 1024px) 100vw, 1024px\" \/><\/a> \u00a0<a href=\"https:\/\/agora.xtec.cat\/iesarnaucadell\/wp-content\/uploads\/usu2503\/2026\/04\/Institu_Arnau_cadell2.jpg.jpg\"><img loading=\"lazy\" decoding=\"async\" class=\"alignnone size-large wp-image-2854\" src=\"https:\/\/agora.xtec.cat\/iesarnaucadell\/wp-content\/uploads\/usu2503\/2026\/04\/Institu_Arnau_cadell2.jpg-1024x461.jpg\" alt=\"\" width=\"1024\" height=\"461\" srcset=\"https:\/\/agora.xtec.cat\/iesarnaucadell\/wp-content\/uploads\/usu2503\/2026\/04\/Institu_Arnau_cadell2.jpg-1024x461.jpg 1024w, https:\/\/agora.xtec.cat\/iesarnaucadell\/wp-content\/uploads\/usu2503\/2026\/04\/Institu_Arnau_cadell2.jpg-300x135.jpg 300w, https:\/\/agora.xtec.cat\/iesarnaucadell\/wp-content\/uploads\/usu2503\/2026\/04\/Institu_Arnau_cadell2.jpg-768x346.jpg 768w, https:\/\/agora.xtec.cat\/iesarnaucadell\/wp-content\/uploads\/usu2503\/2026\/04\/Institu_Arnau_cadell2.jpg-1536x691.jpg 1536w, https:\/\/agora.xtec.cat\/iesarnaucadell\/wp-content\/uploads\/usu2503\/2026\/04\/Institu_Arnau_cadell2.jpg-2048x922.jpg 2048w\" sizes=\"auto, (max-width: 1024px) 100vw, 1024px\" \/><\/a><\/p>\n","protected":false},"excerpt":{"rendered":"<p>En el marc de la setmana cultural del centre, l\u2019alumnat de 1r de Batxillerat Social i del Batxillerat Internacional (BI) ha participat en un taller centrat en la situaci\u00f3 actual de Nicaragua, amb l\u2019objectiu d\u2019analitzar l\u2019impacte que poden tenir els r\u00e8gims pol\u00edtics sobre els drets&hellip;  <a href=\"https:\/\/agora.xtec.cat\/iesarnaucadell\/general\/lalumnat-de-batxillerat-aprofundeix-en-els-drets-humans-amb-un-taller-sobre-nicaragua\/\" title=\"Read L\u2019alumnat de Batxillerat aprofundeix en els drets humans amb un taller sobre Nicaragua\">Llegeix m\u00e9s\u00bb<\/a><\/p>\n","protected":false},"author":1,"featured_media":0,"comment_status":"open","ping_status":"open","sticky":false,"template":"","format":"standard","meta":{"_bbp_topic_count":0,"_bbp_reply_count":0,"_bbp_total_topic_count":0,"_bbp_total_reply_count":0,"_bbp_voice_count":0,"_bbp_anonymous_reply_count":0,"_bbp_topic_count_hidden":0,"_bbp_reply_count_hidden":0,"_bbp_forum_subforum_count":0,"footnotes":""},"categories":[1,29],"tags":[],"class_list":["post-2851","post","type-post","status-publish","format-standard","hentry","category-general","category-portada"],"post_mailing_queue_ids":[],"_links":{"self":[{"href":"https:\/\/agora.xtec.cat\/iesarnaucadell\/wp-json\/wp\/v2\/posts\/2851","targetHints":{"allow":["GET"]}}],"collection":[{"href":"https:\/\/agora.xtec.cat\/iesarnaucadell\/wp-json\/wp\/v2\/posts"}],"about":[{"href":"https:\/\/agora.xtec.cat\/iesarnaucadell\/wp-json\/wp\/v2\/types\/post"}],"author":[{"embeddable":true,"href":"https:\/\/agora.xtec.cat\/iesarnaucadell\/wp-json\/wp\/v2\/users\/1"}],"replies":[{"embeddable":true,"href":"https:\/\/agora.xtec.cat\/iesarnaucadell\/wp-json\/wp\/v2\/comments?post=2851"}],"version-history":[{"count":1,"href":"https:\/\/agora.xtec.cat\/iesarnaucadell\/wp-json\/wp\/v2\/posts\/2851\/revisions"}],"predecessor-version":[{"id":2855,"href":"https:\/\/agora.xtec.cat\/iesarnaucadell\/wp-json\/wp\/v2\/posts\/2851\/revisions\/2855"}],"wp:attachment":[{"href":"https:\/\/agora.xtec.cat\/iesarnaucadell\/wp-json\/wp\/v2\/media?parent=2851"}],"wp:term":[{"taxonomy":"category","embeddable":true,"href":"https:\/\/agora.xtec.cat\/iesarnaucadell\/wp-json\/wp\/v2\/categories?post=2851"},{"taxonomy":"post_tag","embeddable":true,"href":"https:\/\/agora.xtec.cat\/iesarnaucadell\/wp-json\/wp\/v2\/tags?post=2851"}],"curies":[{"name":"wp","href":"https:\/\/api.w.org\/{rel}","templated":true}]}}