{"id":2836,"date":"2026-04-15T13:28:34","date_gmt":"2026-04-15T11:28:34","guid":{"rendered":"https:\/\/agora.xtec.cat\/iesarnaucadell\/?p=2836"},"modified":"2026-04-15T13:28:34","modified_gmt":"2026-04-15T11:28:34","slug":"obligatoria-2026-2027-publicacio-de-la-llista-de-sollicituds-que-han-demanat-el-centre-i-lensenyament-en-primera-peticio-amb-la-puntuacio-provisional-a-15-04-2026","status":"publish","type":"post","link":"https:\/\/agora.xtec.cat\/iesarnaucadell\/general\/obligatoria-2026-2027-publicacio-de-la-llista-de-sollicituds-que-han-demanat-el-centre-i-lensenyament-en-primera-peticio-amb-la-puntuacio-provisional-a-15-04-2026\/","title":{"rendered":"Obligat\u00f2ria &#8211; 2026-2027 Publicaci\u00f3 de la llista de sol\u00b7licituds que han demanat el centre i l&#8217;ensenyament en primera petici\u00f3 amb la puntuaci\u00f3 provisional a 15\/04\/2026"},"content":{"rendered":"<p data-start=\"183\" data-end=\"337\">El centre informa que, en data 15 d\u2019abril de 2026, s\u2019ha fet p\u00fablica la llista de sol\u00b7licituds de preinscripci\u00f3 corresponent al curs 2026-2027.<\/p>\n<p data-start=\"339\" data-end=\"525\">Aquesta llista inclou totes les persones que han demanat el centre i l\u2019ensenyament en primera petici\u00f3, aix\u00ed com la puntuaci\u00f3 provisional assignada segons els criteris establerts.<\/p>\n<p data-start=\"527\" data-end=\"678\">La publicaci\u00f3 d\u2019aquesta informaci\u00f3 permet a les fam\u00edlies i persones interessades consultar la seva situaci\u00f3 provisional dins del proc\u00e9s d\u2019admissi\u00f3.<\/p>\n<p data-start=\"680\" data-end=\"791\">Podeu consultar el document\u00a0 amb el detall complet de les sol\u00b7licituds i puntuacions provisionals: <a href=\"https:\/\/agora.xtec.cat\/iesarnaucadell\/wp-content\/uploads\/usu2503\/2026\/04\/INFORME_BAREM_PROVISIONAL_BAREM.pdf\">INFORME_BAREM_PROVISIONAL_BAREM<\/a><\/p>\n<p data-start=\"1044\" data-end=\"1125\">\n","protected":false},"excerpt":{"rendered":"<p>El centre informa que, en data 15 d\u2019abril de 2026, s\u2019ha fet p\u00fablica la llista de sol\u00b7licituds de preinscripci\u00f3 corresponent al curs 2026-2027.<br \/>\nAquesta llista inclou totes les persones que han demanat el centre i l\u2019ensenyament en primera petici\u00f3, aix\u00ed com la puntuaci\u00f3 provisional assignada segons&hellip;  <a href=\"https:\/\/agora.xtec.cat\/iesarnaucadell\/general\/obligatoria-2026-2027-publicacio-de-la-llista-de-sollicituds-que-han-demanat-el-centre-i-lensenyament-en-primera-peticio-amb-la-puntuacio-provisional-a-15-04-2026\/\" title=\"Read Obligat\u00f2ria &#8211; 2026-2027 Publicaci\u00f3 de la llista de sol\u00b7licituds que han demanat el centre i l&#8217;ensenyament en primera petici\u00f3 amb la puntuaci\u00f3 provisional a 15\/04\/2026\">Llegeix m\u00e9s\u00bb<\/a><\/p>\n","protected":false},"author":1,"featured_media":0,"comment_status":"open","ping_status":"open","sticky":false,"template":"","format":"standard","meta":{"_bbp_topic_count":0,"_bbp_reply_count":0,"_bbp_total_topic_count":0,"_bbp_total_reply_count":0,"_bbp_voice_count":0,"_bbp_anonymous_reply_count":0,"_bbp_topic_count_hidden":0,"_bbp_reply_count_hidden":0,"_bbp_forum_subforum_count":0,"footnotes":""},"categories":[1,29],"tags":[],"class_list":["post-2836","post","type-post","status-publish","format-standard","hentry","category-general","category-portada"],"post_mailing_queue_ids":[],"_links":{"self":[{"href":"https:\/\/agora.xtec.cat\/iesarnaucadell\/wp-json\/wp\/v2\/posts\/2836","targetHints":{"allow":["GET"]}}],"collection":[{"href":"https:\/\/agora.xtec.cat\/iesarnaucadell\/wp-json\/wp\/v2\/posts"}],"about":[{"href":"https:\/\/agora.xtec.cat\/iesarnaucadell\/wp-json\/wp\/v2\/types\/post"}],"author":[{"embeddable":true,"href":"https:\/\/agora.xtec.cat\/iesarnaucadell\/wp-json\/wp\/v2\/users\/1"}],"replies":[{"embeddable":true,"href":"https:\/\/agora.xtec.cat\/iesarnaucadell\/wp-json\/wp\/v2\/comments?post=2836"}],"version-history":[{"count":1,"href":"https:\/\/agora.xtec.cat\/iesarnaucadell\/wp-json\/wp\/v2\/posts\/2836\/revisions"}],"predecessor-version":[{"id":2838,"href":"https:\/\/agora.xtec.cat\/iesarnaucadell\/wp-json\/wp\/v2\/posts\/2836\/revisions\/2838"}],"wp:attachment":[{"href":"https:\/\/agora.xtec.cat\/iesarnaucadell\/wp-json\/wp\/v2\/media?parent=2836"}],"wp:term":[{"taxonomy":"category","embeddable":true,"href":"https:\/\/agora.xtec.cat\/iesarnaucadell\/wp-json\/wp\/v2\/categories?post=2836"},{"taxonomy":"post_tag","embeddable":true,"href":"https:\/\/agora.xtec.cat\/iesarnaucadell\/wp-json\/wp\/v2\/tags?post=2836"}],"curies":[{"name":"wp","href":"https:\/\/api.w.org\/{rel}","templated":true}]}}