{"id":2732,"date":"2025-12-21T10:04:01","date_gmt":"2025-12-21T09:04:01","guid":{"rendered":"https:\/\/agora.xtec.cat\/iesarnaucadell\/?p=2732"},"modified":"2025-12-21T10:04:01","modified_gmt":"2025-12-21T09:04:01","slug":"v-lliga-de-rem-escolar-indoor-exit-rotund-de-lalumnat-de-linstitut-arnau-cadell","status":"publish","type":"post","link":"https:\/\/agora.xtec.cat\/iesarnaucadell\/general\/v-lliga-de-rem-escolar-indoor-exit-rotund-de-lalumnat-de-linstitut-arnau-cadell\/","title":{"rendered":"V Lliga de Rem Escolar Indoor: \u00c8xit rotund de l&#8217;alumnat de l&#8217;Institut Arnau Cadell"},"content":{"rendered":"<div>\n<p>El passat dijous 18 de desembre, alumnat de 4t d&#8217;ESO i 1r de Batxillerat de l&#8217;institut van participar en una jornada de la V Lliga de Rem Escolar Indoor amb una gran energia i comprom\u00eds. Va ser una jornada emocionant i molt gratificant, en qu\u00e8 els participants van competir amb entusiasme i van aconseguir uns resultats excepcionals gr\u00e0cies a l&#8217;esfor\u00e7 i dedicaci\u00f3 de tots els components de l&#8217;expedici\u00f3.<\/p>\n<p>Els resultats obtinguts reflecteixen la passi\u00f3 i el treball en equip del nostre alumnat. Aix\u00ed doncs, volem felicitar els seg\u00fcents grups per la seva destacada actuaci\u00f3:<\/p>\n<ul>\n<li><strong>4t d&#8217;ESO mascul\u00ed<\/strong>\u00a0\u2013\u00a0<strong>1r classificat<\/strong><\/li>\n<li><strong>1r de Batxillerat femen\u00ed<\/strong>\u00a0\u2013\u00a0<strong>1eres classificades<\/strong><\/li>\n<li><strong>1r de Batxillerat mascul\u00ed<\/strong>\u00a0\u2013\u00a0<strong>3rs classificats<\/strong><\/li>\n<li><strong>1r de Batxillerat mixt<\/strong>\u00a0\u2013\u00a0<strong>1rs classificats<\/strong><\/li>\n<li><strong>Campions a nivell de 1r de Batxillerat!<\/strong><\/li>\n<\/ul>\n<p>Aquesta activitat ha estat possible gr\u00e0cies al suport de l&#8217;<strong>AFA de l&#8217;Institut Arnau Cadell<\/strong>\u00a0i de l&#8217;<strong>EMD de Valldoreix<\/strong>, que han subvencionat l&#8217;esdeveniment, facilitant aix\u00ed la participaci\u00f3 de l&#8217;alumnat en aquesta competici\u00f3 tan significativa.<\/p>\n<p>La jornada va ser una experi\u00e8ncia inoblidable, en qu\u00e8 els alumnes van poder demostrar el seu esperit de superaci\u00f3 i la gran cohesi\u00f3 dels equips. Estem molt orgullosos de les seves actuacions i volem agrair-los el seu esfor\u00e7 i la seva implicaci\u00f3 en aquesta activitat esportiva, tant participants com dinamitzadors acompanyants.<\/p>\n<\/div>\n<div>Felicitar al professorat responsable que ha fet possible aquesta activitat i desitjar-vos unes molt bones festes en nom de tot l&#8217;equip hum\u00e0 de l&#8217;Arnau Cadell.<\/div>\n<div><\/div>\n<div><a href=\"https:\/\/agora.xtec.cat\/iesarnaucadell\/wp-content\/uploads\/usu2503\/2025\/12\/IMG_8424.HEIC.heic\"><img decoding=\"async\" class=\"alignnone size-full wp-image-2733\" src=\"https:\/\/agora.xtec.cat\/iesarnaucadell\/wp-content\/uploads\/usu2503\/2025\/12\/IMG_8424.HEIC.heic\" alt=\"\" \/><\/a> <a href=\"https:\/\/agora.xtec.cat\/iesarnaucadell\/wp-content\/uploads\/usu2503\/2025\/12\/IMG_8451.HEIC.heic\"><img loading=\"lazy\" decoding=\"async\" class=\"alignnone size-large wp-image-2734\" src=\"https:\/\/agora.xtec.cat\/iesarnaucadell\/wp-content\/uploads\/usu2503\/2025\/12\/IMG_8451.HEIC.heic\" alt=\"\" width=\"1\" height=\"1\" \/><\/a> <a href=\"https:\/\/agora.xtec.cat\/iesarnaucadell\/wp-content\/uploads\/usu2503\/2025\/12\/IMG_8453.HEIC.heic\"><img loading=\"lazy\" decoding=\"async\" class=\"alignnone size-large wp-image-2735\" src=\"https:\/\/agora.xtec.cat\/iesarnaucadell\/wp-content\/uploads\/usu2503\/2025\/12\/IMG_8453.HEIC.heic\" alt=\"\" width=\"1\" height=\"1\" \/><\/a> <a href=\"https:\/\/agora.xtec.cat\/iesarnaucadell\/wp-content\/uploads\/usu2503\/2025\/12\/IMG_8404.HEIC.heic\"><img loading=\"lazy\" decoding=\"async\" class=\"alignnone size-large wp-image-2736\" src=\"https:\/\/agora.xtec.cat\/iesarnaucadell\/wp-content\/uploads\/usu2503\/2025\/12\/IMG_8404.HEIC.heic\" alt=\"\" width=\"1\" height=\"1\" \/><\/a> <a href=\"https:\/\/agora.xtec.cat\/iesarnaucadell\/wp-content\/uploads\/usu2503\/2025\/12\/IMG_8463.HEIC.heic\"><img loading=\"lazy\" decoding=\"async\" class=\"alignnone size-large wp-image-2737\" src=\"https:\/\/agora.xtec.cat\/iesarnaucadell\/wp-content\/uploads\/usu2503\/2025\/12\/IMG_8463.HEIC.heic\" alt=\"\" width=\"1\" height=\"1\" \/><\/a><\/div>\n","protected":false},"excerpt":{"rendered":"<p>El passat dijous 18 de desembre, alumnat de 4t d&#8217;ESO i 1r de Batxillerat de l&#8217;institut van participar en una jornada de la V Lliga de Rem Escolar Indoor amb una gran energia i comprom\u00eds. Va ser una jornada emocionant i molt gratificant, en qu\u00e8&hellip;  <a href=\"https:\/\/agora.xtec.cat\/iesarnaucadell\/general\/v-lliga-de-rem-escolar-indoor-exit-rotund-de-lalumnat-de-linstitut-arnau-cadell\/\" title=\"Read V Lliga de Rem Escolar Indoor: \u00c8xit rotund de l&#8217;alumnat de l&#8217;Institut Arnau Cadell\">Llegeix m\u00e9s\u00bb<\/a><\/p>\n","protected":false},"author":1,"featured_media":0,"comment_status":"open","ping_status":"open","sticky":false,"template":"","format":"standard","meta":{"_bbp_topic_count":0,"_bbp_reply_count":0,"_bbp_total_topic_count":0,"_bbp_total_reply_count":0,"_bbp_voice_count":0,"_bbp_anonymous_reply_count":0,"_bbp_topic_count_hidden":0,"_bbp_reply_count_hidden":0,"_bbp_forum_subforum_count":0,"footnotes":""},"categories":[1,29],"tags":[],"class_list":["post-2732","post","type-post","status-publish","format-standard","hentry","category-general","category-portada"],"post_mailing_queue_ids":[],"_links":{"self":[{"href":"https:\/\/agora.xtec.cat\/iesarnaucadell\/wp-json\/wp\/v2\/posts\/2732","targetHints":{"allow":["GET"]}}],"collection":[{"href":"https:\/\/agora.xtec.cat\/iesarnaucadell\/wp-json\/wp\/v2\/posts"}],"about":[{"href":"https:\/\/agora.xtec.cat\/iesarnaucadell\/wp-json\/wp\/v2\/types\/post"}],"author":[{"embeddable":true,"href":"https:\/\/agora.xtec.cat\/iesarnaucadell\/wp-json\/wp\/v2\/users\/1"}],"replies":[{"embeddable":true,"href":"https:\/\/agora.xtec.cat\/iesarnaucadell\/wp-json\/wp\/v2\/comments?post=2732"}],"version-history":[{"count":1,"href":"https:\/\/agora.xtec.cat\/iesarnaucadell\/wp-json\/wp\/v2\/posts\/2732\/revisions"}],"predecessor-version":[{"id":2739,"href":"https:\/\/agora.xtec.cat\/iesarnaucadell\/wp-json\/wp\/v2\/posts\/2732\/revisions\/2739"}],"wp:attachment":[{"href":"https:\/\/agora.xtec.cat\/iesarnaucadell\/wp-json\/wp\/v2\/media?parent=2732"}],"wp:term":[{"taxonomy":"category","embeddable":true,"href":"https:\/\/agora.xtec.cat\/iesarnaucadell\/wp-json\/wp\/v2\/categories?post=2732"},{"taxonomy":"post_tag","embeddable":true,"href":"https:\/\/agora.xtec.cat\/iesarnaucadell\/wp-json\/wp\/v2\/tags?post=2732"}],"curies":[{"name":"wp","href":"https:\/\/api.w.org\/{rel}","templated":true}]}}