{"id":16034,"date":"2021-06-07T09:46:06","date_gmt":"2021-06-07T07:46:06","guid":{"rendered":"http:\/\/agora.xtec.cat\/iesaran\/?p=16034"},"modified":"2025-02-19T09:33:06","modified_gmt":"2025-02-19T08:33:06","slug":"matriculacio-alumnes-provinents-de-la-preinscripcio-curs-2021-2022","status":"publish","type":"post","link":"https:\/\/agora.xtec.cat\/iesaran\/general\/matriculacio-alumnes-provinents-de-la-preinscripcio-curs-2021-2022\/","title":{"rendered":"Matriculaci\u00f3 alumnes provinents de la preinscripci\u00f3 curs 2021-2022"},"content":{"rendered":"<section class=\"padding-xs padding-sm padding-md colorSectionOdd\">\n<article class=\"container fullcontainer-xs\">\n<div class=\"row\">\n<div id=\"center_4R\">\n<div id=\"llista_5a1b3df3-5a45-11eb-a3c0-005056924a59_5a1b3df4-5a45-11eb-a3c0-005056924a59\" class=\"fpca_llista_enllacIcones formatter_body\">\n<div class=\"wrapper_llista_enllacIcones\">\n<div class=\"list-item-wrapper\">\n<div class=\"col content-col\">\n<h3>Del 14 al 18 de juny de 2021: matriculaci\u00f3<\/h3>\n<div class=\"bloc-mobil\">\n<div class=\"descripcio\">\n<h6>Un cop s&#8217;ha publicat la llista final d&#8217;alumnes admesos en cada centre, comen\u00e7a el per\u00edode de matriculaci\u00f3 dels preinscrits amb pla\u00e7a assignada.<\/h6>\n<h6>Acc\u00e9s al Departament d&#8217;Educaci\u00f3<strong>\u00a0\u00a0<a href=\"https:\/\/preinscripcio.gencat.cat\/ca\/inici\" target=\"_blank\" rel=\"noopener noreferrer\">Informaci\u00f3 curs 2021-2022<\/a><\/strong><\/h6>\n<h6><span class=\"aCOpRe\">Aqu\u00ed teniu el full de matricula de 1r d&#8217;ESO amb les optatives que es poden triar en el nostre centre <\/span><\/h6>\n<ul>\n<li><strong><a href=\"https:\/\/agora.xtec.cat\/iesaran\/wp-content\/uploads\/usu1107\/2021\/06\/1r_eso_2021_2022_web.docx\">1r_ESO_2021_2022_web<\/a><\/strong><\/li>\n<li><strong>2n_ESO_2021_2022_web<\/strong><\/li>\n<li><strong>3r_ESO_2021_2022_web<\/strong><\/li>\n<li><strong>4rt_eso_2021-2022_web<\/strong><\/li>\n<\/ul>\n<p>De tenir algun dubte contacteu amb nosaltres<\/p>\n<\/div>\n<\/div>\n<\/div>\n<\/div>\n<\/div>\n<\/div>\n<\/div>\n<\/div>\n<\/article>\n<\/section>\n","protected":false},"excerpt":{"rendered":"<p>Del 14 al 18 de juny de 2021: matriculaci\u00f3 Un cop s&#8217;ha publicat la llista final d&#8217;alumnes admesos en cada centre, comen\u00e7a el per\u00edode de matriculaci\u00f3 dels preinscrits amb pla\u00e7a assignada. Acc\u00e9s al Departament d&#8217;Educaci\u00f3\u00a0\u00a0Informaci\u00f3 curs 2021-2022 Aqu\u00ed teniu el full de matricula de 1r d&#8217;ESO amb les optatives que es poden triar en el [&hellip;]<\/p>\n","protected":false},"author":11,"featured_media":0,"comment_status":"closed","ping_status":"closed","sticky":true,"template":"","format":"standard","meta":{"_bbp_topic_count":0,"_bbp_reply_count":0,"_bbp_total_topic_count":0,"_bbp_total_reply_count":0,"_bbp_voice_count":0,"_bbp_anonymous_reply_count":0,"_bbp_topic_count_hidden":0,"_bbp_reply_count_hidden":0,"_bbp_forum_subforum_count":0,"site-sidebar-layout":"default","site-content-layout":"","ast-site-content-layout":"","site-content-style":"default","site-sidebar-style":"default","ast-global-header-display":"","ast-banner-title-visibility":"","ast-main-header-display":"","ast-hfb-above-header-display":"","ast-hfb-below-header-display":"","ast-hfb-mobile-header-display":"","site-post-title":"","ast-breadcrumbs-content":"","ast-featured-img":"","footer-sml-layout":"","theme-transparent-header-meta":"","adv-header-id-meta":"","stick-header-meta":"","header-above-stick-meta":"","header-main-stick-meta":"","header-below-stick-meta":"","astra-migrate-meta-layouts":"default","ast-page-background-enabled":"default","ast-page-background-meta":{"desktop":{"background-color":"var(--ast-global-color-4)","background-image":"","background-repeat":"repeat","background-position":"center center","background-size":"auto","background-attachment":"scroll","background-type":"","background-media":"","overlay-type":"","overlay-color":"","overlay-opacity":"","overlay-gradient":""},"tablet":{"background-color":"","background-image":"","background-repeat":"repeat","background-position":"center center","background-size":"auto","background-attachment":"scroll","background-type":"","background-media":"","overlay-type":"","overlay-color":"","overlay-opacity":"","overlay-gradient":""},"mobile":{"background-color":"","background-image":"","background-repeat":"repeat","background-position":"center center","background-size":"auto","background-attachment":"scroll","background-type":"","background-media":"","overlay-type":"","overlay-color":"","overlay-opacity":"","overlay-gradient":""}},"ast-content-background-meta":{"desktop":{"background-color":"var(--ast-global-color-5)","background-image":"","background-repeat":"repeat","background-position":"center center","background-size":"auto","background-attachment":"scroll","background-type":"","background-media":"","overlay-type":"","overlay-color":"","overlay-opacity":"","overlay-gradient":""},"tablet":{"background-color":"var(--ast-global-color-5)","background-image":"","background-repeat":"repeat","background-position":"center center","background-size":"auto","background-attachment":"scroll","background-type":"","background-media":"","overlay-type":"","overlay-color":"","overlay-opacity":"","overlay-gradient":""},"mobile":{"background-color":"var(--ast-global-color-5)","background-image":"","background-repeat":"repeat","background-position":"center center","background-size":"auto","background-attachment":"scroll","background-type":"","background-media":"","overlay-type":"","overlay-color":"","overlay-opacity":"","overlay-gradient":""}},"footnotes":""},"categories":[1],"tags":[],"class_list":["post-16034","post","type-post","status-publish","format-standard","hentry","category-general"],"post_mailing_queue_ids":[],"_links":{"self":[{"href":"https:\/\/agora.xtec.cat\/iesaran\/wp-json\/wp\/v2\/posts\/16034","targetHints":{"allow":["GET"]}}],"collection":[{"href":"https:\/\/agora.xtec.cat\/iesaran\/wp-json\/wp\/v2\/posts"}],"about":[{"href":"https:\/\/agora.xtec.cat\/iesaran\/wp-json\/wp\/v2\/types\/post"}],"author":[{"embeddable":true,"href":"https:\/\/agora.xtec.cat\/iesaran\/wp-json\/wp\/v2\/users\/11"}],"replies":[{"embeddable":true,"href":"https:\/\/agora.xtec.cat\/iesaran\/wp-json\/wp\/v2\/comments?post=16034"}],"version-history":[{"count":6,"href":"https:\/\/agora.xtec.cat\/iesaran\/wp-json\/wp\/v2\/posts\/16034\/revisions"}],"predecessor-version":[{"id":17249,"href":"https:\/\/agora.xtec.cat\/iesaran\/wp-json\/wp\/v2\/posts\/16034\/revisions\/17249"}],"wp:attachment":[{"href":"https:\/\/agora.xtec.cat\/iesaran\/wp-json\/wp\/v2\/media?parent=16034"}],"wp:term":[{"taxonomy":"category","embeddable":true,"href":"https:\/\/agora.xtec.cat\/iesaran\/wp-json\/wp\/v2\/categories?post=16034"},{"taxonomy":"post_tag","embeddable":true,"href":"https:\/\/agora.xtec.cat\/iesaran\/wp-json\/wp\/v2\/tags?post=16034"}],"curies":[{"name":"wp","href":"https:\/\/api.w.org\/{rel}","templated":true}]}}