{"id":7454,"date":"2023-11-09T16:05:25","date_gmt":"2023-11-09T15:05:25","guid":{"rendered":"https:\/\/agora.xtec.cat\/escolasantpau\/?p=7454"},"modified":"2023-11-09T16:05:25","modified_gmt":"2023-11-09T15:05:25","slug":"xerrada-com-acompanyar-els-les-nostres-fills-es-en-la-seva-vida-digital","status":"publish","type":"post","link":"https:\/\/agora.xtec.cat\/iesantpol\/portada\/xerrada-com-acompanyar-els-les-nostres-fills-es-en-la-seva-vida-digital\/","title":{"rendered":"Xerrada: &#8220;Com acompanyar\u00a0els\/les nostres fills\/es en la seva vida digital&#8221;"},"content":{"rendered":"<p>Benvolgudes fam\u00edlies,<\/p>\n<p>Us recordem que el proper <strong>21 de novembre<\/strong> a les <strong>17h<\/strong>, hi haur\u00e0 una <strong>xerrada al centre<\/strong> sobre &#8220;<strong>Com acompanyar\u00a0 els\/les nostres fills\/es en la seva vida digital<\/strong>&#8220;, destinada a les <strong>fam\u00edlies de cicle mitj\u00e0 i superior.<\/strong> Aquestes activitats seran portades a terme per l&#8217;Associaci\u00f3 de Consumidors Audiovisuals i forma part de les accions sobre la seguretat digital, que estan relacionades amb les necessitats actuals i recollides en els objectius de l<b>&#8216;Estrat\u00e8gia Digital de Centre (EDC)<\/b>.<\/p>\n<p>Per aquest motiu, us animem a participar! Trobareu el formulari a l&#8217;apartat d&#8217;activitats de cicle.<\/p>\n<p><img loading=\"lazy\" decoding=\"async\" class=\"aligncenter size-full wp-image-7452\" src=\"https:\/\/agora.xtec.cat\/escolasantpau\/wp-content\/uploads\/usu204\/2023\/11\/Personas_y_tecnologia_dibujo.png\" alt=\"\" width=\"512\" height=\"382\" \/><\/p>\n","protected":false},"excerpt":{"rendered":"<p>Benvolgudes fam\u00edlies, Us recordem que el proper 21 de novembre a les 17h, hi haur\u00e0 una xerrada al centre sobre &#8220;Com acompanyar\u00a0 els\/les nostres fills\/es en la seva vida digital&#8220;, destinada a les fam\u00edlies de cicle mitj\u00e0 i superior. Aquestes activitats seran portades a terme per l&#8217;Associaci\u00f3 de Consumidors Audiovisuals i forma part de les [&hellip;]<\/p>\n","protected":false},"author":5,"featured_media":7452,"comment_status":"open","ping_status":"closed","sticky":false,"template":"","format":"standard","meta":{"site-sidebar-layout":"default","site-content-layout":"","ast-site-content-layout":"","site-content-style":"default","site-sidebar-style":"default","ast-global-header-display":"","ast-banner-title-visibility":"","ast-main-header-display":"","ast-hfb-above-header-display":"","ast-hfb-below-header-display":"","ast-hfb-mobile-header-display":"","site-post-title":"","ast-breadcrumbs-content":"","ast-featured-img":"","footer-sml-layout":"","theme-transparent-header-meta":"","adv-header-id-meta":"","stick-header-meta":"","header-above-stick-meta":"","header-main-stick-meta":"","header-below-stick-meta":"","astra-migrate-meta-layouts":"default","ast-page-background-enabled":"default","ast-page-background-meta":{"desktop":{"background-color":"var(--ast-global-color-4)","background-image":"","background-repeat":"repeat","background-position":"center center","background-size":"auto","background-attachment":"scroll","background-type":"","background-media":"","overlay-type":"","overlay-color":"","overlay-opacity":"","overlay-gradient":""},"tablet":{"background-color":"","background-image":"","background-repeat":"repeat","background-position":"center center","background-size":"auto","background-attachment":"scroll","background-type":"","background-media":"","overlay-type":"","overlay-color":"","overlay-opacity":"","overlay-gradient":""},"mobile":{"background-color":"","background-image":"","background-repeat":"repeat","background-position":"center center","background-size":"auto","background-attachment":"scroll","background-type":"","background-media":"","overlay-type":"","overlay-color":"","overlay-opacity":"","overlay-gradient":""}},"ast-content-background-meta":{"desktop":{"background-color":"var(--ast-global-color-5)","background-image":"","background-repeat":"repeat","background-position":"center center","background-size":"auto","background-attachment":"scroll","background-type":"","background-media":"","overlay-type":"","overlay-color":"","overlay-opacity":"","overlay-gradient":""},"tablet":{"background-color":"var(--ast-global-color-5)","background-image":"","background-repeat":"repeat","background-position":"center center","background-size":"auto","background-attachment":"scroll","background-type":"","background-media":"","overlay-type":"","overlay-color":"","overlay-opacity":"","overlay-gradient":""},"mobile":{"background-color":"var(--ast-global-color-5)","background-image":"","background-repeat":"repeat","background-position":"center center","background-size":"auto","background-attachment":"scroll","background-type":"","background-media":"","overlay-type":"","overlay-color":"","overlay-opacity":"","overlay-gradient":""}},"footnotes":""},"categories":[29],"tags":[],"class_list":["post-7454","post","type-post","status-publish","format-standard","has-post-thumbnail","hentry","category-portada"],"post_mailing_queue_ids":[],"_links":{"self":[{"href":"https:\/\/agora.xtec.cat\/iesantpol\/wp-json\/wp\/v2\/posts\/7454","targetHints":{"allow":["GET"]}}],"collection":[{"href":"https:\/\/agora.xtec.cat\/iesantpol\/wp-json\/wp\/v2\/posts"}],"about":[{"href":"https:\/\/agora.xtec.cat\/iesantpol\/wp-json\/wp\/v2\/types\/post"}],"author":[{"embeddable":true,"href":"https:\/\/agora.xtec.cat\/iesantpol\/wp-json\/wp\/v2\/users\/5"}],"replies":[{"embeddable":true,"href":"https:\/\/agora.xtec.cat\/iesantpol\/wp-json\/wp\/v2\/comments?post=7454"}],"version-history":[{"count":0,"href":"https:\/\/agora.xtec.cat\/iesantpol\/wp-json\/wp\/v2\/posts\/7454\/revisions"}],"wp:featuredmedia":[{"embeddable":true,"href":"https:\/\/agora.xtec.cat\/iesantpol\/wp-json\/"}],"wp:attachment":[{"href":"https:\/\/agora.xtec.cat\/iesantpol\/wp-json\/wp\/v2\/media?parent=7454"}],"wp:term":[{"taxonomy":"category","embeddable":true,"href":"https:\/\/agora.xtec.cat\/iesantpol\/wp-json\/wp\/v2\/categories?post=7454"},{"taxonomy":"post_tag","embeddable":true,"href":"https:\/\/agora.xtec.cat\/iesantpol\/wp-json\/wp\/v2\/tags?post=7454"}],"curies":[{"name":"wp","href":"https:\/\/api.w.org\/{rel}","templated":true}]}}