{"id":2417,"date":"2017-06-16T13:55:19","date_gmt":"2017-06-16T11:55:19","guid":{"rendered":"http:\/\/agora.xtec.cat\/institutsantpol\/?p=2417"},"modified":"2017-06-16T13:55:19","modified_gmt":"2017-06-16T11:55:19","slug":"activitats-culturals-juny-2017","status":"publish","type":"post","link":"https:\/\/agora.xtec.cat\/iesantpol\/general\/activitats-culturals-juny-2017\/","title":{"rendered":"Activitats culturals Juny 2017!"},"content":{"rendered":"<p align=\"justify\">Aquests dies els alumnes de l&#8217;institut estan participant en diferents activitats culturals relacionades amb l&#8217;entorn m\u00e9s immediat per tal de ser conscients de totes les possibilitats que ofereix la poblaci\u00f3 i els seus voltants.<\/p>\n<p align=\"justify\">Els alumnes han anat d&#8217;excursi\u00f3 a les torretes i a la Roca Grossa, han participat en un curset de vela lleugera i han visitat la llar d&#8217;avis on han tingut l&#8217;oportunitat de conversar amb la gent gran del poble i aprendre de la seva realitat. La dinamitzadora de Ca l&#8217;Arturo, la N\u00faria, ens va portar activitats per aprendre la import\u00e0ncia de treballar en equip. Tamb\u00e9 s&#8217;han organitzat les Jornades Esportives amb els alumnes de 6\u00e8 de les escoles adscrites a l&#8217;institut. I la mare d&#8217;un alumne nostre, la N\u00faria Vives, ens ha explicat la seva experi\u00e8ncia com a membre del servei m\u00e8dic de la Tital Desert. Agra\u00efm a tothom la seva col.laboraci\u00f3; totes les experi\u00e8ncies han estat molt valuoses.<\/p>\n<p align=\"justify\">Gr\u00e0cies a l&#8217;Ajuntament de Sant Pol de Mar, els nostres alumnes han pogut gaudir d&#8217;un taller de primers auxilis i \u00fas de desfibrilador semi-autom\u00e0tic. La Regidora de Mediambient junt amb l&#8217;agent de proximitat de la Policia Local van venir a recordar als nostres alumnes la import\u00e0ncia de tenir unes actituds c\u00edviques als espais comuns de les poblacions. L&#8217;Ajuntament tamb\u00e9 ens ha ofert la possibilitat d&#8217;aprendre sobre la realitat del conflicte de S\u00edria mitjan\u00e7ant la m\u00fasica d&#8217;en Joan Manel Chouci\u00f1o . Estem molt agra\u00efts per totes aquestes experi\u00e8ncies que ens han fet arribar.<\/p>\n<p align=\"justify\">[slideshow_deploy id=&#8217;2416&#8242;]<\/p>\n","protected":false},"excerpt":{"rendered":"<p>Aquests dies els alumnes de l&#8217;institut estan participant en diferents activitats culturals relacionades amb l&#8217;entorn m\u00e9s immediat per tal de ser conscients de totes les possibilitats que ofereix la poblaci\u00f3 i els seus voltants. Els alumnes han anat d&#8217;excursi\u00f3 a les torretes i a la Roca Grossa, han participat en un curset de vela lleugera [&hellip;]<\/p>\n","protected":false},"author":3,"featured_media":2405,"comment_status":"open","ping_status":"closed","sticky":false,"template":"","format":"standard","meta":{"site-sidebar-layout":"default","site-content-layout":"","ast-site-content-layout":"","site-content-style":"default","site-sidebar-style":"default","ast-global-header-display":"","ast-banner-title-visibility":"","ast-main-header-display":"","ast-hfb-above-header-display":"","ast-hfb-below-header-display":"","ast-hfb-mobile-header-display":"","site-post-title":"","ast-breadcrumbs-content":"","ast-featured-img":"","footer-sml-layout":"","theme-transparent-header-meta":"","adv-header-id-meta":"","stick-header-meta":"","header-above-stick-meta":"","header-main-stick-meta":"","header-below-stick-meta":"","astra-migrate-meta-layouts":"default","ast-page-background-enabled":"default","ast-page-background-meta":{"desktop":{"background-color":"var(--ast-global-color-4)","background-image":"","background-repeat":"repeat","background-position":"center center","background-size":"auto","background-attachment":"scroll","background-type":"","background-media":"","overlay-type":"","overlay-color":"","overlay-opacity":"","overlay-gradient":""},"tablet":{"background-color":"","background-image":"","background-repeat":"repeat","background-position":"center center","background-size":"auto","background-attachment":"scroll","background-type":"","background-media":"","overlay-type":"","overlay-color":"","overlay-opacity":"","overlay-gradient":""},"mobile":{"background-color":"","background-image":"","background-repeat":"repeat","background-position":"center center","background-size":"auto","background-attachment":"scroll","background-type":"","background-media":"","overlay-type":"","overlay-color":"","overlay-opacity":"","overlay-gradient":""}},"ast-content-background-meta":{"desktop":{"background-color":"var(--ast-global-color-5)","background-image":"","background-repeat":"repeat","background-position":"center center","background-size":"auto","background-attachment":"scroll","background-type":"","background-media":"","overlay-type":"","overlay-color":"","overlay-opacity":"","overlay-gradient":""},"tablet":{"background-color":"var(--ast-global-color-5)","background-image":"","background-repeat":"repeat","background-position":"center center","background-size":"auto","background-attachment":"scroll","background-type":"","background-media":"","overlay-type":"","overlay-color":"","overlay-opacity":"","overlay-gradient":""},"mobile":{"background-color":"var(--ast-global-color-5)","background-image":"","background-repeat":"repeat","background-position":"center center","background-size":"auto","background-attachment":"scroll","background-type":"","background-media":"","overlay-type":"","overlay-color":"","overlay-opacity":"","overlay-gradient":""}},"footnotes":""},"categories":[3,4,1,29],"tags":[],"class_list":["post-2417","post","type-post","status-publish","format-standard","has-post-thumbnail","hentry","category-eso","category-eso-1","category-general","category-portada"],"post_mailing_queue_ids":[],"_links":{"self":[{"href":"https:\/\/agora.xtec.cat\/iesantpol\/wp-json\/wp\/v2\/posts\/2417","targetHints":{"allow":["GET"]}}],"collection":[{"href":"https:\/\/agora.xtec.cat\/iesantpol\/wp-json\/wp\/v2\/posts"}],"about":[{"href":"https:\/\/agora.xtec.cat\/iesantpol\/wp-json\/wp\/v2\/types\/post"}],"author":[{"embeddable":true,"href":"https:\/\/agora.xtec.cat\/iesantpol\/wp-json\/wp\/v2\/users\/3"}],"replies":[{"embeddable":true,"href":"https:\/\/agora.xtec.cat\/iesantpol\/wp-json\/wp\/v2\/comments?post=2417"}],"version-history":[{"count":0,"href":"https:\/\/agora.xtec.cat\/iesantpol\/wp-json\/wp\/v2\/posts\/2417\/revisions"}],"wp:featuredmedia":[{"embeddable":true,"href":"https:\/\/agora.xtec.cat\/iesantpol\/wp-json\/wp\/v2\/media\/2405"}],"wp:attachment":[{"href":"https:\/\/agora.xtec.cat\/iesantpol\/wp-json\/wp\/v2\/media?parent=2417"}],"wp:term":[{"taxonomy":"category","embeddable":true,"href":"https:\/\/agora.xtec.cat\/iesantpol\/wp-json\/wp\/v2\/categories?post=2417"},{"taxonomy":"post_tag","embeddable":true,"href":"https:\/\/agora.xtec.cat\/iesantpol\/wp-json\/wp\/v2\/tags?post=2417"}],"curies":[{"name":"wp","href":"https:\/\/api.w.org\/{rel}","templated":true}]}}