{"id":21207,"date":"2025-10-21T17:36:20","date_gmt":"2025-10-21T15:36:20","guid":{"rendered":"https:\/\/agora.xtec.cat\/iesantpol\/?p=21207"},"modified":"2025-10-23T20:11:49","modified_gmt":"2025-10-23T18:11:49","slug":"eleccions-al-consell-escolar","status":"publish","type":"post","link":"https:\/\/agora.xtec.cat\/iesantpol\/general\/eleccions-al-consell-escolar\/","title":{"rendered":"Eleccions al Consell Escolar"},"content":{"rendered":"\n<figure class=\"wp-block-image size-large\"><a href=\"https:\/\/agora.xtec.cat\/iesantpol\/wp-content\/uploads\/usu3599\/2025\/10\/image.png\"><img loading=\"lazy\" decoding=\"async\" width=\"1024\" height=\"261\" src=\"https:\/\/agora.xtec.cat\/iesantpol\/wp-content\/uploads\/usu3599\/2025\/10\/image-1024x261.png\" alt=\"\" class=\"wp-image-21209\" srcset=\"https:\/\/agora.xtec.cat\/iesantpol\/wp-content\/uploads\/usu3599\/2025\/10\/image-1024x261.png 1024w, https:\/\/agora.xtec.cat\/iesantpol\/wp-content\/uploads\/usu3599\/2025\/10\/image-300x76.png 300w, https:\/\/agora.xtec.cat\/iesantpol\/wp-content\/uploads\/usu3599\/2025\/10\/image-768x196.png 768w, https:\/\/agora.xtec.cat\/iesantpol\/wp-content\/uploads\/usu3599\/2025\/10\/image.png 1096w\" sizes=\"auto, (max-width: 1024px) 100vw, 1024px\" \/><\/a><\/figure>\n\n\n\n<p>El consell escolar del centre \u00e9s l&#8217;<strong>\u00f2rgan col\u00b7legiat de participaci\u00f3<\/strong>&nbsp;de la comunitat escolar en el govern del centre. En el consell escolar hi ha representats tots els col\u00b7lectius que intervenen en la comunitat educativa: director o directora, professorat, alumnes, personal d&#8217;administraci\u00f3 i serveis, etc.<\/p>\n\n\n\n<p>De forma general els membres del consell escolar s\u00f3n elegits per un per\u00edode de quatre anys i es renoven per meitats cada dos anys. En el cas del Consell escolar de l&#8217;Institut Escola en ser de nova creaci\u00f3 el proc\u00e9s electoral triar\u00e0 a la totalitat dels membres. Estar\u00e0 format per 18 membres on el secretari no t\u00e9 dreta a vot.<\/p>\n\n\n\n<ul class=\"wp-block-list\">\n<li><strong>DIRECCI\u00d3<\/strong>:<em>&nbsp;4 persones<\/em>. direcci\u00f3, direcci\u00f3 adjunta, cap d&#8217;estudis, secretari&nbsp;<\/li>\n\n\n\n<li><strong>PROFESSORAT<\/strong>:&nbsp;<em>6 persones<\/em><\/li>\n\n\n\n<li><strong>FAM\u00cdLIES I ALUMNES:<\/strong>&nbsp;<em>6 persones<\/em>. 3 fam\u00edlies, 1 AFA, 2 alumnes<\/li>\n\n\n\n<li><strong>PAS<\/strong>: 1 persona<\/li>\n\n\n\n<li><strong>AJUNTAMENT<\/strong>:&nbsp;<em>1 persona<\/em><\/li>\n<\/ul>\n\n\n\n<p>Aquesta composici\u00f3 es va acordar en el Consell escolar transitori que es va celebrar a finals del curs passat. Tractant-se d&#8217;un centre de nova creaci\u00f3&nbsp;s&#8217;han d&#8217;escollir tots els representants, no \u00e9s renovaci\u00f3 parcial dels membres dels diferents sectors.<\/p>\n\n\n\n<p>La previsi\u00f3 de dates del calendari electoral que s\u00f3n del vostre inter\u00e8s s\u00f3n:<\/p>\n\n\n\n<ul class=\"wp-block-list\">\n<li><em>Presentaci\u00f3 de candidatures<\/em>: abans del 12 de novembre.<\/li>\n\n\n\n<li><em>Constituci\u00f3 de les meses electorals:&nbsp;<\/em>Divendres 7 de novembre.<\/li>\n\n\n\n<li><em>Votacions:<\/em>&nbsp;\n<ul class=\"wp-block-list\">\n<li>Professors: Dimecres 19 de novembre a partir de les 14:45<\/li>\n\n\n\n<li>Pares i mares: Dijous 20 de novembre a partir de les 14:35<\/li>\n\n\n\n<li>Alumnes:&nbsp; Dijous 20 de novembre a partir de les 10<\/li>\n\n\n\n<li>PAS: dimarts 18 de novembre a partir de les 10:30<\/li>\n<\/ul>\n<\/li>\n<\/ul>\n\n\n\n<p><a href=\"https:\/\/educacio.gencat.cat\/ca\/arees-actuacio\/centres-serveis-educatius\/centres\/consells-escolars-centres\/\" data-type=\"link\" data-id=\"https:\/\/educacio.gencat.cat\/ca\/arees-actuacio\/centres-serveis-educatius\/centres\/consells-escolars-centres\/\" target=\"_blank\" rel=\"noreferrer noopener\">+ informaci\u00f3<\/a><\/p>\n","protected":false},"excerpt":{"rendered":"<p>El consell escolar del centre \u00e9s l&#8217;\u00f2rgan col\u00b7legiat de participaci\u00f3\u00a0de la comunitat escolar en el govern del centre. En el consell escolar hi ha representats tots els col\u00b7lectius que intervenen en la comunitat educativa: director o directora, professorat, alumnes, personal d&#8217;administraci\u00f3 i serveis, etc.<\/p>\n","protected":false},"author":1,"featured_media":21429,"comment_status":"open","ping_status":"open","sticky":false,"template":"","format":"standard","meta":{"site-sidebar-layout":"default","site-content-layout":"","ast-site-content-layout":"default","site-content-style":"default","site-sidebar-style":"default","ast-global-header-display":"","ast-banner-title-visibility":"","ast-main-header-display":"","ast-hfb-above-header-display":"","ast-hfb-below-header-display":"","ast-hfb-mobile-header-display":"","site-post-title":"","ast-breadcrumbs-content":"","ast-featured-img":"","footer-sml-layout":"","theme-transparent-header-meta":"","adv-header-id-meta":"","stick-header-meta":"","header-above-stick-meta":"","header-main-stick-meta":"","header-below-stick-meta":"","astra-migrate-meta-layouts":"set","ast-page-background-enabled":"default","ast-page-background-meta":{"desktop":{"background-color":"var(--ast-global-color-4)","background-image":"","background-repeat":"repeat","background-position":"center center","background-size":"auto","background-attachment":"scroll","background-type":"","background-media":"","overlay-type":"","overlay-color":"","overlay-opacity":"","overlay-gradient":""},"tablet":{"background-color":"","background-image":"","background-repeat":"repeat","background-position":"center center","background-size":"auto","background-attachment":"scroll","background-type":"","background-media":"","overlay-type":"","overlay-color":"","overlay-opacity":"","overlay-gradient":""},"mobile":{"background-color":"","background-image":"","background-repeat":"repeat","background-position":"center center","background-size":"auto","background-attachment":"scroll","background-type":"","background-media":"","overlay-type":"","overlay-color":"","overlay-opacity":"","overlay-gradient":""}},"ast-content-background-meta":{"desktop":{"background-color":"var(--ast-global-color-5)","background-image":"","background-repeat":"repeat","background-position":"center center","background-size":"auto","background-attachment":"scroll","background-type":"","background-media":"","overlay-type":"","overlay-color":"","overlay-opacity":"","overlay-gradient":""},"tablet":{"background-color":"var(--ast-global-color-5)","background-image":"","background-repeat":"repeat","background-position":"center center","background-size":"auto","background-attachment":"scroll","background-type":"","background-media":"","overlay-type":"","overlay-color":"","overlay-opacity":"","overlay-gradient":""},"mobile":{"background-color":"var(--ast-global-color-5)","background-image":"","background-repeat":"repeat","background-position":"center center","background-size":"auto","background-attachment":"scroll","background-type":"","background-media":"","overlay-type":"","overlay-color":"","overlay-opacity":"","overlay-gradient":""}},"footnotes":""},"categories":[31,8,3,1,29,298,294],"tags":[272,302],"class_list":["post-21207","post","type-post","status-publish","format-standard","has-post-thumbnail","hentry","category-afa","category-batxillerat","category-eso","category-general","category-portada","category-primaria","category-sant-pol-de-mar","tag-consell-escolar","tag-eleccions"],"post_mailing_queue_ids":[],"_links":{"self":[{"href":"https:\/\/agora.xtec.cat\/iesantpol\/wp-json\/wp\/v2\/posts\/21207","targetHints":{"allow":["GET"]}}],"collection":[{"href":"https:\/\/agora.xtec.cat\/iesantpol\/wp-json\/wp\/v2\/posts"}],"about":[{"href":"https:\/\/agora.xtec.cat\/iesantpol\/wp-json\/wp\/v2\/types\/post"}],"author":[{"embeddable":true,"href":"https:\/\/agora.xtec.cat\/iesantpol\/wp-json\/wp\/v2\/users\/1"}],"replies":[{"embeddable":true,"href":"https:\/\/agora.xtec.cat\/iesantpol\/wp-json\/wp\/v2\/comments?post=21207"}],"version-history":[{"count":4,"href":"https:\/\/agora.xtec.cat\/iesantpol\/wp-json\/wp\/v2\/posts\/21207\/revisions"}],"predecessor-version":[{"id":21215,"href":"https:\/\/agora.xtec.cat\/iesantpol\/wp-json\/wp\/v2\/posts\/21207\/revisions\/21215"}],"wp:featuredmedia":[{"embeddable":true,"href":"https:\/\/agora.xtec.cat\/iesantpol\/wp-json\/wp\/v2\/media\/21429"}],"wp:attachment":[{"href":"https:\/\/agora.xtec.cat\/iesantpol\/wp-json\/wp\/v2\/media?parent=21207"}],"wp:term":[{"taxonomy":"category","embeddable":true,"href":"https:\/\/agora.xtec.cat\/iesantpol\/wp-json\/wp\/v2\/categories?post=21207"},{"taxonomy":"post_tag","embeddable":true,"href":"https:\/\/agora.xtec.cat\/iesantpol\/wp-json\/wp\/v2\/tags?post=21207"}],"curies":[{"name":"wp","href":"https:\/\/api.w.org\/{rel}","templated":true}]}}