{"id":19871,"date":"2023-11-07T16:08:31","date_gmt":"2023-11-07T15:08:31","guid":{"rendered":"https:\/\/agora.xtec.cat\/institutsantpol\/?p=19871"},"modified":"2023-11-07T16:08:31","modified_gmt":"2023-11-07T15:08:31","slug":"distincio-a-les-pau","status":"publish","type":"post","link":"https:\/\/agora.xtec.cat\/iesantpol\/batxillerat\/distincio-a-les-pau\/","title":{"rendered":"Distinci\u00f3 a les PAU"},"content":{"rendered":"<p>En <strong>Pablo Molinero Caballero<\/strong>, alumne que va acabar el batxillerat el curs anterior en el nostre institut, ha merescut la <strong>Distinci\u00f3 de la Prova d&#8217;Acc\u00e9s a la Universitat<\/strong>, que s&#8217;atorga a tots els estudiants de batxillerat de Catalunya que han obtingut, en la fase general, una nota superior o igual a nou punts.<\/p>\n<p><a href=\"https:\/\/agora.xtec.cat\/iesantpol\/wp-content\/uploads\/usu3599\/2023\/11\/PAU-2023.jpg\"><img loading=\"lazy\" decoding=\"async\" class=\"size-full wp-image-19872 aligncenter\" src=\"https:\/\/agora.xtec.cat\/iesantpol\/wp-content\/uploads\/usu3599\/2023\/11\/PAU-2023.jpg\" alt=\"\" width=\"2000\" height=\"1114\" srcset=\"https:\/\/agora.xtec.cat\/iesantpol\/wp-content\/uploads\/usu3599\/2023\/11\/PAU-2023.jpg 2000w, https:\/\/agora.xtec.cat\/iesantpol\/wp-content\/uploads\/usu3599\/2023\/11\/PAU-2023-300x167.jpg 300w, https:\/\/agora.xtec.cat\/iesantpol\/wp-content\/uploads\/usu3599\/2023\/11\/PAU-2023-1024x570.jpg 1024w, https:\/\/agora.xtec.cat\/iesantpol\/wp-content\/uploads\/usu3599\/2023\/11\/PAU-2023-768x428.jpg 768w, https:\/\/agora.xtec.cat\/iesantpol\/wp-content\/uploads\/usu3599\/2023\/11\/PAU-2023-1536x856.jpg 1536w\" sizes=\"auto, (max-width: 2000px) 100vw, 2000px\" \/><\/a><\/p>\n<p>El Govern de la Generalitat de Catalunya atorga aquest m\u00e8rit en un acte de <strong>reconeixement <\/strong>d\u2019aquesta<strong> excel\u00b7l\u00e8ncia<\/strong> que, sens dubte, <strong>reflecteix la dedicaci\u00f3 i const\u00e0ncia d&#8217;en Pablo<\/strong> i tamb\u00e9 de tot un equip de professors que ha desenvolupat una tasca formativa amb rigor i efic\u00e0cia, fins i tot quan les circumst\u00e0ncies no s\u00f3n prou favorables com les que hem viscut aquests darrers anys.<\/p>\n","protected":false},"excerpt":{"rendered":"<p>En Pablo Molinero Caballero, alumne que va acabar el batxillerat el curs anterior en el nostre institut, ha merescut la Distinci\u00f3 de la Prova d&#8217;Acc\u00e9s a la Universitat, que s&#8217;atorga a tots els estudiants de batxillerat de Catalunya que han obtingut, en la fase general, una nota superior o igual a nou punts. El Govern [&hellip;]<\/p>\n","protected":false},"author":3,"featured_media":19874,"comment_status":"open","ping_status":"closed","sticky":false,"template":"","format":"standard","meta":{"site-sidebar-layout":"default","site-content-layout":"","ast-site-content-layout":"","site-content-style":"default","site-sidebar-style":"default","ast-global-header-display":"","ast-banner-title-visibility":"","ast-main-header-display":"","ast-hfb-above-header-display":"","ast-hfb-below-header-display":"","ast-hfb-mobile-header-display":"","site-post-title":"","ast-breadcrumbs-content":"","ast-featured-img":"","footer-sml-layout":"","theme-transparent-header-meta":"","adv-header-id-meta":"","stick-header-meta":"","header-above-stick-meta":"","header-main-stick-meta":"","header-below-stick-meta":"","astra-migrate-meta-layouts":"default","ast-page-background-enabled":"default","ast-page-background-meta":{"desktop":{"background-color":"var(--ast-global-color-4)","background-image":"","background-repeat":"repeat","background-position":"center center","background-size":"auto","background-attachment":"scroll","background-type":"","background-media":"","overlay-type":"","overlay-color":"","overlay-opacity":"","overlay-gradient":""},"tablet":{"background-color":"","background-image":"","background-repeat":"repeat","background-position":"center center","background-size":"auto","background-attachment":"scroll","background-type":"","background-media":"","overlay-type":"","overlay-color":"","overlay-opacity":"","overlay-gradient":""},"mobile":{"background-color":"","background-image":"","background-repeat":"repeat","background-position":"center center","background-size":"auto","background-attachment":"scroll","background-type":"","background-media":"","overlay-type":"","overlay-color":"","overlay-opacity":"","overlay-gradient":""}},"ast-content-background-meta":{"desktop":{"background-color":"var(--ast-global-color-5)","background-image":"","background-repeat":"repeat","background-position":"center center","background-size":"auto","background-attachment":"scroll","background-type":"","background-media":"","overlay-type":"","overlay-color":"","overlay-opacity":"","overlay-gradient":""},"tablet":{"background-color":"var(--ast-global-color-5)","background-image":"","background-repeat":"repeat","background-position":"center center","background-size":"auto","background-attachment":"scroll","background-type":"","background-media":"","overlay-type":"","overlay-color":"","overlay-opacity":"","overlay-gradient":""},"mobile":{"background-color":"var(--ast-global-color-5)","background-image":"","background-repeat":"repeat","background-position":"center center","background-size":"auto","background-attachment":"scroll","background-type":"","background-media":"","overlay-type":"","overlay-color":"","overlay-opacity":"","overlay-gradient":""}},"footnotes":""},"categories":[8,29],"tags":[283],"class_list":["post-19871","post","type-post","status-publish","format-standard","has-post-thumbnail","hentry","category-batxillerat","category-portada","tag-excelencia"],"post_mailing_queue_ids":[],"_links":{"self":[{"href":"https:\/\/agora.xtec.cat\/iesantpol\/wp-json\/wp\/v2\/posts\/19871","targetHints":{"allow":["GET"]}}],"collection":[{"href":"https:\/\/agora.xtec.cat\/iesantpol\/wp-json\/wp\/v2\/posts"}],"about":[{"href":"https:\/\/agora.xtec.cat\/iesantpol\/wp-json\/wp\/v2\/types\/post"}],"author":[{"embeddable":true,"href":"https:\/\/agora.xtec.cat\/iesantpol\/wp-json\/wp\/v2\/users\/3"}],"replies":[{"embeddable":true,"href":"https:\/\/agora.xtec.cat\/iesantpol\/wp-json\/wp\/v2\/comments?post=19871"}],"version-history":[{"count":0,"href":"https:\/\/agora.xtec.cat\/iesantpol\/wp-json\/wp\/v2\/posts\/19871\/revisions"}],"wp:featuredmedia":[{"embeddable":true,"href":"https:\/\/agora.xtec.cat\/iesantpol\/wp-json\/wp\/v2\/media\/19874"}],"wp:attachment":[{"href":"https:\/\/agora.xtec.cat\/iesantpol\/wp-json\/wp\/v2\/media?parent=19871"}],"wp:term":[{"taxonomy":"category","embeddable":true,"href":"https:\/\/agora.xtec.cat\/iesantpol\/wp-json\/wp\/v2\/categories?post=19871"},{"taxonomy":"post_tag","embeddable":true,"href":"https:\/\/agora.xtec.cat\/iesantpol\/wp-json\/wp\/v2\/tags?post=19871"}],"curies":[{"name":"wp","href":"https:\/\/api.w.org\/{rel}","templated":true}]}}