{"id":1576,"date":"2017-05-23T17:29:31","date_gmt":"2017-05-23T15:29:31","guid":{"rendered":"http:\/\/agora.xtec.cat\/escolasantpau\/?p=1576"},"modified":"2017-05-23T17:29:31","modified_gmt":"2017-05-23T15:29:31","slug":"beques-menjador-curs-2017-18","status":"publish","type":"post","link":"https:\/\/agora.xtec.cat\/iesantpol\/portada\/beques-menjador-curs-2017-18\/","title":{"rendered":"Beques Menjador curs 2017-18"},"content":{"rendered":"<p>Us adjuntem la convocat\u00f2ria pels beques <strong>ajuts de menjador de l&#8217;Ajuntament de Sant Pol de Mar<\/strong> per al curs 2017\/2018.<\/p>\n<p>&nbsp;<\/p>\n<p>Recordeu que el per\u00edode per sol\u00b7licitar l&#8217;ajut \u00e9s:<strong>\u00a0Del 23 de maig al 9 de juny, ambd\u00f3s inclosos<\/strong><\/p>\n<p>&nbsp;<\/p>\n<p><u><strong>La documentaci\u00f3 cal que la presenteu a l&#8217;Ajuntament de Sant Pol de Mar.<\/strong><\/u><\/p>\n<p>Pla\u00e7a de la Vila, 1, 08395 Sant Pol de Mar, Barcelona<\/p>\n<p><a href=\"https:\/\/www.google.es\/search?safe=strict&amp;q=ajuntament+de+sant+pol+de+mar+tel%C3%A8fon&amp;sa=X&amp;ved=0ahUKEwiHut-eu4PUAhWGJhoKHR7tA68Q6BMIjgEwEw\">Tel\u00e8fon<\/a>:\u00a0937 60 04 51<\/p>\n<p>Per a m\u00e9s informaci\u00f3 us podeu adre\u00e7ar directament a l&#8217;Ajuntament de Sant Pol.<\/p>\n<p><a href=\"https:\/\/drive.google.com\/file\/d\/0Bw0ItL2MROSYM2k3U3YwYU5aX0U\/view?usp=sharing\" target=\"_blank\">Document convocat\u00f2ria<\/a><\/p>\n<p><a href=\"https:\/\/drive.google.com\/file\/d\/0Bw0ItL2MROSYdWVYSHpTSkx1UjQ\/view?usp=sharing\" target=\"_blank\">Document sol\u00b7licitud<\/a><\/p>\n<p><a href=\"https:\/\/santpol.cat\/noticies\/2017-05-22\/oberta-la-convocatoria-dajuts-individuals-de-menjador-escolar\"><img loading=\"lazy\" decoding=\"async\" class=\"aligncenter size-full wp-image-1577\" src=\"http:\/\/agora.xtec.cat\/escolasantpau\/wp-content\/uploads\/usu204\/2017\/05\/beques.jpg\" alt=\"beques\" width=\"499\" height=\"246\" \/><\/a><\/p>\n","protected":false},"excerpt":{"rendered":"<p>Us adjuntem la convocat\u00f2ria pels beques ajuts de menjador de l&#8217;Ajuntament de Sant Pol de Mar per al curs 2017\/2018. &nbsp; Recordeu que el per\u00edode per sol\u00b7licitar l&#8217;ajut \u00e9s:\u00a0Del 23 de maig al 9 de juny, ambd\u00f3s inclosos &nbsp; La documentaci\u00f3 cal que la presenteu a l&#8217;Ajuntament de Sant Pol de Mar. Pla\u00e7a de la [&hellip;]<\/p>\n","protected":false},"author":5,"featured_media":1577,"comment_status":"open","ping_status":"closed","sticky":false,"template":"","format":"standard","meta":{"site-sidebar-layout":"default","site-content-layout":"","ast-site-content-layout":"","site-content-style":"default","site-sidebar-style":"default","ast-global-header-display":"","ast-banner-title-visibility":"","ast-main-header-display":"","ast-hfb-above-header-display":"","ast-hfb-below-header-display":"","ast-hfb-mobile-header-display":"","site-post-title":"","ast-breadcrumbs-content":"","ast-featured-img":"","footer-sml-layout":"","theme-transparent-header-meta":"","adv-header-id-meta":"","stick-header-meta":"","header-above-stick-meta":"","header-main-stick-meta":"","header-below-stick-meta":"","astra-migrate-meta-layouts":"default","ast-page-background-enabled":"default","ast-page-background-meta":{"desktop":{"background-color":"var(--ast-global-color-4)","background-image":"","background-repeat":"repeat","background-position":"center center","background-size":"auto","background-attachment":"scroll","background-type":"","background-media":"","overlay-type":"","overlay-color":"","overlay-opacity":"","overlay-gradient":""},"tablet":{"background-color":"","background-image":"","background-repeat":"repeat","background-position":"center center","background-size":"auto","background-attachment":"scroll","background-type":"","background-media":"","overlay-type":"","overlay-color":"","overlay-opacity":"","overlay-gradient":""},"mobile":{"background-color":"","background-image":"","background-repeat":"repeat","background-position":"center center","background-size":"auto","background-attachment":"scroll","background-type":"","background-media":"","overlay-type":"","overlay-color":"","overlay-opacity":"","overlay-gradient":""}},"ast-content-background-meta":{"desktop":{"background-color":"var(--ast-global-color-5)","background-image":"","background-repeat":"repeat","background-position":"center center","background-size":"auto","background-attachment":"scroll","background-type":"","background-media":"","overlay-type":"","overlay-color":"","overlay-opacity":"","overlay-gradient":""},"tablet":{"background-color":"var(--ast-global-color-5)","background-image":"","background-repeat":"repeat","background-position":"center center","background-size":"auto","background-attachment":"scroll","background-type":"","background-media":"","overlay-type":"","overlay-color":"","overlay-opacity":"","overlay-gradient":""},"mobile":{"background-color":"var(--ast-global-color-5)","background-image":"","background-repeat":"repeat","background-position":"center center","background-size":"auto","background-attachment":"scroll","background-type":"","background-media":"","overlay-type":"","overlay-color":"","overlay-opacity":"","overlay-gradient":""}},"footnotes":""},"categories":[29],"tags":[],"class_list":["post-1576","post","type-post","status-publish","format-standard","has-post-thumbnail","hentry","category-portada"],"post_mailing_queue_ids":[],"_links":{"self":[{"href":"https:\/\/agora.xtec.cat\/iesantpol\/wp-json\/wp\/v2\/posts\/1576","targetHints":{"allow":["GET"]}}],"collection":[{"href":"https:\/\/agora.xtec.cat\/iesantpol\/wp-json\/wp\/v2\/posts"}],"about":[{"href":"https:\/\/agora.xtec.cat\/iesantpol\/wp-json\/wp\/v2\/types\/post"}],"author":[{"embeddable":true,"href":"https:\/\/agora.xtec.cat\/iesantpol\/wp-json\/wp\/v2\/users\/5"}],"replies":[{"embeddable":true,"href":"https:\/\/agora.xtec.cat\/iesantpol\/wp-json\/wp\/v2\/comments?post=1576"}],"version-history":[{"count":0,"href":"https:\/\/agora.xtec.cat\/iesantpol\/wp-json\/wp\/v2\/posts\/1576\/revisions"}],"wp:featuredmedia":[{"embeddable":true,"href":"https:\/\/agora.xtec.cat\/iesantpol\/wp-json\/"}],"wp:attachment":[{"href":"https:\/\/agora.xtec.cat\/iesantpol\/wp-json\/wp\/v2\/media?parent=1576"}],"wp:term":[{"taxonomy":"category","embeddable":true,"href":"https:\/\/agora.xtec.cat\/iesantpol\/wp-json\/wp\/v2\/categories?post=1576"},{"taxonomy":"post_tag","embeddable":true,"href":"https:\/\/agora.xtec.cat\/iesantpol\/wp-json\/wp\/v2\/tags?post=1576"}],"curies":[{"name":"wp","href":"https:\/\/api.w.org\/{rel}","templated":true}]}}