{"id":1562,"date":"2017-05-03T05:57:00","date_gmt":"2017-05-03T03:57:00","guid":{"rendered":"http:\/\/agora.xtec.cat\/escolasantpau\/?p=1562"},"modified":"2017-05-03T05:57:00","modified_gmt":"2017-05-03T03:57:00","slug":"cantania-2017","status":"publish","type":"post","link":"https:\/\/agora.xtec.cat\/iesantpol\/general\/cantania-2017\/","title":{"rendered":"Cant\u00e0nia 2017"},"content":{"rendered":"<p>Els alumnes de 5\u00e8 de l&#8217;Escola Sant Pau han participat aquest any al <strong>projecte Cant\u00e0nia<\/strong>.<\/p>\n<p>Aquesta activitat consisteix a preparar una cantata que \u00e9s el treball de bona part del curs, i s\u2019acaba amb un concert a l&#8217;Auditori. La cantata que han interpretat es titula <strong>\u201cLa nit dels malsons\u201d<\/strong>, amb m\u00fasica d\u2019\u00c0lex Mart\u00ednez i text de Marta Buchaca. Hi han participat de forma conjunta totes les escoles inscrites, acompanyades en directe de m\u00fasics i actors professionals. Ha estat una experi\u00e8ncia \u00fanica!<\/p>\n<p>Cliqueu a sobre la imatge per veure les fotografies dels assaigs i de l&#8217;actuaci\u00f3.<\/p>\n<p><a href=\"https:\/\/drive.google.com\/drive\/folders\/0B7dpT7nzlwx4Y0h1bXhDU01TLUE?usp=sharing\" target=\"_blank\"><img loading=\"lazy\" decoding=\"async\" class=\"aligncenter wp-image-1570 size-full\" src=\"https:\/\/agora.xtec.cat\/iesantpol\/wp-content\/uploads\/usu3599\/2017\/05\/IMAGE-2017-05-03-101730.jpg\" alt=\"IMAGE 2017-05-03 10:17:30\" width=\"1280\" height=\"960\" srcset=\"https:\/\/agora.xtec.cat\/iesantpol\/wp-content\/uploads\/usu3599\/2017\/05\/IMAGE-2017-05-03-101730.jpg 1280w, https:\/\/agora.xtec.cat\/iesantpol\/wp-content\/uploads\/usu3599\/2017\/05\/IMAGE-2017-05-03-101730-300x225.jpg 300w, https:\/\/agora.xtec.cat\/iesantpol\/wp-content\/uploads\/usu3599\/2017\/05\/IMAGE-2017-05-03-101730-1024x768.jpg 1024w, https:\/\/agora.xtec.cat\/iesantpol\/wp-content\/uploads\/usu3599\/2017\/05\/IMAGE-2017-05-03-101730-768x576.jpg 768w\" sizes=\"auto, (max-width: 1280px) 100vw, 1280px\" \/><\/a><\/p>\n","protected":false},"excerpt":{"rendered":"<p>Els alumnes de 5\u00e8 de l&#8217;Escola Sant Pau han participat aquest any al projecte Cant\u00e0nia. Aquesta activitat consisteix a preparar una cantata que \u00e9s el treball de bona part del curs, i s\u2019acaba amb un concert a l&#8217;Auditori. La cantata que han interpretat es titula \u201cLa nit dels malsons\u201d, amb m\u00fasica d\u2019\u00c0lex Mart\u00ednez i text [&hellip;]<\/p>\n","protected":false},"author":5,"featured_media":1570,"comment_status":"open","ping_status":"open","sticky":false,"template":"","format":"standard","meta":{"site-sidebar-layout":"default","site-content-layout":"","ast-site-content-layout":"","site-content-style":"default","site-sidebar-style":"default","ast-global-header-display":"","ast-banner-title-visibility":"","ast-main-header-display":"","ast-hfb-above-header-display":"","ast-hfb-below-header-display":"","ast-hfb-mobile-header-display":"","site-post-title":"","ast-breadcrumbs-content":"","ast-featured-img":"","footer-sml-layout":"","theme-transparent-header-meta":"","adv-header-id-meta":"","stick-header-meta":"","header-above-stick-meta":"","header-main-stick-meta":"","header-below-stick-meta":"","astra-migrate-meta-layouts":"default","ast-page-background-enabled":"default","ast-page-background-meta":{"desktop":{"background-color":"var(--ast-global-color-4)","background-image":"","background-repeat":"repeat","background-position":"center center","background-size":"auto","background-attachment":"scroll","background-type":"","background-media":"","overlay-type":"","overlay-color":"","overlay-opacity":"","overlay-gradient":""},"tablet":{"background-color":"","background-image":"","background-repeat":"repeat","background-position":"center center","background-size":"auto","background-attachment":"scroll","background-type":"","background-media":"","overlay-type":"","overlay-color":"","overlay-opacity":"","overlay-gradient":""},"mobile":{"background-color":"","background-image":"","background-repeat":"repeat","background-position":"center center","background-size":"auto","background-attachment":"scroll","background-type":"","background-media":"","overlay-type":"","overlay-color":"","overlay-opacity":"","overlay-gradient":""}},"ast-content-background-meta":{"desktop":{"background-color":"var(--ast-global-color-5)","background-image":"","background-repeat":"repeat","background-position":"center center","background-size":"auto","background-attachment":"scroll","background-type":"","background-media":"","overlay-type":"","overlay-color":"","overlay-opacity":"","overlay-gradient":""},"tablet":{"background-color":"var(--ast-global-color-5)","background-image":"","background-repeat":"repeat","background-position":"center center","background-size":"auto","background-attachment":"scroll","background-type":"","background-media":"","overlay-type":"","overlay-color":"","overlay-opacity":"","overlay-gradient":""},"mobile":{"background-color":"var(--ast-global-color-5)","background-image":"","background-repeat":"repeat","background-position":"center center","background-size":"auto","background-attachment":"scroll","background-type":"","background-media":"","overlay-type":"","overlay-color":"","overlay-opacity":"","overlay-gradient":""}},"footnotes":""},"categories":[1,29],"tags":[],"class_list":["post-1562","post","type-post","status-publish","format-standard","has-post-thumbnail","hentry","category-general","category-portada"],"post_mailing_queue_ids":[],"_links":{"self":[{"href":"https:\/\/agora.xtec.cat\/iesantpol\/wp-json\/wp\/v2\/posts\/1562","targetHints":{"allow":["GET"]}}],"collection":[{"href":"https:\/\/agora.xtec.cat\/iesantpol\/wp-json\/wp\/v2\/posts"}],"about":[{"href":"https:\/\/agora.xtec.cat\/iesantpol\/wp-json\/wp\/v2\/types\/post"}],"author":[{"embeddable":true,"href":"https:\/\/agora.xtec.cat\/iesantpol\/wp-json\/wp\/v2\/users\/5"}],"replies":[{"embeddable":true,"href":"https:\/\/agora.xtec.cat\/iesantpol\/wp-json\/wp\/v2\/comments?post=1562"}],"version-history":[{"count":0,"href":"https:\/\/agora.xtec.cat\/iesantpol\/wp-json\/wp\/v2\/posts\/1562\/revisions"}],"wp:featuredmedia":[{"embeddable":true,"href":"https:\/\/agora.xtec.cat\/iesantpol\/wp-json\/wp\/v2\/media\/1570"}],"wp:attachment":[{"href":"https:\/\/agora.xtec.cat\/iesantpol\/wp-json\/wp\/v2\/media?parent=1562"}],"wp:term":[{"taxonomy":"category","embeddable":true,"href":"https:\/\/agora.xtec.cat\/iesantpol\/wp-json\/wp\/v2\/categories?post=1562"},{"taxonomy":"post_tag","embeddable":true,"href":"https:\/\/agora.xtec.cat\/iesantpol\/wp-json\/wp\/v2\/tags?post=1562"}],"curies":[{"name":"wp","href":"https:\/\/api.w.org\/{rel}","templated":true}]}}