{"id":1438,"date":"2017-03-16T18:38:59","date_gmt":"2017-03-16T17:38:59","guid":{"rendered":"http:\/\/agora.xtec.cat\/escolasantpau\/?p=1438"},"modified":"2017-03-16T18:38:59","modified_gmt":"2017-03-16T17:38:59","slug":"apadrinament-lector-2017","status":"publish","type":"post","link":"https:\/\/agora.xtec.cat\/iesantpol\/portada\/apadrinament-lector-2017\/","title":{"rendered":"Apadrinament lector 2017"},"content":{"rendered":"<p>Un any m\u00e9s, el centre aposta per l&#8217;<strong>apadrinament lector.\u00a0<\/strong><\/p>\n<p>Es tracta d&#8217;una activitat que pret\u00e9n dinamitzar l&#8217;aprenentatge de la lectura a trav\u00e9s de contextos significatius, tot establint lligams afectius entre padrins i fillols al voltant de la lectura.<\/p>\n<p>Aix\u00ed doncs, a part de contribuir a la millora de la compet\u00e8ncia lectora de l&#8217;alumnat, aquesta proposta fomenta valors de responsabilitat, comprom\u00eds i conviv\u00e8ncia entre alumnes de diferents cicles.<\/p>\n<p><a href=\"http:\/\/agora.xtec.cat\/escolasantpau\/wp-content\/uploads\/usu204\/2017\/03\/IMG_0005.jpg\"><img loading=\"lazy\" decoding=\"async\" class=\"aligncenter size-full wp-image-1439\" src=\"http:\/\/agora.xtec.cat\/escolasantpau\/wp-content\/uploads\/usu204\/2017\/03\/IMG_0005.jpg\" alt=\"img_0005\" width=\"4032\" height=\"3024\" \/><\/a>Per accedir a les fotografies, cliqueu als seg\u00fcents enlla\u00e7os:<\/p>\n<ul>\n<li><a href=\"https:\/\/drive.google.com\/drive\/folders\/0B6hQUEm0QQ7heTN0RXQ0TEFlZEk?usp=sharing\" target=\"_blank\">Apadrinament lector 4t-P4<\/a><\/li>\n<li><a href=\"https:\/\/drive.google.com\/open?id=0B7dpT7nzlwx4WUxKaGIxZk1wOEE\" target=\"_blank\">Apadrinament lector 5\u00e8-1r<\/a><\/li>\n<li><a href=\"https:\/\/drive.google.com\/drive\/folders\/0Bw0ItL2MROSYLTRULTFydGtZa0E?usp=sharing\" target=\"_blank\">Apadrinament lector 6\u00e8-2n<\/a><\/li>\n<\/ul>\n","protected":false},"excerpt":{"rendered":"<p>Un any m\u00e9s, el centre aposta per l&#8217;apadrinament lector.\u00a0 Es tracta d&#8217;una activitat que pret\u00e9n dinamitzar l&#8217;aprenentatge de la lectura a trav\u00e9s de contextos significatius, tot establint lligams afectius entre padrins i fillols al voltant de la lectura. Aix\u00ed doncs, a part de contribuir a la millora de la compet\u00e8ncia lectora de l&#8217;alumnat, aquesta proposta [&hellip;]<\/p>\n","protected":false},"author":5,"featured_media":1439,"comment_status":"open","ping_status":"open","sticky":false,"template":"","format":"standard","meta":{"site-sidebar-layout":"default","site-content-layout":"","ast-site-content-layout":"","site-content-style":"default","site-sidebar-style":"default","ast-global-header-display":"","ast-banner-title-visibility":"","ast-main-header-display":"","ast-hfb-above-header-display":"","ast-hfb-below-header-display":"","ast-hfb-mobile-header-display":"","site-post-title":"","ast-breadcrumbs-content":"","ast-featured-img":"","footer-sml-layout":"","theme-transparent-header-meta":"","adv-header-id-meta":"","stick-header-meta":"","header-above-stick-meta":"","header-main-stick-meta":"","header-below-stick-meta":"","astra-migrate-meta-layouts":"default","ast-page-background-enabled":"default","ast-page-background-meta":{"desktop":{"background-color":"var(--ast-global-color-4)","background-image":"","background-repeat":"repeat","background-position":"center center","background-size":"auto","background-attachment":"scroll","background-type":"","background-media":"","overlay-type":"","overlay-color":"","overlay-opacity":"","overlay-gradient":""},"tablet":{"background-color":"","background-image":"","background-repeat":"repeat","background-position":"center center","background-size":"auto","background-attachment":"scroll","background-type":"","background-media":"","overlay-type":"","overlay-color":"","overlay-opacity":"","overlay-gradient":""},"mobile":{"background-color":"","background-image":"","background-repeat":"repeat","background-position":"center center","background-size":"auto","background-attachment":"scroll","background-type":"","background-media":"","overlay-type":"","overlay-color":"","overlay-opacity":"","overlay-gradient":""}},"ast-content-background-meta":{"desktop":{"background-color":"var(--ast-global-color-5)","background-image":"","background-repeat":"repeat","background-position":"center center","background-size":"auto","background-attachment":"scroll","background-type":"","background-media":"","overlay-type":"","overlay-color":"","overlay-opacity":"","overlay-gradient":""},"tablet":{"background-color":"var(--ast-global-color-5)","background-image":"","background-repeat":"repeat","background-position":"center center","background-size":"auto","background-attachment":"scroll","background-type":"","background-media":"","overlay-type":"","overlay-color":"","overlay-opacity":"","overlay-gradient":""},"mobile":{"background-color":"var(--ast-global-color-5)","background-image":"","background-repeat":"repeat","background-position":"center center","background-size":"auto","background-attachment":"scroll","background-type":"","background-media":"","overlay-type":"","overlay-color":"","overlay-opacity":"","overlay-gradient":""}},"footnotes":""},"categories":[29],"tags":[],"class_list":["post-1438","post","type-post","status-publish","format-standard","has-post-thumbnail","hentry","category-portada"],"post_mailing_queue_ids":[],"_links":{"self":[{"href":"https:\/\/agora.xtec.cat\/iesantpol\/wp-json\/wp\/v2\/posts\/1438","targetHints":{"allow":["GET"]}}],"collection":[{"href":"https:\/\/agora.xtec.cat\/iesantpol\/wp-json\/wp\/v2\/posts"}],"about":[{"href":"https:\/\/agora.xtec.cat\/iesantpol\/wp-json\/wp\/v2\/types\/post"}],"author":[{"embeddable":true,"href":"https:\/\/agora.xtec.cat\/iesantpol\/wp-json\/wp\/v2\/users\/5"}],"replies":[{"embeddable":true,"href":"https:\/\/agora.xtec.cat\/iesantpol\/wp-json\/wp\/v2\/comments?post=1438"}],"version-history":[{"count":0,"href":"https:\/\/agora.xtec.cat\/iesantpol\/wp-json\/wp\/v2\/posts\/1438\/revisions"}],"wp:featuredmedia":[{"embeddable":true,"href":"https:\/\/agora.xtec.cat\/iesantpol\/wp-json\/"}],"wp:attachment":[{"href":"https:\/\/agora.xtec.cat\/iesantpol\/wp-json\/wp\/v2\/media?parent=1438"}],"wp:term":[{"taxonomy":"category","embeddable":true,"href":"https:\/\/agora.xtec.cat\/iesantpol\/wp-json\/wp\/v2\/categories?post=1438"},{"taxonomy":"post_tag","embeddable":true,"href":"https:\/\/agora.xtec.cat\/iesantpol\/wp-json\/wp\/v2\/tags?post=1438"}],"curies":[{"name":"wp","href":"https:\/\/api.w.org\/{rel}","templated":true}]}}