{"id":29727,"date":"2026-08-28T20:40:44","date_gmt":"2026-08-28T18:40:44","guid":{"rendered":"https:\/\/agora.xtec.cat\/iesantanna-premiadedalt\/?p=29727"},"modified":"2026-08-28T20:40:45","modified_gmt":"2026-08-28T18:40:45","slug":"creative-strategies-for-language-teachers-make-it-easy-make-it-real","status":"publish","type":"post","link":"https:\/\/agora.xtec.cat\/iesantanna-premiadedalt\/erasmus\/general\/creative-strategies-for-language-teachers-make-it-easy-make-it-real\/","title":{"rendered":"Creative strategies for language teachers: Make it easy, make it real!"},"content":{"rendered":"\n<p>Gr\u00e0cies a la beca Erasmus, del 17 al 22 d&#8217;agost, la mestra de prim\u00e0ria i angl\u00e8s Laia L\u00f3pez va fer un curs d&#8217;ensenyament de l&#8217;angl\u00e8s a Trapani, Sic\u00edlia. En aquest curs s&#8217;ensenyaven estrat\u00e8gies per fer la llengua estrangera m\u00e9s motivadora, accessible i real a l&#8217;aula. <\/p>\n\n\n\n<p>Durant el curs els participants van aprendre a:<\/p>\n\n\n\n<ul class=\"wp-block-list\">\n<li><strong>Utilitzar eines digitals i tradicionals<\/strong> per millorar les destreses d&#8217;expressi\u00f3 oral, comprensi\u00f3 auditiva i expressi\u00f3 escrita de l&#8217;alumnat.<\/li>\n\n\n\n<li><strong>Emprar l&#8217;art i la narrativa (<em>storytelling<\/em>)<\/strong> per augmentar la motivaci\u00f3 dels estudiants.<\/li>\n\n\n\n<li><strong>Aplicar efica\u00e7ment la Teoria de les Intel\u00b7lig\u00e8ncies M\u00faltiples<\/strong> a l&#8217;aula de lleng\u00fces, oferint a l&#8217;alumnat la millor experi\u00e8ncia d&#8217;aprenentatge.<\/li>\n\n\n\n<li><strong>Seleccionar les eines m\u00e9s adequades<\/strong> segons les necessitats i els estils d&#8217;aprenentatge de cada estudiant.<\/li>\n\n\n\n<li><strong>Fomentar la creativitat i la implicaci\u00f3 de l&#8217;alumnat<\/strong>, adquirint coneixements sobre les darreres investigacions en ling\u00fc\u00edstica i psicoling\u00fc\u00edstica aplicades a l&#8217;aprenentatge i l&#8217;ensenyament de lleng\u00fces.<\/li>\n<\/ul>\n\n\n\n<p>Les classes van ser molt din\u00e0miques i pr\u00e0ctiques. Al llarg de la setmana, els participants van treballar diferents continguts:<\/p>\n\n\n\n<p><strong>Dilluns:<\/strong> Jocs i din\u00e0miques d&#8217;escalfament i per trencar el gel a l&#8217;aula, aix\u00ed com aspectes culturals de la ciutat de Trapani i de la regi\u00f3 on es feia el curs.<\/p>\n\n\n\n<figure class=\"wp-block-image size-large\"><a href=\"https:\/\/agora.xtec.cat\/iesantanna-premiadedalt\/wp-content\/uploads\/usu517\/2026\/08\/eac6a146-0905-41ff-868b-b23f80c7b7d1-1-1.jpg\"><img loading=\"lazy\" decoding=\"async\" width=\"1024\" height=\"576\" src=\"https:\/\/agora.xtec.cat\/iesantanna-premiadedalt\/wp-content\/uploads\/usu517\/2026\/08\/eac6a146-0905-41ff-868b-b23f80c7b7d1-1-1-1024x576.jpg\" alt=\"\" class=\"wp-image-29731\" srcset=\"https:\/\/agora.xtec.cat\/iesantanna-premiadedalt\/wp-content\/uploads\/usu517\/2026\/08\/eac6a146-0905-41ff-868b-b23f80c7b7d1-1-1-1024x576.jpg 1024w, https:\/\/agora.xtec.cat\/iesantanna-premiadedalt\/wp-content\/uploads\/usu517\/2026\/08\/eac6a146-0905-41ff-868b-b23f80c7b7d1-1-1-300x169.jpg 300w, https:\/\/agora.xtec.cat\/iesantanna-premiadedalt\/wp-content\/uploads\/usu517\/2026\/08\/eac6a146-0905-41ff-868b-b23f80c7b7d1-1-1-768x432.jpg 768w, https:\/\/agora.xtec.cat\/iesantanna-premiadedalt\/wp-content\/uploads\/usu517\/2026\/08\/eac6a146-0905-41ff-868b-b23f80c7b7d1-1-1-1536x864.jpg 1536w, https:\/\/agora.xtec.cat\/iesantanna-premiadedalt\/wp-content\/uploads\/usu517\/2026\/08\/eac6a146-0905-41ff-868b-b23f80c7b7d1-1-1.jpg 1600w\" sizes=\"auto, (max-width: 1024px) 100vw, 1024px\" \/><\/a><\/figure>\n\n\n\n<p><strong>Dimarts:<\/strong> Presentacions de les diferents escoles participants en el programa, aix\u00ed com jocs per activar el vocabulari i la mem\u00f2ria.<\/p>\n\n\n\n<figure class=\"wp-block-image size-full\"><a href=\"https:\/\/agora.xtec.cat\/iesantanna-premiadedalt\/wp-content\/uploads\/usu517\/2026\/08\/image.png\"><img loading=\"lazy\" decoding=\"async\" width=\"631\" height=\"469\" src=\"https:\/\/agora.xtec.cat\/iesantanna-premiadedalt\/wp-content\/uploads\/usu517\/2026\/08\/image.png\" alt=\"\" class=\"wp-image-29732\" srcset=\"https:\/\/agora.xtec.cat\/iesantanna-premiadedalt\/wp-content\/uploads\/usu517\/2026\/08\/image.png 631w, https:\/\/agora.xtec.cat\/iesantanna-premiadedalt\/wp-content\/uploads\/usu517\/2026\/08\/image-300x223.png 300w\" sizes=\"auto, (max-width: 631px) 100vw, 631px\" \/><\/a><\/figure>\n\n\n\n<p><strong>Dimecres:<\/strong> Activitats relacionades amb obres de teatre, el joc de rols (<em>roleplay<\/em>), la cooperaci\u00f3 i l&#8217;educaci\u00f3 especial.<\/p>\n\n\n\n<figure class=\"wp-block-image size-large\"><a href=\"https:\/\/agora.xtec.cat\/iesantanna-premiadedalt\/wp-content\/uploads\/usu517\/2026\/08\/36786a3d-c3a1-4156-ad57-c9b04ac9e0a7-1.jpg\"><img loading=\"lazy\" decoding=\"async\" width=\"1024\" height=\"577\" src=\"https:\/\/agora.xtec.cat\/iesantanna-premiadedalt\/wp-content\/uploads\/usu517\/2026\/08\/36786a3d-c3a1-4156-ad57-c9b04ac9e0a7-1-1024x577.jpg\" alt=\"\" class=\"wp-image-29729\" srcset=\"https:\/\/agora.xtec.cat\/iesantanna-premiadedalt\/wp-content\/uploads\/usu517\/2026\/08\/36786a3d-c3a1-4156-ad57-c9b04ac9e0a7-1-1024x577.jpg 1024w, https:\/\/agora.xtec.cat\/iesantanna-premiadedalt\/wp-content\/uploads\/usu517\/2026\/08\/36786a3d-c3a1-4156-ad57-c9b04ac9e0a7-1-300x169.jpg 300w, https:\/\/agora.xtec.cat\/iesantanna-premiadedalt\/wp-content\/uploads\/usu517\/2026\/08\/36786a3d-c3a1-4156-ad57-c9b04ac9e0a7-1-768x432.jpg 768w, https:\/\/agora.xtec.cat\/iesantanna-premiadedalt\/wp-content\/uploads\/usu517\/2026\/08\/36786a3d-c3a1-4156-ad57-c9b04ac9e0a7-1-1536x865.jpg 1536w, https:\/\/agora.xtec.cat\/iesantanna-premiadedalt\/wp-content\/uploads\/usu517\/2026\/08\/36786a3d-c3a1-4156-ad57-c9b04ac9e0a7-1.jpg 2048w\" sizes=\"auto, (max-width: 1024px) 100vw, 1024px\" \/><\/a><\/figure>\n\n\n\n<p><strong>Dijous<\/strong>: jocs i din\u00e0miques que impliquen moviment i connexi\u00f3 entre l&#8217;alumnat. A m\u00e9s, vam reflexionar sobre com adaptar les activitats proposades al nostre alumnat. <\/p>\n\n\n\n<p><strong>Divendres:<\/strong> Eines digitals i AICLE. A m\u00e9s, es va fer un resum de tot el contingut treballat i els participants van realitzar una presentaci\u00f3 creativa sobre all\u00f2 que havien apr\u00e8s. Finalment, es van lliurar els diplomes del curs.<\/p>\n\n\n\n<figure class=\"wp-block-image size-large\"><a href=\"https:\/\/agora.xtec.cat\/iesantanna-premiadedalt\/wp-content\/uploads\/usu517\/2026\/08\/11830e21-34e7-4b3b-9024-e0d3cd00bdfc-1.jpg\"><img loading=\"lazy\" decoding=\"async\" width=\"1024\" height=\"576\" src=\"https:\/\/agora.xtec.cat\/iesantanna-premiadedalt\/wp-content\/uploads\/usu517\/2026\/08\/11830e21-34e7-4b3b-9024-e0d3cd00bdfc-1-1024x576.jpg\" alt=\"\" class=\"wp-image-29728\" srcset=\"https:\/\/agora.xtec.cat\/iesantanna-premiadedalt\/wp-content\/uploads\/usu517\/2026\/08\/11830e21-34e7-4b3b-9024-e0d3cd00bdfc-1-1024x576.jpg 1024w, https:\/\/agora.xtec.cat\/iesantanna-premiadedalt\/wp-content\/uploads\/usu517\/2026\/08\/11830e21-34e7-4b3b-9024-e0d3cd00bdfc-1-300x169.jpg 300w, https:\/\/agora.xtec.cat\/iesantanna-premiadedalt\/wp-content\/uploads\/usu517\/2026\/08\/11830e21-34e7-4b3b-9024-e0d3cd00bdfc-1-768x432.jpg 768w, https:\/\/agora.xtec.cat\/iesantanna-premiadedalt\/wp-content\/uploads\/usu517\/2026\/08\/11830e21-34e7-4b3b-9024-e0d3cd00bdfc-1-1536x864.jpg 1536w, https:\/\/agora.xtec.cat\/iesantanna-premiadedalt\/wp-content\/uploads\/usu517\/2026\/08\/11830e21-34e7-4b3b-9024-e0d3cd00bdfc-1.jpg 1600w\" sizes=\"auto, (max-width: 1024px) 100vw, 1024px\" \/><\/a><\/figure>\n\n\n\n<p><strong>Dissabte:<\/strong> Visita cultural a Erice, un poble molt pintoresc on el 1982 es van reunir cient\u00edfics de tot el m\u00f3n a favor de la pau cient\u00edfica durant la Guerra Freda i hi van signar la Declaraci\u00f3 d&#8217;Erice.<\/p>\n\n\n\n<p>Aquesta experi\u00e8ncia i els seus aprenentatges seran compartits amb la resta del claustre de l&#8217;Institut Escola Santa Anna. <\/p>\n","protected":false},"excerpt":{"rendered":"<p>Gr\u00e0cies a la beca Erasmus, del 17 al 22 d&#8217;agost, la mestra de prim\u00e0ria i angl\u00e8s Laia L\u00f3pez va fer un curs d&#8217;ensenyament de l&#8217;angl\u00e8s a Trapani, Sic\u00edlia. En aquest curs s&#8217;ensenyaven estrat\u00e8gies per fer la llengua estrangera m\u00e9s motivadora, accessible i real a l&#8217;aula. Durant el curs els participants van aprendre a: Les classes [&hellip;]<\/p>\n","protected":false},"author":68,"featured_media":29728,"comment_status":"open","ping_status":"open","sticky":false,"template":"","format":"standard","meta":{"_bbp_topic_count":0,"_bbp_reply_count":0,"_bbp_total_topic_count":0,"_bbp_total_reply_count":0,"_bbp_voice_count":0,"_bbp_anonymous_reply_count":0,"_bbp_topic_count_hidden":0,"_bbp_reply_count_hidden":0,"_bbp_forum_subforum_count":0,"site-sidebar-layout":"default","site-content-layout":"","ast-site-content-layout":"default","site-content-style":"default","site-sidebar-style":"default","ast-global-header-display":"","ast-banner-title-visibility":"","ast-main-header-display":"","ast-hfb-above-header-display":"","ast-hfb-below-header-display":"","ast-hfb-mobile-header-display":"","site-post-title":"","ast-breadcrumbs-content":"","ast-featured-img":"","footer-sml-layout":"","theme-transparent-header-meta":"","adv-header-id-meta":"","stick-header-meta":"","header-above-stick-meta":"","header-main-stick-meta":"","header-below-stick-meta":"","astra-migrate-meta-layouts":"set","ast-page-background-enabled":"default","ast-page-background-meta":{"desktop":{"background-color":"var(--ast-global-color-4)","background-image":"","background-repeat":"repeat","background-position":"center center","background-size":"auto","background-attachment":"scroll","background-type":"","background-media":"","overlay-type":"","overlay-color":"","overlay-opacity":"","overlay-gradient":""},"tablet":{"background-color":"","background-image":"","background-repeat":"repeat","background-position":"center center","background-size":"auto","background-attachment":"scroll","background-type":"","background-media":"","overlay-type":"","overlay-color":"","overlay-opacity":"","overlay-gradient":""},"mobile":{"background-color":"","background-image":"","background-repeat":"repeat","background-position":"center center","background-size":"auto","background-attachment":"scroll","background-type":"","background-media":"","overlay-type":"","overlay-color":"","overlay-opacity":"","overlay-gradient":""}},"ast-content-background-meta":{"desktop":{"background-color":"var(--ast-global-color-5)","background-image":"","background-repeat":"repeat","background-position":"center center","background-size":"auto","background-attachment":"scroll","background-type":"","background-media":"","overlay-type":"","overlay-color":"","overlay-opacity":"","overlay-gradient":""},"tablet":{"background-color":"var(--ast-global-color-5)","background-image":"","background-repeat":"repeat","background-position":"center center","background-size":"auto","background-attachment":"scroll","background-type":"","background-media":"","overlay-type":"","overlay-color":"","overlay-opacity":"","overlay-gradient":""},"mobile":{"background-color":"var(--ast-global-color-5)","background-image":"","background-repeat":"repeat","background-position":"center center","background-size":"auto","background-attachment":"scroll","background-type":"","background-media":"","overlay-type":"","overlay-color":"","overlay-opacity":"","overlay-gradient":""}},"footnotes":""},"categories":[615,609,1],"tags":[213],"class_list":["post-29727","post","type-post","status-publish","format-standard","has-post-thumbnail","hentry","category-erasmus","category-erasmus-teachers-courses","category-general","tag-erasmus"],"post_mailing_queue_ids":[],"_links":{"self":[{"href":"https:\/\/agora.xtec.cat\/iesantanna-premiadedalt\/wp-json\/wp\/v2\/posts\/29727","targetHints":{"allow":["GET"]}}],"collection":[{"href":"https:\/\/agora.xtec.cat\/iesantanna-premiadedalt\/wp-json\/wp\/v2\/posts"}],"about":[{"href":"https:\/\/agora.xtec.cat\/iesantanna-premiadedalt\/wp-json\/wp\/v2\/types\/post"}],"author":[{"embeddable":true,"href":"https:\/\/agora.xtec.cat\/iesantanna-premiadedalt\/wp-json\/wp\/v2\/users\/68"}],"replies":[{"embeddable":true,"href":"https:\/\/agora.xtec.cat\/iesantanna-premiadedalt\/wp-json\/wp\/v2\/comments?post=29727"}],"version-history":[{"count":1,"href":"https:\/\/agora.xtec.cat\/iesantanna-premiadedalt\/wp-json\/wp\/v2\/posts\/29727\/revisions"}],"predecessor-version":[{"id":29733,"href":"https:\/\/agora.xtec.cat\/iesantanna-premiadedalt\/wp-json\/wp\/v2\/posts\/29727\/revisions\/29733"}],"wp:featuredmedia":[{"embeddable":true,"href":"https:\/\/agora.xtec.cat\/iesantanna-premiadedalt\/wp-json\/wp\/v2\/media\/29728"}],"wp:attachment":[{"href":"https:\/\/agora.xtec.cat\/iesantanna-premiadedalt\/wp-json\/wp\/v2\/media?parent=29727"}],"wp:term":[{"taxonomy":"category","embeddable":true,"href":"https:\/\/agora.xtec.cat\/iesantanna-premiadedalt\/wp-json\/wp\/v2\/categories?post=29727"},{"taxonomy":"post_tag","embeddable":true,"href":"https:\/\/agora.xtec.cat\/iesantanna-premiadedalt\/wp-json\/wp\/v2\/tags?post=29727"}],"curies":[{"name":"wp","href":"https:\/\/api.w.org\/{rel}","templated":true}]}}