{"id":29419,"date":"2026-05-03T12:37:36","date_gmt":"2026-05-03T10:37:36","guid":{"rendered":"https:\/\/agora.xtec.cat\/iesantanna-premiadedalt\/?p=29419"},"modified":"2026-05-03T14:57:01","modified_gmt":"2026-05-03T12:57:01","slug":"un-retrobament-molt-esperat-rebem-els-nostres-companys-de-colonia","status":"publish","type":"post","link":"https:\/\/agora.xtec.cat\/iesantanna-premiadedalt\/portada\/un-retrobament-molt-esperat-rebem-els-nostres-companys-de-colonia\/","title":{"rendered":"Un retrobament molt esperat: rebem els nostres companys de Col\u00f2nia!"},"content":{"rendered":"\n<h3 class=\"wp-block-heading\"><\/h3>\n\n\n\n<figure class=\"wp-block-image size-large\"><a href=\"https:\/\/agora.xtec.cat\/iesantanna-premiadedalt\/wp-content\/uploads\/usu517\/2026\/05\/WhatsApp-Image-2026-05-03-at-12.43.11.jpeg\"><img loading=\"lazy\" decoding=\"async\" width=\"1024\" height=\"769\" src=\"https:\/\/agora.xtec.cat\/iesantanna-premiadedalt\/wp-content\/uploads\/usu517\/2026\/05\/WhatsApp-Image-2026-05-03-at-12.43.11-1024x769.jpeg\" alt=\"\" class=\"wp-image-29423\" srcset=\"https:\/\/agora.xtec.cat\/iesantanna-premiadedalt\/wp-content\/uploads\/usu517\/2026\/05\/WhatsApp-Image-2026-05-03-at-12.43.11-1024x769.jpeg 1024w, https:\/\/agora.xtec.cat\/iesantanna-premiadedalt\/wp-content\/uploads\/usu517\/2026\/05\/WhatsApp-Image-2026-05-03-at-12.43.11-300x225.jpeg 300w, https:\/\/agora.xtec.cat\/iesantanna-premiadedalt\/wp-content\/uploads\/usu517\/2026\/05\/WhatsApp-Image-2026-05-03-at-12.43.11-768x576.jpeg 768w, https:\/\/agora.xtec.cat\/iesantanna-premiadedalt\/wp-content\/uploads\/usu517\/2026\/05\/WhatsApp-Image-2026-05-03-at-12.43.11-1536x1153.jpeg 1536w, https:\/\/agora.xtec.cat\/iesantanna-premiadedalt\/wp-content\/uploads\/usu517\/2026\/05\/WhatsApp-Image-2026-05-03-at-12.43.11.jpeg 1600w\" sizes=\"auto, (max-width: 1024px) 100vw, 1024px\" \/><\/a><\/figure>\n\n\n\n<p>Fa uns mesos van ser els nostres alumnes els qui viatjaven a Alemanya i, ara, per fi ens toca a nosaltres fer d&#8217;amfitrions. Despr\u00e9s d&#8217;aquella primera gran experi\u00e8ncia a Col\u00f2nia, obrim les portes de l&#8217;escola i de les nostres cases per acollir els companys alemanys en aquesta segona part de l&#8217;intercanvi.<\/p>\n\n\n\n<p>La rebuda ha estat d&#8217;all\u00f2 m\u00e9s emocionant, plena de somriures i abra\u00e7ades de retrobament. Els nostres convidats arriben amb molt\u00edssimes ganes de viure el dia a dia amb nosaltres, de descobrir la nostra cultura i de continuar enfortint uns vincles que van n\u00e9ixer fa mesos.<\/p>\n\n\n\n<figure class=\"wp-block-image size-large\"><a href=\"https:\/\/agora.xtec.cat\/iesantanna-premiadedalt\/wp-content\/uploads\/usu517\/2026\/05\/Foto-de-grup-1.jpg\"><img loading=\"lazy\" decoding=\"async\" width=\"1024\" height=\"659\" src=\"https:\/\/agora.xtec.cat\/iesantanna-premiadedalt\/wp-content\/uploads\/usu517\/2026\/05\/Foto-de-grup-1-1024x659.jpg\" alt=\"\" class=\"wp-image-29424\" srcset=\"https:\/\/agora.xtec.cat\/iesantanna-premiadedalt\/wp-content\/uploads\/usu517\/2026\/05\/Foto-de-grup-1-1024x659.jpg 1024w, https:\/\/agora.xtec.cat\/iesantanna-premiadedalt\/wp-content\/uploads\/usu517\/2026\/05\/Foto-de-grup-1-300x193.jpg 300w, https:\/\/agora.xtec.cat\/iesantanna-premiadedalt\/wp-content\/uploads\/usu517\/2026\/05\/Foto-de-grup-1-768x494.jpg 768w, https:\/\/agora.xtec.cat\/iesantanna-premiadedalt\/wp-content\/uploads\/usu517\/2026\/05\/Foto-de-grup-1-1536x988.jpg 1536w, https:\/\/agora.xtec.cat\/iesantanna-premiadedalt\/wp-content\/uploads\/usu517\/2026\/05\/Foto-de-grup-1.jpg 1541w\" sizes=\"auto, (max-width: 1024px) 100vw, 1024px\" \/><\/a><\/figure>\n\n\n\n<p>M\u00e9s enll\u00e0 d&#8217;una setmana intensa d&#8217;activitats i aprenentatges compartits, el nostre desig \u00e9s que aquesta estada serveixi per consolidar les bases d&#8217;unes amistats que durin molts anys. Benvinguts de nou a casa!<\/p>\n\n\n\n<p><\/p>\n","protected":false},"excerpt":{"rendered":"<p>Fa uns mesos van ser els nostres alumnes els qui viatjaven a Alemanya i, ara, per fi ens toca a nosaltres fer d&#8217;amfitrions. Despr\u00e9s d&#8217;aquella primera gran experi\u00e8ncia a Col\u00f2nia, obrim les portes de l&#8217;escola i de les nostres cases per acollir els companys alemanys en aquesta segona part de l&#8217;intercanvi. La rebuda ha estat [&hellip;]<\/p>\n","protected":false},"author":81,"featured_media":29420,"comment_status":"open","ping_status":"open","sticky":false,"template":"","format":"standard","meta":{"_bbp_topic_count":0,"_bbp_reply_count":0,"_bbp_total_topic_count":0,"_bbp_total_reply_count":0,"_bbp_voice_count":0,"_bbp_anonymous_reply_count":0,"_bbp_topic_count_hidden":0,"_bbp_reply_count_hidden":0,"_bbp_forum_subforum_count":0,"site-sidebar-layout":"default","site-content-layout":"","ast-site-content-layout":"default","site-content-style":"default","site-sidebar-style":"default","ast-global-header-display":"","ast-banner-title-visibility":"","ast-main-header-display":"","ast-hfb-above-header-display":"","ast-hfb-below-header-display":"","ast-hfb-mobile-header-display":"","site-post-title":"","ast-breadcrumbs-content":"","ast-featured-img":"","footer-sml-layout":"","theme-transparent-header-meta":"","adv-header-id-meta":"","stick-header-meta":"","header-above-stick-meta":"","header-main-stick-meta":"","header-below-stick-meta":"","astra-migrate-meta-layouts":"set","ast-page-background-enabled":"default","ast-page-background-meta":{"desktop":{"background-color":"var(--ast-global-color-4)","background-image":"","background-repeat":"repeat","background-position":"center center","background-size":"auto","background-attachment":"scroll","background-type":"","background-media":"","overlay-type":"","overlay-color":"","overlay-opacity":"","overlay-gradient":""},"tablet":{"background-color":"","background-image":"","background-repeat":"repeat","background-position":"center center","background-size":"auto","background-attachment":"scroll","background-type":"","background-media":"","overlay-type":"","overlay-color":"","overlay-opacity":"","overlay-gradient":""},"mobile":{"background-color":"","background-image":"","background-repeat":"repeat","background-position":"center center","background-size":"auto","background-attachment":"scroll","background-type":"","background-media":"","overlay-type":"","overlay-color":"","overlay-opacity":"","overlay-gradient":""}},"ast-content-background-meta":{"desktop":{"background-color":"var(--ast-global-color-5)","background-image":"","background-repeat":"repeat","background-position":"center center","background-size":"auto","background-attachment":"scroll","background-type":"","background-media":"","overlay-type":"","overlay-color":"","overlay-opacity":"","overlay-gradient":""},"tablet":{"background-color":"var(--ast-global-color-5)","background-image":"","background-repeat":"repeat","background-position":"center center","background-size":"auto","background-attachment":"scroll","background-type":"","background-media":"","overlay-type":"","overlay-color":"","overlay-opacity":"","overlay-gradient":""},"mobile":{"background-color":"var(--ast-global-color-5)","background-image":"","background-repeat":"repeat","background-position":"center center","background-size":"auto","background-attachment":"scroll","background-type":"","background-media":"","overlay-type":"","overlay-color":"","overlay-opacity":"","overlay-gradient":""}},"footnotes":""},"categories":[13,615,606,607,610,4,249],"tags":[213,436,203],"class_list":["post-29419","post","type-post","status-publish","format-standard","has-post-thumbnail","hentry","category-4t-eso","category-erasmus","category-erasmus-students-etwinning-projects","category-erasmus-students-mobilities","category-erasmus-activities-at-school-students","category-portada","category-promocio-2013-26","tag-erasmus","tag-erasmus-accreditation","tag-eso"],"post_mailing_queue_ids":[],"_links":{"self":[{"href":"https:\/\/agora.xtec.cat\/iesantanna-premiadedalt\/wp-json\/wp\/v2\/posts\/29419","targetHints":{"allow":["GET"]}}],"collection":[{"href":"https:\/\/agora.xtec.cat\/iesantanna-premiadedalt\/wp-json\/wp\/v2\/posts"}],"about":[{"href":"https:\/\/agora.xtec.cat\/iesantanna-premiadedalt\/wp-json\/wp\/v2\/types\/post"}],"author":[{"embeddable":true,"href":"https:\/\/agora.xtec.cat\/iesantanna-premiadedalt\/wp-json\/wp\/v2\/users\/81"}],"replies":[{"embeddable":true,"href":"https:\/\/agora.xtec.cat\/iesantanna-premiadedalt\/wp-json\/wp\/v2\/comments?post=29419"}],"version-history":[{"count":2,"href":"https:\/\/agora.xtec.cat\/iesantanna-premiadedalt\/wp-json\/wp\/v2\/posts\/29419\/revisions"}],"predecessor-version":[{"id":29425,"href":"https:\/\/agora.xtec.cat\/iesantanna-premiadedalt\/wp-json\/wp\/v2\/posts\/29419\/revisions\/29425"}],"wp:featuredmedia":[{"embeddable":true,"href":"https:\/\/agora.xtec.cat\/iesantanna-premiadedalt\/wp-json\/wp\/v2\/media\/29420"}],"wp:attachment":[{"href":"https:\/\/agora.xtec.cat\/iesantanna-premiadedalt\/wp-json\/wp\/v2\/media?parent=29419"}],"wp:term":[{"taxonomy":"category","embeddable":true,"href":"https:\/\/agora.xtec.cat\/iesantanna-premiadedalt\/wp-json\/wp\/v2\/categories?post=29419"},{"taxonomy":"post_tag","embeddable":true,"href":"https:\/\/agora.xtec.cat\/iesantanna-premiadedalt\/wp-json\/wp\/v2\/tags?post=29419"}],"curies":[{"name":"wp","href":"https:\/\/api.w.org\/{rel}","templated":true}]}}