{"id":29416,"date":"2026-04-30T13:28:29","date_gmt":"2026-04-30T11:28:29","guid":{"rendered":"https:\/\/agora.xtec.cat\/iesantanna-premiadedalt\/?p=29416"},"modified":"2026-04-30T13:30:30","modified_gmt":"2026-04-30T11:30:30","slug":"alumnes-de-4t-eso-creen-un-nano-satellit","status":"publish","type":"post","link":"https:\/\/agora.xtec.cat\/iesantanna-premiadedalt\/portada\/alumnes-de-4t-eso-creen-un-nano-satellit\/","title":{"rendered":"Alumnes de 4t ESO creen un nano sat\u00e8l\u00b7lit"},"content":{"rendered":"\n<p>Set alumnes de l&#8217;Institut Escola Santa Anna de 4t ESO de l&#8217;itinerari tecnol\u00f2gic, han creat un nano sat\u00e8l\u00b7lit en els darrers mesos per participar en el concurs europeu de <a href=\"https:\/\/esero.es\/cansat\/\" data-type=\"link\" data-id=\"https:\/\/esero.es\/cansat\/\">Can Sat<\/a>. El sat\u00e8l\u00b7lit transportar\u00e0 petites mostres d\u2019organismes com espirulina que absorbeixen la radiaci\u00f3 UV, c\u00e8l\u00b7lules de ceba  per simular la degradaci\u00f3 de la pell i llevats per controlar el creixement d&#8217;organismes vius, a m\u00e9s, s&#8217;estudiar\u00e0 la temperatura, humitat, velocitat, pressi\u00f3 i angles del gir del vol. <\/p>\n\n\n\n<p>Tamb\u00e9 es fa un petit resum de les feines i treballs realitzats al llarg del curs, ja sigui maquetes, circuits, pl\u00e0nols o motllos. S&#8217;intenta fer un petit tast de tot el que pot encabir-se dintre de l&#8217;\u00e0mbit de l&#8217;enginyeria i la tecnologia, fomentant tamb\u00e9 les professions t\u00e8cniques. <\/p>\n\n\n\n<figure class=\"wp-block-embed is-type-video is-provider-youtube wp-block-embed-youtube wp-embed-aspect-16-9 wp-has-aspect-ratio\"><div class=\"wp-block-embed__wrapper\">\n<div class=\"ast-oembed-container \" style=\"height: 100%;\"><iframe loading=\"lazy\" title=\"Alumnes premianencs creen un sat\u00e8l\u00b7lit\" width=\"500\" height=\"281\" src=\"https:\/\/www.youtube.com\/embed\/fgb9XAQ8vkQ?feature=oembed\" frameborder=\"0\" allow=\"accelerometer; autoplay; clipboard-write; encrypted-media; gyroscope; picture-in-picture; web-share\" referrerpolicy=\"strict-origin-when-cross-origin\" allowfullscreen><\/iframe><\/div>\n<\/div><\/figure>\n","protected":false},"excerpt":{"rendered":"<p>Set alumnes de l&#8217;Institut Escola Santa Anna de 4t ESO de l&#8217;itinerari tecnol\u00f2gic, han creat un nano sat\u00e8l\u00b7lit en els darrers mesos per participar en el concurs europeu de Can Sat. El sat\u00e8l\u00b7lit transportar\u00e0 petites mostres d\u2019organismes com espirulina que absorbeixen la radiaci\u00f3 UV, c\u00e8l\u00b7lules de ceba per simular la degradaci\u00f3 de la pell i [&hellip;]<\/p>\n","protected":false},"author":1,"featured_media":29418,"comment_status":"open","ping_status":"open","sticky":false,"template":"","format":"standard","meta":{"_bbp_topic_count":0,"_bbp_reply_count":0,"_bbp_total_topic_count":0,"_bbp_total_reply_count":0,"_bbp_voice_count":0,"_bbp_anonymous_reply_count":0,"_bbp_topic_count_hidden":0,"_bbp_reply_count_hidden":0,"_bbp_forum_subforum_count":0,"site-sidebar-layout":"default","site-content-layout":"","ast-site-content-layout":"default","site-content-style":"default","site-sidebar-style":"default","ast-global-header-display":"","ast-banner-title-visibility":"","ast-main-header-display":"","ast-hfb-above-header-display":"","ast-hfb-below-header-display":"","ast-hfb-mobile-header-display":"","site-post-title":"","ast-breadcrumbs-content":"","ast-featured-img":"","footer-sml-layout":"","theme-transparent-header-meta":"","adv-header-id-meta":"","stick-header-meta":"","header-above-stick-meta":"","header-main-stick-meta":"","header-below-stick-meta":"","astra-migrate-meta-layouts":"set","ast-page-background-enabled":"default","ast-page-background-meta":{"desktop":{"background-color":"var(--ast-global-color-4)","background-image":"","background-repeat":"repeat","background-position":"center center","background-size":"auto","background-attachment":"scroll","background-type":"","background-media":"","overlay-type":"","overlay-color":"","overlay-opacity":"","overlay-gradient":""},"tablet":{"background-color":"","background-image":"","background-repeat":"repeat","background-position":"center center","background-size":"auto","background-attachment":"scroll","background-type":"","background-media":"","overlay-type":"","overlay-color":"","overlay-opacity":"","overlay-gradient":""},"mobile":{"background-color":"","background-image":"","background-repeat":"repeat","background-position":"center center","background-size":"auto","background-attachment":"scroll","background-type":"","background-media":"","overlay-type":"","overlay-color":"","overlay-opacity":"","overlay-gradient":""}},"ast-content-background-meta":{"desktop":{"background-color":"var(--ast-global-color-5)","background-image":"","background-repeat":"repeat","background-position":"center center","background-size":"auto","background-attachment":"scroll","background-type":"","background-media":"","overlay-type":"","overlay-color":"","overlay-opacity":"","overlay-gradient":""},"tablet":{"background-color":"var(--ast-global-color-5)","background-image":"","background-repeat":"repeat","background-position":"center center","background-size":"auto","background-attachment":"scroll","background-type":"","background-media":"","overlay-type":"","overlay-color":"","overlay-opacity":"","overlay-gradient":""},"mobile":{"background-color":"var(--ast-global-color-5)","background-image":"","background-repeat":"repeat","background-position":"center center","background-size":"auto","background-attachment":"scroll","background-type":"","background-media":"","overlay-type":"","overlay-color":"","overlay-opacity":"","overlay-gradient":""}},"footnotes":""},"categories":[13,527,4,249,380,593,538],"tags":[],"class_list":["post-29416","post","type-post","status-publish","format-standard","has-post-thumbnail","hentry","category-4t-eso","category-emprenedoria","category-portada","category-promocio-2013-26","category-secundaria","category-stem","category-tecnologia"],"post_mailing_queue_ids":[],"_links":{"self":[{"href":"https:\/\/agora.xtec.cat\/iesantanna-premiadedalt\/wp-json\/wp\/v2\/posts\/29416","targetHints":{"allow":["GET"]}}],"collection":[{"href":"https:\/\/agora.xtec.cat\/iesantanna-premiadedalt\/wp-json\/wp\/v2\/posts"}],"about":[{"href":"https:\/\/agora.xtec.cat\/iesantanna-premiadedalt\/wp-json\/wp\/v2\/types\/post"}],"author":[{"embeddable":true,"href":"https:\/\/agora.xtec.cat\/iesantanna-premiadedalt\/wp-json\/wp\/v2\/users\/1"}],"replies":[{"embeddable":true,"href":"https:\/\/agora.xtec.cat\/iesantanna-premiadedalt\/wp-json\/wp\/v2\/comments?post=29416"}],"version-history":[{"count":1,"href":"https:\/\/agora.xtec.cat\/iesantanna-premiadedalt\/wp-json\/wp\/v2\/posts\/29416\/revisions"}],"predecessor-version":[{"id":29417,"href":"https:\/\/agora.xtec.cat\/iesantanna-premiadedalt\/wp-json\/wp\/v2\/posts\/29416\/revisions\/29417"}],"wp:featuredmedia":[{"embeddable":true,"href":"https:\/\/agora.xtec.cat\/iesantanna-premiadedalt\/wp-json\/wp\/v2\/media\/29418"}],"wp:attachment":[{"href":"https:\/\/agora.xtec.cat\/iesantanna-premiadedalt\/wp-json\/wp\/v2\/media?parent=29416"}],"wp:term":[{"taxonomy":"category","embeddable":true,"href":"https:\/\/agora.xtec.cat\/iesantanna-premiadedalt\/wp-json\/wp\/v2\/categories?post=29416"},{"taxonomy":"post_tag","embeddable":true,"href":"https:\/\/agora.xtec.cat\/iesantanna-premiadedalt\/wp-json\/wp\/v2\/tags?post=29416"}],"curies":[{"name":"wp","href":"https:\/\/api.w.org\/{rel}","templated":true}]}}