{"id":29409,"date":"2026-04-30T09:26:11","date_gmt":"2026-04-30T07:26:11","guid":{"rendered":"https:\/\/agora.xtec.cat\/iesantanna-premiadedalt\/?p=29409"},"modified":"2026-04-30T09:26:14","modified_gmt":"2026-04-30T07:26:14","slug":"%f0%9f%8c%b9%f0%9f%93%9a-celebrem-la-diada-de-sant-jordi","status":"publish","type":"post","link":"https:\/\/agora.xtec.cat\/iesantanna-premiadedalt\/primaria\/4t\/%f0%9f%8c%b9%f0%9f%93%9a-celebrem-la-diada-de-sant-jordi\/","title":{"rendered":"\ud83c\udf39\ud83d\udcda Celebrem la Diada de Sant Jordi"},"content":{"rendered":"<p>Durant aquesta setmana hem celebrat amb molta il\u00b7lusi\u00f3 la Diada de Sant Jordi al centre, amb diverses activitats que han implicat tot l\u2019alumnat.<br \/>\n\ud83c\udfad El dimecres 22, l\u2019alumnat de 5\u00e8 de Prim\u00e0ria ens va oferir una magn\u00edfica representaci\u00f3 teatral de la llegenda de Sant Jordi, adaptada per a l\u2019ocasi\u00f3.<br \/>\n\ud83c\udfc6 El dijous 23, coincidint amb la Diada de Sant Jordi, vam gaudir dels tradicionals Jocs Florals, amb l\u2019entrega de premis literaris a l\u2019alumnat de tots els cursos.<br \/>\n\ud83d\udcd6 Tamb\u00e9 es va reprendre la paradeta d\u2019intercanvi de llibres, oberta tant a alumnes com a fam\u00edlies, i es va organitzar la venda de llibres per part de l\u2019alumnat.<br \/>\n\ud83c\udfa5 Us animem a gaudir dels v\u00eddeos i les imatges que recullen alguns dels millors moments d\u2019aquests dies.<br \/>\n\ud83d\udc4f Volem felicitar especialment tots els participants dels Jocs Florals, i de manera molt especial, els guanyadors i guanyadores dels premis (diplomes, llibres i roses).<br \/>\n\u2728 Sens dubte, ha estat una diada molt especial i emotiva per a tota la comunitat educativa.<\/p>\n\n\n<figure class=\"wp-block-image size-large\"><a href=\"https:\/\/photos.app.goo.gl\/5ix2uwAPcFzsNBgaA\"><img loading=\"lazy\" decoding=\"async\" width=\"1024\" height=\"576\" src=\"https:\/\/agora.xtec.cat\/iesantanna-premiadedalt\/wp-content\/uploads\/usu517\/2026\/04\/IMG_7854-1024x576.jpg\" alt=\"\" class=\"wp-image-29410\" srcset=\"https:\/\/agora.xtec.cat\/iesantanna-premiadedalt\/wp-content\/uploads\/usu517\/2026\/04\/IMG_7854-1024x576.jpg 1024w, https:\/\/agora.xtec.cat\/iesantanna-premiadedalt\/wp-content\/uploads\/usu517\/2026\/04\/IMG_7854-300x169.jpg 300w, https:\/\/agora.xtec.cat\/iesantanna-premiadedalt\/wp-content\/uploads\/usu517\/2026\/04\/IMG_7854-768x432.jpg 768w, https:\/\/agora.xtec.cat\/iesantanna-premiadedalt\/wp-content\/uploads\/usu517\/2026\/04\/IMG_7854-1536x864.jpg 1536w, https:\/\/agora.xtec.cat\/iesantanna-premiadedalt\/wp-content\/uploads\/usu517\/2026\/04\/IMG_7854.jpg 1620w\" sizes=\"auto, (max-width: 1024px) 100vw, 1024px\" \/><\/a><\/figure>\n","protected":false},"excerpt":{"rendered":"<p>Durant aquesta setmana hem celebrat amb molta il\u00b7lusi\u00f3 la Diada de Sant Jordi al centre, amb diverses activitats que han implicat tot l\u2019alumnat. \ud83c\udfad El dimecres 22, l\u2019alumnat de 5\u00e8 de Prim\u00e0ria ens va oferir una magn\u00edfica representaci\u00f3 teatral de la llegenda de Sant Jordi, adaptada per a l\u2019ocasi\u00f3. \ud83c\udfc6 El dijous 23, coincidint amb [&hellip;]<\/p>\n","protected":false},"author":1,"featured_media":29410,"comment_status":"open","ping_status":"open","sticky":false,"template":"","format":"standard","meta":{"_bbp_topic_count":0,"_bbp_reply_count":0,"_bbp_total_topic_count":0,"_bbp_total_reply_count":0,"_bbp_voice_count":0,"_bbp_anonymous_reply_count":0,"_bbp_topic_count_hidden":0,"_bbp_reply_count_hidden":0,"_bbp_forum_subforum_count":0,"site-sidebar-layout":"default","site-content-layout":"","ast-site-content-layout":"default","site-content-style":"default","site-sidebar-style":"default","ast-global-header-display":"","ast-banner-title-visibility":"","ast-main-header-display":"","ast-hfb-above-header-display":"","ast-hfb-below-header-display":"","ast-hfb-mobile-header-display":"","site-post-title":"","ast-breadcrumbs-content":"","ast-featured-img":"","footer-sml-layout":"","theme-transparent-header-meta":"","adv-header-id-meta":"","stick-header-meta":"","header-above-stick-meta":"","header-main-stick-meta":"","header-below-stick-meta":"","astra-migrate-meta-layouts":"set","ast-page-background-enabled":"default","ast-page-background-meta":{"desktop":{"background-color":"var(--ast-global-color-4)","background-image":"","background-repeat":"repeat","background-position":"center center","background-size":"auto","background-attachment":"scroll","background-type":"","background-media":"","overlay-type":"","overlay-color":"","overlay-opacity":"","overlay-gradient":""},"tablet":{"background-color":"","background-image":"","background-repeat":"repeat","background-position":"center center","background-size":"auto","background-attachment":"scroll","background-type":"","background-media":"","overlay-type":"","overlay-color":"","overlay-opacity":"","overlay-gradient":""},"mobile":{"background-color":"","background-image":"","background-repeat":"repeat","background-position":"center center","background-size":"auto","background-attachment":"scroll","background-type":"","background-media":"","overlay-type":"","overlay-color":"","overlay-opacity":"","overlay-gradient":""}},"ast-content-background-meta":{"desktop":{"background-color":"var(--ast-global-color-5)","background-image":"","background-repeat":"repeat","background-position":"center center","background-size":"auto","background-attachment":"scroll","background-type":"","background-media":"","overlay-type":"","overlay-color":"","overlay-opacity":"","overlay-gradient":""},"tablet":{"background-color":"var(--ast-global-color-5)","background-image":"","background-repeat":"repeat","background-position":"center center","background-size":"auto","background-attachment":"scroll","background-type":"","background-media":"","overlay-type":"","overlay-color":"","overlay-opacity":"","overlay-gradient":""},"mobile":{"background-color":"var(--ast-global-color-5)","background-image":"","background-repeat":"repeat","background-position":"center center","background-size":"auto","background-attachment":"scroll","background-type":"","background-media":"","overlay-type":"","overlay-color":"","overlay-opacity":"","overlay-gradient":""}},"footnotes":""},"categories":[430,419,382,11,321,12,3,13,8,9,612,4,309,65,380],"tags":[],"class_list":["post-29409","post","type-post","status-publish","format-standard","has-post-thumbnail","hentry","category-1r","category-1r-eso","category-2n","category-2n-eso","category-3r","category-3r-eso","category-4t","category-4t-eso","category-5e","category-6e","category-festes","category-portada","category-primaria","category-sant-jordi","category-secundaria"],"post_mailing_queue_ids":[],"_links":{"self":[{"href":"https:\/\/agora.xtec.cat\/iesantanna-premiadedalt\/wp-json\/wp\/v2\/posts\/29409","targetHints":{"allow":["GET"]}}],"collection":[{"href":"https:\/\/agora.xtec.cat\/iesantanna-premiadedalt\/wp-json\/wp\/v2\/posts"}],"about":[{"href":"https:\/\/agora.xtec.cat\/iesantanna-premiadedalt\/wp-json\/wp\/v2\/types\/post"}],"author":[{"embeddable":true,"href":"https:\/\/agora.xtec.cat\/iesantanna-premiadedalt\/wp-json\/wp\/v2\/users\/1"}],"replies":[{"embeddable":true,"href":"https:\/\/agora.xtec.cat\/iesantanna-premiadedalt\/wp-json\/wp\/v2\/comments?post=29409"}],"version-history":[{"count":1,"href":"https:\/\/agora.xtec.cat\/iesantanna-premiadedalt\/wp-json\/wp\/v2\/posts\/29409\/revisions"}],"predecessor-version":[{"id":29411,"href":"https:\/\/agora.xtec.cat\/iesantanna-premiadedalt\/wp-json\/wp\/v2\/posts\/29409\/revisions\/29411"}],"wp:featuredmedia":[{"embeddable":true,"href":"https:\/\/agora.xtec.cat\/iesantanna-premiadedalt\/wp-json\/wp\/v2\/media\/29410"}],"wp:attachment":[{"href":"https:\/\/agora.xtec.cat\/iesantanna-premiadedalt\/wp-json\/wp\/v2\/media?parent=29409"}],"wp:term":[{"taxonomy":"category","embeddable":true,"href":"https:\/\/agora.xtec.cat\/iesantanna-premiadedalt\/wp-json\/wp\/v2\/categories?post=29409"},{"taxonomy":"post_tag","embeddable":true,"href":"https:\/\/agora.xtec.cat\/iesantanna-premiadedalt\/wp-json\/wp\/v2\/tags?post=29409"}],"curies":[{"name":"wp","href":"https:\/\/api.w.org\/{rel}","templated":true}]}}