{"id":29384,"date":"2026-04-22T08:46:26","date_gmt":"2026-04-22T06:46:26","guid":{"rendered":"https:\/\/agora.xtec.cat\/iesantanna-premiadedalt\/?p=29384"},"modified":"2026-04-22T08:46:27","modified_gmt":"2026-04-22T06:46:27","slug":"alemanya-en-primera-persona-4t-deso-comparteix-el-seu-erasmus-a-lie-santa-anna","status":"publish","type":"post","link":"https:\/\/agora.xtec.cat\/iesantanna-premiadedalt\/secundaria\/4t-eso\/alemanya-en-primera-persona-4t-deso-comparteix-el-seu-erasmus-a-lie-santa-anna\/","title":{"rendered":"Alemanya en primera persona: 4t d&#8217;ESO comparteix el seu Erasmus+ a l&#8217;IE Santa Anna"},"content":{"rendered":"\n<p>Els alumnes de 4t d\u2019ESO han canviat per uns dies la rutina de l\u2019institut per la immersi\u00f3 a Alemanya, i aquesta setmana ha estat el torn de compartir-ho amb la resta de l&#8217;Institut Escola Santa Anna a trav\u00e9s d&#8217;unes presentacions que han deixat el llist\u00f3 molt alt.<\/p>\n\n\n\n<h3 class=\"wp-block-heading\">Dues rutes, un mateix objectiu<\/h3>\n\n\n\n<p>L&#8217;alumnat ha relatat les seves viv\u00e8ncies dividides en dues modalitats de viatge, cadascuna amb els seus reptes i aprenentatges:<\/p>\n\n\n\n<ul class=\"wp-block-list\">\n<li><strong>Mobilitat grupal:<\/strong> El gruix de la classe va viatjar per compartir una conviv\u00e8ncia intensa. M\u00e9s enll\u00e0 de visitar llocs nous, el repte va ser gestionar el grup, compartir experi\u00e8ncies amb joves alemanys i adonar-se que, al cap i a la fi, escoltem la mateixa m\u00fasica i tenim les mateixes preocupacions. Ha estat una lli\u00e7\u00f3 de conviv\u00e8ncia pura.<\/li>\n\n\n\n<li><strong>Mobilitat individual de curta durada:<\/strong> Tamb\u00e9 hem tingut el testimoni d\u2019un alumne que ha fet la mobilitat individual de curta durada. Una experi\u00e8ncia molt m\u00e9s  exigent, vivint amb una fam\u00edlia local i integrant-se en un entorn totalment nou sense la xarxa de seguretat dels companys de classe. Un m\u00e0ster accelerat en autonomia i confian\u00e7a personal.<\/li>\n<\/ul>\n\n\n\n<figure class=\"wp-block-image size-large\"><a href=\"https:\/\/agora.xtec.cat\/iesantanna-premiadedalt\/wp-content\/uploads\/usu517\/2026\/04\/WhatsApp-Image-2026-04-22-at-08.42.22.jpeg\"><img loading=\"lazy\" decoding=\"async\" width=\"1024\" height=\"768\" src=\"https:\/\/agora.xtec.cat\/iesantanna-premiadedalt\/wp-content\/uploads\/usu517\/2026\/04\/WhatsApp-Image-2026-04-22-at-08.42.22-1024x768.jpeg\" alt=\"\" class=\"wp-image-29390\" srcset=\"https:\/\/agora.xtec.cat\/iesantanna-premiadedalt\/wp-content\/uploads\/usu517\/2026\/04\/WhatsApp-Image-2026-04-22-at-08.42.22-1024x768.jpeg 1024w, https:\/\/agora.xtec.cat\/iesantanna-premiadedalt\/wp-content\/uploads\/usu517\/2026\/04\/WhatsApp-Image-2026-04-22-at-08.42.22-300x225.jpeg 300w, https:\/\/agora.xtec.cat\/iesantanna-premiadedalt\/wp-content\/uploads\/usu517\/2026\/04\/WhatsApp-Image-2026-04-22-at-08.42.22-768x576.jpeg 768w, https:\/\/agora.xtec.cat\/iesantanna-premiadedalt\/wp-content\/uploads\/usu517\/2026\/04\/WhatsApp-Image-2026-04-22-at-08.42.22-1536x1152.jpeg 1536w, https:\/\/agora.xtec.cat\/iesantanna-premiadedalt\/wp-content\/uploads\/usu517\/2026\/04\/WhatsApp-Image-2026-04-22-at-08.42.22.jpeg 1600w\" sizes=\"auto, (max-width: 1024px) 100vw, 1024px\" \/><\/a><\/figure>\n\n\n\n<h3 class=\"wp-block-heading\">M\u00e9s que un viatge tur\u00edstic<\/h3>\n\n\n\n<p>A les presentacions no nom\u00e9s hem vist fotos de paisatges. El que realment ha omplert les pantalles han estat les reflexions sobre la compet\u00e8ncia ling\u00fc\u00edstica, la capacitat d\u2019adaptaci\u00f3 i les amistats internacionals que ara s\u2019estenen a trav\u00e9s de les xarxes socials.<\/p>\n\n\n\n<figure class=\"wp-block-image size-large\"><a href=\"https:\/\/agora.xtec.cat\/iesantanna-premiadedalt\/wp-content\/uploads\/usu517\/2026\/04\/WhatsApp-Image-2026-04-22-at-08.33.18.jpeg\"><img loading=\"lazy\" decoding=\"async\" width=\"1024\" height=\"769\" src=\"https:\/\/agora.xtec.cat\/iesantanna-premiadedalt\/wp-content\/uploads\/usu517\/2026\/04\/WhatsApp-Image-2026-04-22-at-08.33.18-1024x769.jpeg\" alt=\"\" class=\"wp-image-29386\" srcset=\"https:\/\/agora.xtec.cat\/iesantanna-premiadedalt\/wp-content\/uploads\/usu517\/2026\/04\/WhatsApp-Image-2026-04-22-at-08.33.18-1024x769.jpeg 1024w, https:\/\/agora.xtec.cat\/iesantanna-premiadedalt\/wp-content\/uploads\/usu517\/2026\/04\/WhatsApp-Image-2026-04-22-at-08.33.18-300x225.jpeg 300w, https:\/\/agora.xtec.cat\/iesantanna-premiadedalt\/wp-content\/uploads\/usu517\/2026\/04\/WhatsApp-Image-2026-04-22-at-08.33.18-768x576.jpeg 768w, https:\/\/agora.xtec.cat\/iesantanna-premiadedalt\/wp-content\/uploads\/usu517\/2026\/04\/WhatsApp-Image-2026-04-22-at-08.33.18-1536x1153.jpeg 1536w, https:\/\/agora.xtec.cat\/iesantanna-premiadedalt\/wp-content\/uploads\/usu517\/2026\/04\/WhatsApp-Image-2026-04-22-at-08.33.18.jpeg 1600w\" sizes=\"auto, (max-width: 1024px) 100vw, 1024px\" \/><\/a><\/figure>\n\n\n\n<blockquote class=\"wp-block-quote is-layout-flow wp-block-quote-is-layout-flow\">\n<p>&#8220;<em>Al principi fa respecte, per\u00f2 t\u2019adones que et pots moure pel m\u00f3n sense por<\/em>&#8220;, comentava un dels participants durant la xerrada.<\/p>\n<\/blockquote>\n\n\n\n<p>Aquesta iniciativa forma part de l&#8217;aposta del centre per la internacionalitzaci\u00f3, demostrant que les fronteres es desdibuixen quan hi ha ganes d&#8217;aprendre i de veure m\u00f3n i amb aquestes presentacions queda clar que l&#8217;Erasmus+ \u00e9s una oportunitat d&#8217;or per cr\u00e9ixer fora de les parets de l&#8217;institut. Enhorabona a tots els que heu fet el pas: heu tornat amb la motxilla plena de viv\u00e8ncies que no s\u2019obliden!<\/p>\n","protected":false},"excerpt":{"rendered":"<p>Els alumnes de 4t d\u2019ESO han canviat per uns dies la rutina de l\u2019institut per la immersi\u00f3 a Alemanya, i aquesta setmana ha estat el torn de compartir-ho amb la resta de l&#8217;Institut Escola Santa Anna a trav\u00e9s d&#8217;unes presentacions que han deixat el llist\u00f3 molt alt. Dues rutes, un mateix objectiu L&#8217;alumnat ha relatat [&hellip;]<\/p>\n","protected":false},"author":81,"featured_media":29389,"comment_status":"open","ping_status":"open","sticky":false,"template":"","format":"standard","meta":{"_bbp_topic_count":0,"_bbp_reply_count":0,"_bbp_total_topic_count":0,"_bbp_total_reply_count":0,"_bbp_voice_count":0,"_bbp_anonymous_reply_count":0,"_bbp_topic_count_hidden":0,"_bbp_reply_count_hidden":0,"_bbp_forum_subforum_count":0,"site-sidebar-layout":"default","site-content-layout":"","ast-site-content-layout":"default","site-content-style":"default","site-sidebar-style":"default","ast-global-header-display":"","ast-banner-title-visibility":"","ast-main-header-display":"","ast-hfb-above-header-display":"","ast-hfb-below-header-display":"","ast-hfb-mobile-header-display":"","site-post-title":"","ast-breadcrumbs-content":"","ast-featured-img":"","footer-sml-layout":"","theme-transparent-header-meta":"","adv-header-id-meta":"","stick-header-meta":"","header-above-stick-meta":"","header-main-stick-meta":"","header-below-stick-meta":"","astra-migrate-meta-layouts":"set","ast-page-background-enabled":"default","ast-page-background-meta":{"desktop":{"background-color":"var(--ast-global-color-4)","background-image":"","background-repeat":"repeat","background-position":"center center","background-size":"auto","background-attachment":"scroll","background-type":"","background-media":"","overlay-type":"","overlay-color":"","overlay-opacity":"","overlay-gradient":""},"tablet":{"background-color":"","background-image":"","background-repeat":"repeat","background-position":"center center","background-size":"auto","background-attachment":"scroll","background-type":"","background-media":"","overlay-type":"","overlay-color":"","overlay-opacity":"","overlay-gradient":""},"mobile":{"background-color":"","background-image":"","background-repeat":"repeat","background-position":"center center","background-size":"auto","background-attachment":"scroll","background-type":"","background-media":"","overlay-type":"","overlay-color":"","overlay-opacity":"","overlay-gradient":""}},"ast-content-background-meta":{"desktop":{"background-color":"var(--ast-global-color-5)","background-image":"","background-repeat":"repeat","background-position":"center center","background-size":"auto","background-attachment":"scroll","background-type":"","background-media":"","overlay-type":"","overlay-color":"","overlay-opacity":"","overlay-gradient":""},"tablet":{"background-color":"var(--ast-global-color-5)","background-image":"","background-repeat":"repeat","background-position":"center center","background-size":"auto","background-attachment":"scroll","background-type":"","background-media":"","overlay-type":"","overlay-color":"","overlay-opacity":"","overlay-gradient":""},"mobile":{"background-color":"var(--ast-global-color-5)","background-image":"","background-repeat":"repeat","background-position":"center center","background-size":"auto","background-attachment":"scroll","background-type":"","background-media":"","overlay-type":"","overlay-color":"","overlay-opacity":"","overlay-gradient":""}},"footnotes":""},"categories":[13,615,606,607,59],"tags":[213,436,203],"class_list":["post-29384","post","type-post","status-publish","format-standard","has-post-thumbnail","hentry","category-4t-eso","category-erasmus","category-erasmus-students-etwinning-projects","category-erasmus-students-mobilities","category-angles","tag-erasmus","tag-erasmus-accreditation","tag-eso"],"post_mailing_queue_ids":[],"_links":{"self":[{"href":"https:\/\/agora.xtec.cat\/iesantanna-premiadedalt\/wp-json\/wp\/v2\/posts\/29384","targetHints":{"allow":["GET"]}}],"collection":[{"href":"https:\/\/agora.xtec.cat\/iesantanna-premiadedalt\/wp-json\/wp\/v2\/posts"}],"about":[{"href":"https:\/\/agora.xtec.cat\/iesantanna-premiadedalt\/wp-json\/wp\/v2\/types\/post"}],"author":[{"embeddable":true,"href":"https:\/\/agora.xtec.cat\/iesantanna-premiadedalt\/wp-json\/wp\/v2\/users\/81"}],"replies":[{"embeddable":true,"href":"https:\/\/agora.xtec.cat\/iesantanna-premiadedalt\/wp-json\/wp\/v2\/comments?post=29384"}],"version-history":[{"count":4,"href":"https:\/\/agora.xtec.cat\/iesantanna-premiadedalt\/wp-json\/wp\/v2\/posts\/29384\/revisions"}],"predecessor-version":[{"id":29391,"href":"https:\/\/agora.xtec.cat\/iesantanna-premiadedalt\/wp-json\/wp\/v2\/posts\/29384\/revisions\/29391"}],"wp:featuredmedia":[{"embeddable":true,"href":"https:\/\/agora.xtec.cat\/iesantanna-premiadedalt\/wp-json\/wp\/v2\/media\/29389"}],"wp:attachment":[{"href":"https:\/\/agora.xtec.cat\/iesantanna-premiadedalt\/wp-json\/wp\/v2\/media?parent=29384"}],"wp:term":[{"taxonomy":"category","embeddable":true,"href":"https:\/\/agora.xtec.cat\/iesantanna-premiadedalt\/wp-json\/wp\/v2\/categories?post=29384"},{"taxonomy":"post_tag","embeddable":true,"href":"https:\/\/agora.xtec.cat\/iesantanna-premiadedalt\/wp-json\/wp\/v2\/tags?post=29384"}],"curies":[{"name":"wp","href":"https:\/\/api.w.org\/{rel}","templated":true}]}}