{"id":29191,"date":"2026-03-17T17:44:59","date_gmt":"2026-03-17T16:44:59","guid":{"rendered":"https:\/\/agora.xtec.cat\/iesantanna-premiadedalt\/?p=29191"},"modified":"2026-03-17T17:45:00","modified_gmt":"2026-03-17T16:45:00","slug":"erasmus-dia-2_mercat-i-premia-de-mar","status":"publish","type":"post","link":"https:\/\/agora.xtec.cat\/iesantanna-premiadedalt\/erasmus\/general\/erasmus-dia-2_mercat-i-premia-de-mar\/","title":{"rendered":"Erasmus: Dia 2_Mercat i Premi\u00e0 de Mar"},"content":{"rendered":"\n<p><strong>Catal\u00e0<\/strong><\/p>\n\n\n\n<p>El segon dia del nostre Erasmus ha estat ple de descobertes i experi\u00e8ncies enriquidores. Al mat\u00ed, l\u2019alumnat ha participat en diverses activitats relacionades amb la gastronomia local al mercat del barri de Santa Anna. Han tingut l\u2019oportunitat d\u2019interactuar amb venedors i compradors, practicant la llengua i coneixent de primera m\u00e0 els productes t\u00edpics de la nostra zona. Per als estudiants suecs, ha estat una experi\u00e8ncia especialment interessant, ja que han descobert nous sabors, olors i costums que formen part de la nostra cultura quotidiana.<\/p>\n\n\n\n<figure class=\"wp-block-image size-large\"><a href=\"https:\/\/agora.xtec.cat\/iesantanna-premiadedalt\/wp-content\/uploads\/usu517\/2026\/03\/WhatsApp-Image-2026-03-17-at-16.58.11-1.jpeg\"><img loading=\"lazy\" decoding=\"async\" width=\"768\" height=\"1024\" src=\"https:\/\/agora.xtec.cat\/iesantanna-premiadedalt\/wp-content\/uploads\/usu517\/2026\/03\/WhatsApp-Image-2026-03-17-at-16.58.11-1-768x1024.jpeg\" alt=\"\" class=\"wp-image-29194\" srcset=\"https:\/\/agora.xtec.cat\/iesantanna-premiadedalt\/wp-content\/uploads\/usu517\/2026\/03\/WhatsApp-Image-2026-03-17-at-16.58.11-1-768x1024.jpeg 768w, https:\/\/agora.xtec.cat\/iesantanna-premiadedalt\/wp-content\/uploads\/usu517\/2026\/03\/WhatsApp-Image-2026-03-17-at-16.58.11-1-225x300.jpeg 225w, https:\/\/agora.xtec.cat\/iesantanna-premiadedalt\/wp-content\/uploads\/usu517\/2026\/03\/WhatsApp-Image-2026-03-17-at-16.58.11-1-1152x1536.jpeg 1152w, https:\/\/agora.xtec.cat\/iesantanna-premiadedalt\/wp-content\/uploads\/usu517\/2026\/03\/WhatsApp-Image-2026-03-17-at-16.58.11-1.jpeg 1536w\" sizes=\"auto, (max-width: 768px) 100vw, 768px\" \/><\/a><\/figure>\n\n\n\n<figure class=\"wp-block-image size-large\"><a href=\"https:\/\/agora.xtec.cat\/iesantanna-premiadedalt\/wp-content\/uploads\/usu517\/2026\/03\/WhatsApp-Image-2026-03-17-at-16.58.14-copia.jpeg\"><img loading=\"lazy\" decoding=\"async\" width=\"768\" height=\"1024\" src=\"https:\/\/agora.xtec.cat\/iesantanna-premiadedalt\/wp-content\/uploads\/usu517\/2026\/03\/WhatsApp-Image-2026-03-17-at-16.58.14-copia-768x1024.jpeg\" alt=\"\" class=\"wp-image-29193\" srcset=\"https:\/\/agora.xtec.cat\/iesantanna-premiadedalt\/wp-content\/uploads\/usu517\/2026\/03\/WhatsApp-Image-2026-03-17-at-16.58.14-copia-768x1024.jpeg 768w, https:\/\/agora.xtec.cat\/iesantanna-premiadedalt\/wp-content\/uploads\/usu517\/2026\/03\/WhatsApp-Image-2026-03-17-at-16.58.14-copia-225x300.jpeg 225w, https:\/\/agora.xtec.cat\/iesantanna-premiadedalt\/wp-content\/uploads\/usu517\/2026\/03\/WhatsApp-Image-2026-03-17-at-16.58.14-copia-1152x1536.jpeg 1152w, https:\/\/agora.xtec.cat\/iesantanna-premiadedalt\/wp-content\/uploads\/usu517\/2026\/03\/WhatsApp-Image-2026-03-17-at-16.58.14-copia.jpeg 1536w\" sizes=\"auto, (max-width: 768px) 100vw, 768px\" \/><\/a><\/figure>\n\n\n\n<p>A la tarda, hem fet una ruta per Premi\u00e0 de Mar, un poble amb arrels marineres que ens ha captivat amb el seu encant. Passejant pels seus carrers, hem anat descobrint racons amagats i petits fragments de la hist\u00f2ria del nostre poble ve\u00ed. Ha estat una jornada completa, plena d\u2019aprenentatge, conviv\u00e8ncia i intercanvi cultural.<\/p>\n\n\n\n<figure class=\"wp-block-image size-large\"><a href=\"https:\/\/agora.xtec.cat\/iesantanna-premiadedalt\/wp-content\/uploads\/usu517\/2026\/03\/WhatsApp-Image-2026-03-17-at-17.16.48.jpeg\"><img loading=\"lazy\" decoding=\"async\" width=\"768\" height=\"1024\" src=\"https:\/\/agora.xtec.cat\/iesantanna-premiadedalt\/wp-content\/uploads\/usu517\/2026\/03\/WhatsApp-Image-2026-03-17-at-17.16.48-768x1024.jpeg\" alt=\"\" class=\"wp-image-29196\" srcset=\"https:\/\/agora.xtec.cat\/iesantanna-premiadedalt\/wp-content\/uploads\/usu517\/2026\/03\/WhatsApp-Image-2026-03-17-at-17.16.48-768x1024.jpeg 768w, https:\/\/agora.xtec.cat\/iesantanna-premiadedalt\/wp-content\/uploads\/usu517\/2026\/03\/WhatsApp-Image-2026-03-17-at-17.16.48-225x300.jpeg 225w, https:\/\/agora.xtec.cat\/iesantanna-premiadedalt\/wp-content\/uploads\/usu517\/2026\/03\/WhatsApp-Image-2026-03-17-at-17.16.48-1152x1536.jpeg 1152w, https:\/\/agora.xtec.cat\/iesantanna-premiadedalt\/wp-content\/uploads\/usu517\/2026\/03\/WhatsApp-Image-2026-03-17-at-17.16.48.jpeg 1200w\" sizes=\"auto, (max-width: 768px) 100vw, 768px\" \/><\/a><\/figure>\n\n\n\n<figure class=\"wp-block-image size-large\"><a href=\"https:\/\/agora.xtec.cat\/iesantanna-premiadedalt\/wp-content\/uploads\/usu517\/2026\/03\/WhatsApp-Image-2026-03-17-at-17.17.03.jpeg\"><img loading=\"lazy\" decoding=\"async\" width=\"768\" height=\"1024\" src=\"https:\/\/agora.xtec.cat\/iesantanna-premiadedalt\/wp-content\/uploads\/usu517\/2026\/03\/WhatsApp-Image-2026-03-17-at-17.17.03-768x1024.jpeg\" alt=\"\" class=\"wp-image-29195\" srcset=\"https:\/\/agora.xtec.cat\/iesantanna-premiadedalt\/wp-content\/uploads\/usu517\/2026\/03\/WhatsApp-Image-2026-03-17-at-17.17.03-768x1024.jpeg 768w, https:\/\/agora.xtec.cat\/iesantanna-premiadedalt\/wp-content\/uploads\/usu517\/2026\/03\/WhatsApp-Image-2026-03-17-at-17.17.03-225x300.jpeg 225w, https:\/\/agora.xtec.cat\/iesantanna-premiadedalt\/wp-content\/uploads\/usu517\/2026\/03\/WhatsApp-Image-2026-03-17-at-17.17.03-1152x1536.jpeg 1152w, https:\/\/agora.xtec.cat\/iesantanna-premiadedalt\/wp-content\/uploads\/usu517\/2026\/03\/WhatsApp-Image-2026-03-17-at-17.17.03.jpeg 1536w\" sizes=\"auto, (max-width: 768px) 100vw, 768px\" \/><\/a><\/figure>\n\n\n\n<p><strong>Castellano<\/strong><\/p>\n\n\n\n<p>El segundo d\u00eda de nuestro Erasmus ha estado lleno de descubrimientos y experiencias enriquecedoras. Por la ma\u00f1ana, el alumnado ha participado en diversas actividades relacionadas con la gastronom\u00eda local en el mercado. Han tenido la oportunidad de interactuar con vendedores y compradores, practicando la lengua y conociendo de primera mano los productos t\u00edpicos de nuestra zona. Para los estudiantes suecos, ha sido una experiencia especialmente interesante, ya que han descubierto nuevos sabores, olores y costumbres que forman parte de nuestra cultura cotidiana.<\/p>\n\n\n\n<p>Por la tarde, hemos realizado una ruta por Premi\u00e0 de Mar, un pueblo de tradici\u00f3n marinera que nos ha cautivado con su encanto. Paseando por sus calles, hemos ido descubriendo rincones y peque\u00f1os fragmentos de la historia de nuestro pueblo vecino. Ha sido una jornada completa, llena de aprendizaje, convivencia e intercambio cultural.<\/p>\n","protected":false},"excerpt":{"rendered":"<p>Catal\u00e0 El segon dia del nostre Erasmus ha estat ple de descobertes i experi\u00e8ncies enriquidores. Al mat\u00ed, l\u2019alumnat ha participat en diverses activitats relacionades amb la gastronomia local al mercat del barri de Santa Anna. Han tingut l\u2019oportunitat d\u2019interactuar amb venedors i compradors, practicant la llengua i coneixent de primera m\u00e0 els productes t\u00edpics de [&hellip;]<\/p>\n","protected":false},"author":77,"featured_media":0,"comment_status":"open","ping_status":"open","sticky":false,"template":"","format":"standard","meta":{"_bbp_topic_count":0,"_bbp_reply_count":0,"_bbp_total_topic_count":0,"_bbp_total_reply_count":0,"_bbp_voice_count":0,"_bbp_anonymous_reply_count":0,"_bbp_topic_count_hidden":0,"_bbp_reply_count_hidden":0,"_bbp_forum_subforum_count":0,"site-sidebar-layout":"default","site-content-layout":"","ast-site-content-layout":"default","site-content-style":"default","site-sidebar-style":"default","ast-global-header-display":"","ast-banner-title-visibility":"","ast-main-header-display":"","ast-hfb-above-header-display":"","ast-hfb-below-header-display":"","ast-hfb-mobile-header-display":"","site-post-title":"","ast-breadcrumbs-content":"","ast-featured-img":"","footer-sml-layout":"","theme-transparent-header-meta":"","adv-header-id-meta":"","stick-header-meta":"","header-above-stick-meta":"","header-main-stick-meta":"","header-below-stick-meta":"","astra-migrate-meta-layouts":"set","ast-page-background-enabled":"default","ast-page-background-meta":{"desktop":{"background-color":"var(--ast-global-color-4)","background-image":"","background-repeat":"repeat","background-position":"center center","background-size":"auto","background-attachment":"scroll","background-type":"","background-media":"","overlay-type":"","overlay-color":"","overlay-opacity":"","overlay-gradient":""},"tablet":{"background-color":"","background-image":"","background-repeat":"repeat","background-position":"center center","background-size":"auto","background-attachment":"scroll","background-type":"","background-media":"","overlay-type":"","overlay-color":"","overlay-opacity":"","overlay-gradient":""},"mobile":{"background-color":"","background-image":"","background-repeat":"repeat","background-position":"center center","background-size":"auto","background-attachment":"scroll","background-type":"","background-media":"","overlay-type":"","overlay-color":"","overlay-opacity":"","overlay-gradient":""}},"ast-content-background-meta":{"desktop":{"background-color":"var(--ast-global-color-5)","background-image":"","background-repeat":"repeat","background-position":"center center","background-size":"auto","background-attachment":"scroll","background-type":"","background-media":"","overlay-type":"","overlay-color":"","overlay-opacity":"","overlay-gradient":""},"tablet":{"background-color":"var(--ast-global-color-5)","background-image":"","background-repeat":"repeat","background-position":"center center","background-size":"auto","background-attachment":"scroll","background-type":"","background-media":"","overlay-type":"","overlay-color":"","overlay-opacity":"","overlay-gradient":""},"mobile":{"background-color":"var(--ast-global-color-5)","background-image":"","background-repeat":"repeat","background-position":"center center","background-size":"auto","background-attachment":"scroll","background-type":"","background-media":"","overlay-type":"","overlay-color":"","overlay-opacity":"","overlay-gradient":""}},"footnotes":""},"categories":[11,615,607,1],"tags":[],"class_list":["post-29191","post","type-post","status-publish","format-standard","hentry","category-2n-eso","category-erasmus","category-erasmus-students-mobilities","category-general"],"post_mailing_queue_ids":[],"_links":{"self":[{"href":"https:\/\/agora.xtec.cat\/iesantanna-premiadedalt\/wp-json\/wp\/v2\/posts\/29191","targetHints":{"allow":["GET"]}}],"collection":[{"href":"https:\/\/agora.xtec.cat\/iesantanna-premiadedalt\/wp-json\/wp\/v2\/posts"}],"about":[{"href":"https:\/\/agora.xtec.cat\/iesantanna-premiadedalt\/wp-json\/wp\/v2\/types\/post"}],"author":[{"embeddable":true,"href":"https:\/\/agora.xtec.cat\/iesantanna-premiadedalt\/wp-json\/wp\/v2\/users\/77"}],"replies":[{"embeddable":true,"href":"https:\/\/agora.xtec.cat\/iesantanna-premiadedalt\/wp-json\/wp\/v2\/comments?post=29191"}],"version-history":[{"count":1,"href":"https:\/\/agora.xtec.cat\/iesantanna-premiadedalt\/wp-json\/wp\/v2\/posts\/29191\/revisions"}],"predecessor-version":[{"id":29197,"href":"https:\/\/agora.xtec.cat\/iesantanna-premiadedalt\/wp-json\/wp\/v2\/posts\/29191\/revisions\/29197"}],"wp:attachment":[{"href":"https:\/\/agora.xtec.cat\/iesantanna-premiadedalt\/wp-json\/wp\/v2\/media?parent=29191"}],"wp:term":[{"taxonomy":"category","embeddable":true,"href":"https:\/\/agora.xtec.cat\/iesantanna-premiadedalt\/wp-json\/wp\/v2\/categories?post=29191"},{"taxonomy":"post_tag","embeddable":true,"href":"https:\/\/agora.xtec.cat\/iesantanna-premiadedalt\/wp-json\/wp\/v2\/tags?post=29191"}],"curies":[{"name":"wp","href":"https:\/\/api.w.org\/{rel}","templated":true}]}}