{"id":29178,"date":"2026-03-16T18:57:46","date_gmt":"2026-03-16T17:57:46","guid":{"rendered":"https:\/\/agora.xtec.cat\/iesantanna-premiadedalt\/?p=29178"},"modified":"2026-03-29T19:30:35","modified_gmt":"2026-03-29T17:30:35","slug":"erasmus-dia-1-a-premia-de-dalt","status":"publish","type":"post","link":"https:\/\/agora.xtec.cat\/iesantanna-premiadedalt\/erasmus\/general\/erasmus-dia-1-a-premia-de-dalt\/","title":{"rendered":"Erasmus: Dia 1 a Premi\u00e0 de Dalt!"},"content":{"rendered":"\n<p>Ahir van arribar els alumnes de Stockholm que estaran tota la setmana amb les fam\u00edlies i els nostres alumnes de 2n d\u2019ESO. Despr\u00e9s d\u2019un dia intens, avui hem comen\u00e7at les activitats per con\u00e8ixer-nos millor: els nostres alumnes els han ensenyat el centre i han compartit com funciona el sistema educatiu aqu\u00ed.<\/p>\n\n\n\n<figure class=\"wp-block-image size-large\"><a href=\"https:\/\/agora.xtec.cat\/iesantanna-premiadedalt\/wp-content\/uploads\/usu517\/2026\/03\/IMG_20260316_101644894_HDR-scaled.jpg\"><img loading=\"lazy\" decoding=\"async\" width=\"1024\" height=\"768\" src=\"https:\/\/agora.xtec.cat\/iesantanna-premiadedalt\/wp-content\/uploads\/usu517\/2026\/03\/IMG_20260316_101644894_HDR-1024x768.jpg\" alt=\"\" class=\"wp-image-29187\" srcset=\"https:\/\/agora.xtec.cat\/iesantanna-premiadedalt\/wp-content\/uploads\/usu517\/2026\/03\/IMG_20260316_101644894_HDR-1024x768.jpg 1024w, https:\/\/agora.xtec.cat\/iesantanna-premiadedalt\/wp-content\/uploads\/usu517\/2026\/03\/IMG_20260316_101644894_HDR-300x225.jpg 300w, https:\/\/agora.xtec.cat\/iesantanna-premiadedalt\/wp-content\/uploads\/usu517\/2026\/03\/IMG_20260316_101644894_HDR-768x576.jpg 768w, https:\/\/agora.xtec.cat\/iesantanna-premiadedalt\/wp-content\/uploads\/usu517\/2026\/03\/IMG_20260316_101644894_HDR-1536x1152.jpg 1536w, https:\/\/agora.xtec.cat\/iesantanna-premiadedalt\/wp-content\/uploads\/usu517\/2026\/03\/IMG_20260316_101644894_HDR-2048x1536.jpg 2048w\" sizes=\"auto, (max-width: 1024px) 100vw, 1024px\" \/><\/a><\/figure>\n\n\n\n\n\n<p>L\u2019alcalde de Premi\u00e0 de Dalt els ha donat la benvinguda, i tots han participat en jocs de coneixen\u00e7a. Tamb\u00e9 han visitat la r\u00e0dio local, on han explicat breument el projecte Erasmus i les seves expectatives per aquesta experi\u00e8ncia. <\/p>\n\n\n\n<figure class=\"wp-block-gallery has-nested-images columns-default is-cropped wp-block-gallery-1 is-layout-flex wp-block-gallery-is-layout-flex\">\n<figure class=\"wp-block-image size-large is-style-rounded wp-duotone-grayscale\"><a href=\"https:\/\/agora.xtec.cat\/iesantanna-premiadedalt\/wp-content\/uploads\/usu517\/2026\/03\/Erasmus-Santa-Anna-compressed-2.mp3\" target=\"_blank\" rel=\" noreferrer noopener\"><img decoding=\"async\" src=\"https:\/\/agora.xtec.cat\/iesantanna-premiadedalt\/wp-content\/uploads\/usu517\/2026\/03\/Erasmus-Santa-Anna-RADIO INTERVIEW.mp3\" alt=\"\"\/><\/a><figcaption class=\"wp-element-caption\"><a href=\"https:\/\/agora.xtec.cat\/iesantanna-premiadedalt\/wp-content\/uploads\/usu517\/2026\/03\/Erasmus-Santa-Anna-compressed-2.mp3\" data-type=\"link\" data-id=\"https:\/\/agora.xtec.cat\/iesantanna-premiadedalt\/wp-content\/uploads\/usu517\/2026\/03\/Erasmus-Santa-Anna-compressed-2.mp3\">https:\/\/agora.xtec.cat\/iesantanna-premiadedalt\/wp-content\/uploads\/usu517\/2026\/03\/Erasmus-Santa-Anna-compressed-2.mp3<\/a><\/figcaption><\/figure>\n<\/figure>\n\n\n\n<figure class=\"wp-block-image size-large\"><a href=\"https:\/\/agora.xtec.cat\/iesantanna-premiadedalt\/wp-content\/uploads\/usu517\/2026\/03\/WhatsApp-Image-2026-03-16-at-17.41.56.jpeg\"><img loading=\"lazy\" decoding=\"async\" width=\"1024\" height=\"768\" src=\"https:\/\/agora.xtec.cat\/iesantanna-premiadedalt\/wp-content\/uploads\/usu517\/2026\/03\/WhatsApp-Image-2026-03-16-at-17.41.56-1024x768.jpeg\" alt=\"\" class=\"wp-image-29180\" srcset=\"https:\/\/agora.xtec.cat\/iesantanna-premiadedalt\/wp-content\/uploads\/usu517\/2026\/03\/WhatsApp-Image-2026-03-16-at-17.41.56-1024x768.jpeg 1024w, https:\/\/agora.xtec.cat\/iesantanna-premiadedalt\/wp-content\/uploads\/usu517\/2026\/03\/WhatsApp-Image-2026-03-16-at-17.41.56-300x225.jpeg 300w, https:\/\/agora.xtec.cat\/iesantanna-premiadedalt\/wp-content\/uploads\/usu517\/2026\/03\/WhatsApp-Image-2026-03-16-at-17.41.56-768x576.jpeg 768w, https:\/\/agora.xtec.cat\/iesantanna-premiadedalt\/wp-content\/uploads\/usu517\/2026\/03\/WhatsApp-Image-2026-03-16-at-17.41.56-1536x1152.jpeg 1536w, https:\/\/agora.xtec.cat\/iesantanna-premiadedalt\/wp-content\/uploads\/usu517\/2026\/03\/WhatsApp-Image-2026-03-16-at-17.41.56.jpeg 2040w\" sizes=\"auto, (max-width: 1024px) 100vw, 1024px\" \/><\/a><\/figure>\n\n\n\n<figure class=\"wp-block-image size-large\"><a href=\"https:\/\/agora.xtec.cat\/iesantanna-premiadedalt\/wp-content\/uploads\/usu517\/2026\/03\/WhatsApp-Image-2026-03-16-at-17.42.00.jpeg\"><img loading=\"lazy\" decoding=\"async\" width=\"1024\" height=\"768\" src=\"https:\/\/agora.xtec.cat\/iesantanna-premiadedalt\/wp-content\/uploads\/usu517\/2026\/03\/WhatsApp-Image-2026-03-16-at-17.42.00-1024x768.jpeg\" alt=\"\" class=\"wp-image-29179\" srcset=\"https:\/\/agora.xtec.cat\/iesantanna-premiadedalt\/wp-content\/uploads\/usu517\/2026\/03\/WhatsApp-Image-2026-03-16-at-17.42.00-1024x768.jpeg 1024w, https:\/\/agora.xtec.cat\/iesantanna-premiadedalt\/wp-content\/uploads\/usu517\/2026\/03\/WhatsApp-Image-2026-03-16-at-17.42.00-300x225.jpeg 300w, https:\/\/agora.xtec.cat\/iesantanna-premiadedalt\/wp-content\/uploads\/usu517\/2026\/03\/WhatsApp-Image-2026-03-16-at-17.42.00-768x576.jpeg 768w, https:\/\/agora.xtec.cat\/iesantanna-premiadedalt\/wp-content\/uploads\/usu517\/2026\/03\/WhatsApp-Image-2026-03-16-at-17.42.00-1536x1152.jpeg 1536w, https:\/\/agora.xtec.cat\/iesantanna-premiadedalt\/wp-content\/uploads\/usu517\/2026\/03\/WhatsApp-Image-2026-03-16-at-17.42.00.jpeg 2040w\" sizes=\"auto, (max-width: 1024px) 100vw, 1024px\" \/><\/a><\/figure>\n\n\n\n<p>Sens dubte, una setmana plena d\u2019aprenentatge i moments compartits acaba de comen\u00e7ar!<\/p>\n\n\n\n<figure class=\"wp-block-image size-large\"><a href=\"https:\/\/agora.xtec.cat\/iesantanna-premiadedalt\/wp-content\/uploads\/usu517\/2026\/03\/WhatsApp-Image-2026-03-16-at-18.36.22.jpeg\"><img loading=\"lazy\" decoding=\"async\" width=\"768\" height=\"1024\" src=\"https:\/\/agora.xtec.cat\/iesantanna-premiadedalt\/wp-content\/uploads\/usu517\/2026\/03\/WhatsApp-Image-2026-03-16-at-18.36.22-768x1024.jpeg\" alt=\"\" class=\"wp-image-29181\" srcset=\"https:\/\/agora.xtec.cat\/iesantanna-premiadedalt\/wp-content\/uploads\/usu517\/2026\/03\/WhatsApp-Image-2026-03-16-at-18.36.22-768x1024.jpeg 768w, https:\/\/agora.xtec.cat\/iesantanna-premiadedalt\/wp-content\/uploads\/usu517\/2026\/03\/WhatsApp-Image-2026-03-16-at-18.36.22-225x300.jpeg 225w, https:\/\/agora.xtec.cat\/iesantanna-premiadedalt\/wp-content\/uploads\/usu517\/2026\/03\/WhatsApp-Image-2026-03-16-at-18.36.22-1152x1536.jpeg 1152w, https:\/\/agora.xtec.cat\/iesantanna-premiadedalt\/wp-content\/uploads\/usu517\/2026\/03\/WhatsApp-Image-2026-03-16-at-18.36.22.jpeg 1536w\" sizes=\"auto, (max-width: 768px) 100vw, 768px\" \/><\/a><\/figure>\n\n\n\n<p>Us deixem l&#8217;enlla\u00e7 al \u00e0lbum de <a href=\"https:\/\/photos.app.goo.gl\/eWMz3nNsaxKvuiPNA\">FOTOGRAFIES DE LA SETMANA ERASMUS A PREMI\u00c0 2026 (grup Estocolm)<\/a><\/p>\n\n\n\n<p><\/p>\n\n\n\n<p><strong>Erasmus: \u00a1D\u00eda 1 en Premi\u00e0 de Dalt!<\/strong><br><\/p>\n\n\n\n<p>Ayer llegaron los alumnos de Estocolmo, que estar\u00e1n toda la semana con las familias y nuestros alumnos de 2\u00ba de ESO. Despu\u00e9s de un d\u00eda intenso, hoy han comenzado las actividades para conocernos mejor: nuestros alumnos les han ense\u00f1ado el centro y han compartido c\u00f3mo funciona el sistema educativo aqu\u00ed.<\/p>\n\n\n\n<p>El alcalde de Premi\u00e0 de Dalt les ha dado la bienvenida, y todos han participado en juegos de presentaci\u00f3n. Tambi\u00e9n han visitado la radio local, donde han hablado brevemente sobre el proyecto Erasmus y sus expectativas para esta experiencia.<\/p>\n\n\n\n<p>\u00a1Sin duda, empieza una semana llena de aprendizaje y momentos compartidos!<\/p>\n","protected":false},"excerpt":{"rendered":"<p>Ahir van arribar els alumnes de Stockholm que estaran tota la setmana amb les fam\u00edlies i els nostres alumnes de 2n d\u2019ESO. Despr\u00e9s d\u2019un dia intens, avui hem comen\u00e7at les activitats per con\u00e8ixer-nos millor: els nostres alumnes els han ensenyat el centre i han compartit com funciona el sistema educatiu aqu\u00ed. L\u2019alcalde de Premi\u00e0 de [&hellip;]<\/p>\n","protected":false},"author":77,"featured_media":29187,"comment_status":"open","ping_status":"open","sticky":false,"template":"","format":"standard","meta":{"_bbp_topic_count":0,"_bbp_reply_count":0,"_bbp_total_topic_count":0,"_bbp_total_reply_count":0,"_bbp_voice_count":0,"_bbp_anonymous_reply_count":0,"_bbp_topic_count_hidden":0,"_bbp_reply_count_hidden":0,"_bbp_forum_subforum_count":0,"site-sidebar-layout":"default","site-content-layout":"","ast-site-content-layout":"default","site-content-style":"default","site-sidebar-style":"default","ast-global-header-display":"","ast-banner-title-visibility":"","ast-main-header-display":"","ast-hfb-above-header-display":"","ast-hfb-below-header-display":"","ast-hfb-mobile-header-display":"","site-post-title":"","ast-breadcrumbs-content":"","ast-featured-img":"","footer-sml-layout":"","theme-transparent-header-meta":"","adv-header-id-meta":"","stick-header-meta":"","header-above-stick-meta":"","header-main-stick-meta":"","header-below-stick-meta":"","astra-migrate-meta-layouts":"set","ast-page-background-enabled":"default","ast-page-background-meta":{"desktop":{"background-color":"var(--ast-global-color-4)","background-image":"","background-repeat":"repeat","background-position":"center center","background-size":"auto","background-attachment":"scroll","background-type":"","background-media":"","overlay-type":"","overlay-color":"","overlay-opacity":"","overlay-gradient":""},"tablet":{"background-color":"","background-image":"","background-repeat":"repeat","background-position":"center center","background-size":"auto","background-attachment":"scroll","background-type":"","background-media":"","overlay-type":"","overlay-color":"","overlay-opacity":"","overlay-gradient":""},"mobile":{"background-color":"","background-image":"","background-repeat":"repeat","background-position":"center center","background-size":"auto","background-attachment":"scroll","background-type":"","background-media":"","overlay-type":"","overlay-color":"","overlay-opacity":"","overlay-gradient":""}},"ast-content-background-meta":{"desktop":{"background-color":"var(--ast-global-color-5)","background-image":"","background-repeat":"repeat","background-position":"center center","background-size":"auto","background-attachment":"scroll","background-type":"","background-media":"","overlay-type":"","overlay-color":"","overlay-opacity":"","overlay-gradient":""},"tablet":{"background-color":"var(--ast-global-color-5)","background-image":"","background-repeat":"repeat","background-position":"center center","background-size":"auto","background-attachment":"scroll","background-type":"","background-media":"","overlay-type":"","overlay-color":"","overlay-opacity":"","overlay-gradient":""},"mobile":{"background-color":"var(--ast-global-color-5)","background-image":"","background-repeat":"repeat","background-position":"center center","background-size":"auto","background-attachment":"scroll","background-type":"","background-media":"","overlay-type":"","overlay-color":"","overlay-opacity":"","overlay-gradient":""}},"footnotes":""},"categories":[11,615,607,1,4,251,380],"tags":[435,22,213,436,203],"class_list":["post-29178","post","type-post","status-publish","format-standard","has-post-thumbnail","hentry","category-2n-eso","category-erasmus","category-erasmus-students-mobilities","category-general","category-portada","category-promocio-2015-28","category-secundaria","tag-2n-eso","tag-angles","tag-erasmus","tag-erasmus-accreditation","tag-eso"],"post_mailing_queue_ids":[],"_links":{"self":[{"href":"https:\/\/agora.xtec.cat\/iesantanna-premiadedalt\/wp-json\/wp\/v2\/posts\/29178","targetHints":{"allow":["GET"]}}],"collection":[{"href":"https:\/\/agora.xtec.cat\/iesantanna-premiadedalt\/wp-json\/wp\/v2\/posts"}],"about":[{"href":"https:\/\/agora.xtec.cat\/iesantanna-premiadedalt\/wp-json\/wp\/v2\/types\/post"}],"author":[{"embeddable":true,"href":"https:\/\/agora.xtec.cat\/iesantanna-premiadedalt\/wp-json\/wp\/v2\/users\/77"}],"replies":[{"embeddable":true,"href":"https:\/\/agora.xtec.cat\/iesantanna-premiadedalt\/wp-json\/wp\/v2\/comments?post=29178"}],"version-history":[{"count":6,"href":"https:\/\/agora.xtec.cat\/iesantanna-premiadedalt\/wp-json\/wp\/v2\/posts\/29178\/revisions"}],"predecessor-version":[{"id":29275,"href":"https:\/\/agora.xtec.cat\/iesantanna-premiadedalt\/wp-json\/wp\/v2\/posts\/29178\/revisions\/29275"}],"wp:featuredmedia":[{"embeddable":true,"href":"https:\/\/agora.xtec.cat\/iesantanna-premiadedalt\/wp-json\/wp\/v2\/media\/29187"}],"wp:attachment":[{"href":"https:\/\/agora.xtec.cat\/iesantanna-premiadedalt\/wp-json\/wp\/v2\/media?parent=29178"}],"wp:term":[{"taxonomy":"category","embeddable":true,"href":"https:\/\/agora.xtec.cat\/iesantanna-premiadedalt\/wp-json\/wp\/v2\/categories?post=29178"},{"taxonomy":"post_tag","embeddable":true,"href":"https:\/\/agora.xtec.cat\/iesantanna-premiadedalt\/wp-json\/wp\/v2\/tags?post=29178"}],"curies":[{"name":"wp","href":"https:\/\/api.w.org\/{rel}","templated":true}]}}