{"id":29099,"date":"2026-03-04T15:59:43","date_gmt":"2026-03-04T14:59:43","guid":{"rendered":"https:\/\/agora.xtec.cat\/iesantanna-premiadedalt\/?p=29099"},"modified":"2026-03-08T11:49:49","modified_gmt":"2026-03-08T10:49:49","slug":"erasmus-a-colonia_dies-3-i-4","status":"publish","type":"post","link":"https:\/\/agora.xtec.cat\/iesantanna-premiadedalt\/erasmus\/general\/erasmus-a-colonia_dies-3-i-4\/","title":{"rendered":"Erasmus a Col\u00f2nia_Dies 3 i 4"},"content":{"rendered":"\n<p>Catal\u00e0<\/p>\n\n\n\n<p>El tercer dia ens ha portat fins a Col\u00f2nia, una ciutat plena d\u2019hist\u00f2ria i encant. Al mat\u00ed hem visitat la majestuosa Catedral de Col\u00f2nia, una de les joies m\u00e9s impressionants no nom\u00e9s de la ciutat, sin\u00f3 de tot el pa\u00eds. Han estat uns valents i han superat el repte de pujar els seus 533 esglaons, gaudint despr\u00e9s d\u2019unes vistes espectaculars que han recompensat l\u2019esfor\u00e7.<\/p>\n\n\n\n<p>Durant la visita, els alumnes han treballat en grups i han participat en activitats interactives que els han ajudat a descobrir, de manera din\u00e0mica i participativa, els secrets i la hist\u00f2ria d\u2019aquest monument emblem\u00e0tic.<\/p>\n\n\n\n<p>Despr\u00e9s, hem continuat amb una agradable passejada pel centre hist\u00f2ric, deixant-nos portar pels seus carrers plens de vida i encant. El dia s\u2019ha completat amb un dinar entre companys, un moment perfecte per compartir experi\u00e8ncies, riures i seguir creant records d\u2019aquest viatge tan especial.<\/p>\n\n\n\n<figure class=\"wp-block-image size-large\"><a href=\"https:\/\/agora.xtec.cat\/iesantanna-premiadedalt\/wp-content\/uploads\/usu517\/2026\/03\/WhatsApp-Image-2026-03-03-at-19.32.52.jpeg\"><img loading=\"lazy\" decoding=\"async\" width=\"1024\" height=\"768\" src=\"https:\/\/agora.xtec.cat\/iesantanna-premiadedalt\/wp-content\/uploads\/usu517\/2026\/03\/WhatsApp-Image-2026-03-03-at-19.32.52-1024x768.jpeg\" alt=\"\" class=\"wp-image-29101\" srcset=\"https:\/\/agora.xtec.cat\/iesantanna-premiadedalt\/wp-content\/uploads\/usu517\/2026\/03\/WhatsApp-Image-2026-03-03-at-19.32.52-1024x768.jpeg 1024w, https:\/\/agora.xtec.cat\/iesantanna-premiadedalt\/wp-content\/uploads\/usu517\/2026\/03\/WhatsApp-Image-2026-03-03-at-19.32.52-300x225.jpeg 300w, https:\/\/agora.xtec.cat\/iesantanna-premiadedalt\/wp-content\/uploads\/usu517\/2026\/03\/WhatsApp-Image-2026-03-03-at-19.32.52-768x576.jpeg 768w, https:\/\/agora.xtec.cat\/iesantanna-premiadedalt\/wp-content\/uploads\/usu517\/2026\/03\/WhatsApp-Image-2026-03-03-at-19.32.52-1536x1152.jpeg 1536w, https:\/\/agora.xtec.cat\/iesantanna-premiadedalt\/wp-content\/uploads\/usu517\/2026\/03\/WhatsApp-Image-2026-03-03-at-19.32.52.jpeg 1600w\" sizes=\"auto, (max-width: 1024px) 100vw, 1024px\" \/><\/a><\/figure>\n\n\n\n<p>Castellano<\/p>\n\n\n\n<p>El tercer d\u00eda nos ha llevado hasta Colonia, una ciudad llena de historia y encanto. Por la ma\u00f1ana hemos vistado la majestuosa Catedral de Colonia, una de las joyas m\u00e1s impresionantes no solo de la ciudad, sino de todo el pa\u00eds. Han sido muy valientes: han superado el reto de subir sus 533 escalones y han podido disfrutar despu\u00e9s de unas vistas espectaculares que han recompensado el esfuerzo.<\/p>\n\n\n\n<p>Durante la visita, el alumnado ha trabajado en grupos y ha participado en actividades interactivas que les han permitido descubrir, de forma din\u00e1mica y participativa, los secretos y la historia de este monumento emblem\u00e1tico.<\/p>\n\n\n\n<p>Despu\u00e9s, hemos continuado con un agradable paseo por el centro hist\u00f3rico, dej\u00e1ndonos llevar por sus calles llenas de vida y encanto. El d\u00eda se ha completado con una comida entre compa\u00f1eros, un momento perfecto para compartir experiencias, risas y seguir creando recuerdos de este viaje tan especial.<\/p>\n\n\n\n<h4 class=\"wp-block-heading\">Catal\u00e0<\/h4>\n\n\n\n<p>Avui, 4 de mar\u00e7, hem viscut una jornada especialment significativa dins del nostre viatge. Hem tingut l\u2019oportunitat de visitar l\u2019Abadia de Brauweiler, un espai amb una gran riquesa hist\u00f2rica i patrimonial, per\u00f2 tamb\u00e9 carregat de mem\u00f2ria.<\/p>\n\n\n\n<figure class=\"wp-block-image size-large\"><a href=\"https:\/\/agora.xtec.cat\/iesantanna-premiadedalt\/wp-content\/uploads\/usu517\/2026\/03\/WhatsApp-Image-2026-03-04-at-14.29.40.jpeg\"><img loading=\"lazy\" decoding=\"async\" width=\"769\" height=\"1024\" src=\"https:\/\/agora.xtec.cat\/iesantanna-premiadedalt\/wp-content\/uploads\/usu517\/2026\/03\/WhatsApp-Image-2026-03-04-at-14.29.40-769x1024.jpeg\" alt=\"\" class=\"wp-image-29104\" srcset=\"https:\/\/agora.xtec.cat\/iesantanna-premiadedalt\/wp-content\/uploads\/usu517\/2026\/03\/WhatsApp-Image-2026-03-04-at-14.29.40-769x1024.jpeg 769w, https:\/\/agora.xtec.cat\/iesantanna-premiadedalt\/wp-content\/uploads\/usu517\/2026\/03\/WhatsApp-Image-2026-03-04-at-14.29.40-225x300.jpeg 225w, https:\/\/agora.xtec.cat\/iesantanna-premiadedalt\/wp-content\/uploads\/usu517\/2026\/03\/WhatsApp-Image-2026-03-04-at-14.29.40-768x1023.jpeg 768w, https:\/\/agora.xtec.cat\/iesantanna-premiadedalt\/wp-content\/uploads\/usu517\/2026\/03\/WhatsApp-Image-2026-03-04-at-14.29.40-1153x1536.jpeg 1153w, https:\/\/agora.xtec.cat\/iesantanna-premiadedalt\/wp-content\/uploads\/usu517\/2026\/03\/WhatsApp-Image-2026-03-04-at-14.29.40.jpeg 1201w\" sizes=\"auto, (max-width: 769px) 100vw, 769px\" \/><\/a><\/figure>\n\n\n\n<p>Durant la visita, tamb\u00e9 hem conegut el memorial del mateix poble, un lloc que amaga hist\u00f2ries i secrets vinculats a un dels episodis m\u00e9s foscos de la hist\u00f2ria alemanya. Aquest espai ens ha convidat a la reflexi\u00f3, al respecte i a la import\u00e0ncia de no oblidar el passat per poder construir un futur millor.<\/p>\n\n\n\n<figure class=\"wp-block-image size-large\"><a href=\"https:\/\/agora.xtec.cat\/iesantanna-premiadedalt\/wp-content\/uploads\/usu517\/2026\/03\/WhatsApp-Image-2026-03-04-at-14.29.39-1.jpeg\"><img loading=\"lazy\" decoding=\"async\" width=\"1024\" height=\"769\" src=\"https:\/\/agora.xtec.cat\/iesantanna-premiadedalt\/wp-content\/uploads\/usu517\/2026\/03\/WhatsApp-Image-2026-03-04-at-14.29.39-1-1024x769.jpeg\" alt=\"\" class=\"wp-image-29105\" srcset=\"https:\/\/agora.xtec.cat\/iesantanna-premiadedalt\/wp-content\/uploads\/usu517\/2026\/03\/WhatsApp-Image-2026-03-04-at-14.29.39-1-1024x769.jpeg 1024w, https:\/\/agora.xtec.cat\/iesantanna-premiadedalt\/wp-content\/uploads\/usu517\/2026\/03\/WhatsApp-Image-2026-03-04-at-14.29.39-1-300x225.jpeg 300w, https:\/\/agora.xtec.cat\/iesantanna-premiadedalt\/wp-content\/uploads\/usu517\/2026\/03\/WhatsApp-Image-2026-03-04-at-14.29.39-1-768x576.jpeg 768w, https:\/\/agora.xtec.cat\/iesantanna-premiadedalt\/wp-content\/uploads\/usu517\/2026\/03\/WhatsApp-Image-2026-03-04-at-14.29.39-1-1536x1153.jpeg 1536w, https:\/\/agora.xtec.cat\/iesantanna-premiadedalt\/wp-content\/uploads\/usu517\/2026\/03\/WhatsApp-Image-2026-03-04-at-14.29.39-1.jpeg 1600w\" sizes=\"auto, (max-width: 1024px) 100vw, 1024px\" \/><\/a><\/figure>\n\n\n\n<p>Els alumnes han mostrat una actitud exemplar en tot moment: han escoltat amb atenci\u00f3 i han mostrat inter\u00e8s per comprendre el passat i tot el que anaven descobrint al llarg de la visita.<\/p>\n\n\n\n<p>A m\u00e9s, la jornada ha incl\u00f2s una activitat din\u00e0mica en forma de joc cooperatiu. Treballant en equip, els alumnes han hagut de posar en pr\u00e0ctica habilitats de comunicaci\u00f3, organitzaci\u00f3 i confian\u00e7a m\u00fatua. Aquesta activitat ens ha recordat una idea fonamental: quan col\u00b7laborem i sumem esfor\u00e7os, podem aconseguir grans coses.<\/p>\n\n\n\n<p>Sense dubte, ha estat un dia complet que combina aprenentatge, emoci\u00f3 i conviv\u00e8ncia, i que contribueix al creixement personal i col\u00b7lectiu del nostre alumnat.<\/p>\n\n\n\n\n\n<figure class=\"wp-block-image size-large\"><a href=\"https:\/\/agora.xtec.cat\/iesantanna-premiadedalt\/wp-content\/uploads\/usu517\/2026\/03\/WhatsApp-Image-2026-03-04-at-14.29.37-1.jpeg\"><img loading=\"lazy\" decoding=\"async\" width=\"769\" height=\"1024\" src=\"https:\/\/agora.xtec.cat\/iesantanna-premiadedalt\/wp-content\/uploads\/usu517\/2026\/03\/WhatsApp-Image-2026-03-04-at-14.29.37-1-769x1024.jpeg\" alt=\"\" class=\"wp-image-29108\" srcset=\"https:\/\/agora.xtec.cat\/iesantanna-premiadedalt\/wp-content\/uploads\/usu517\/2026\/03\/WhatsApp-Image-2026-03-04-at-14.29.37-1-769x1024.jpeg 769w, https:\/\/agora.xtec.cat\/iesantanna-premiadedalt\/wp-content\/uploads\/usu517\/2026\/03\/WhatsApp-Image-2026-03-04-at-14.29.37-1-225x300.jpeg 225w, https:\/\/agora.xtec.cat\/iesantanna-premiadedalt\/wp-content\/uploads\/usu517\/2026\/03\/WhatsApp-Image-2026-03-04-at-14.29.37-1-768x1023.jpeg 768w, https:\/\/agora.xtec.cat\/iesantanna-premiadedalt\/wp-content\/uploads\/usu517\/2026\/03\/WhatsApp-Image-2026-03-04-at-14.29.37-1-1153x1536.jpeg 1153w, https:\/\/agora.xtec.cat\/iesantanna-premiadedalt\/wp-content\/uploads\/usu517\/2026\/03\/WhatsApp-Image-2026-03-04-at-14.29.37-1.jpeg 1201w\" sizes=\"auto, (max-width: 769px) 100vw, 769px\" \/><\/a><\/figure>\n\n\n\n<hr class=\"wp-block-separator has-alpha-channel-opacity\"\/>\n\n\n\n<h4 class=\"wp-block-heading\"><strong>Castellano<\/strong><\/h4>\n\n\n\n<p>Hoy, 4 de marzo, hemos vivido una jornada especialmente significativa dentro de nuestro viaje. Hemos tenido la oportunidad de visitar la Abad\u00eda de Brauweiler, un espacio con una gran riqueza hist\u00f3rica y patrimonial, pero tambi\u00e9n cargado de memoria.<\/p>\n\n\n\n<p>Durante la visita, tambi\u00e9n hemos conocido el memorial del mismo pueblo, un lugar que esconde historias y secretos vinculados a uno de los episodios m\u00e1s oscuros de la historia alemana. Este espacio nos ha invitado a la reflexi\u00f3n, al respeto y a la importancia de no olvidar el pasado para poder construir un futuro mejor.<\/p>\n\n\n\n<p>El alumnado ha mostrado una actitud ejemplar en todo momento: ha escuchado con atenci\u00f3n y ha mostrado inter\u00e9s por comprender el pasado y todo lo que iban descubriendo a lo largo de la visita.<\/p>\n\n\n\n<p>Adem\u00e1s, la jornada ha incluido una actividad din\u00e1mica en forma de juego cooperativo. Trabajando en equipo, el alumnado ha puesto en pr\u00e1ctica habilidades de comunicaci\u00f3n, organizaci\u00f3n y confianza mutua. Esta actividad nos ha recordado una idea fundamental: cuando colaboramos y sumamos esfuerzos, podemos conseguir grandes cosas.<\/p>\n\n\n\n<p>Sin duda, ha sido un d\u00eda completo que combina aprendizaje, emoci\u00f3n y convivencia, y que contribuye al crecimiento personal y colectivo de nuestro alumnado.<\/p>\n","protected":false},"excerpt":{"rendered":"<p>Catal\u00e0 El tercer dia ens ha portat fins a Col\u00f2nia, una ciutat plena d\u2019hist\u00f2ria i encant. Al mat\u00ed hem visitat la majestuosa Catedral de Col\u00f2nia, una de les joies m\u00e9s impressionants no nom\u00e9s de la ciutat, sin\u00f3 de tot el pa\u00eds. Han estat uns valents i han superat el repte de pujar els seus 533 [&hellip;]<\/p>\n","protected":false},"author":81,"featured_media":0,"comment_status":"open","ping_status":"open","sticky":false,"template":"","format":"standard","meta":{"_bbp_topic_count":0,"_bbp_reply_count":0,"_bbp_total_topic_count":0,"_bbp_total_reply_count":0,"_bbp_voice_count":0,"_bbp_anonymous_reply_count":0,"_bbp_topic_count_hidden":0,"_bbp_reply_count_hidden":0,"_bbp_forum_subforum_count":0,"site-sidebar-layout":"default","site-content-layout":"","ast-site-content-layout":"default","site-content-style":"default","site-sidebar-style":"default","ast-global-header-display":"","ast-banner-title-visibility":"","ast-main-header-display":"","ast-hfb-above-header-display":"","ast-hfb-below-header-display":"","ast-hfb-mobile-header-display":"","site-post-title":"","ast-breadcrumbs-content":"","ast-featured-img":"","footer-sml-layout":"","theme-transparent-header-meta":"","adv-header-id-meta":"","stick-header-meta":"","header-above-stick-meta":"","header-main-stick-meta":"","header-below-stick-meta":"","astra-migrate-meta-layouts":"set","ast-page-background-enabled":"default","ast-page-background-meta":{"desktop":{"background-color":"var(--ast-global-color-4)","background-image":"","background-repeat":"repeat","background-position":"center center","background-size":"auto","background-attachment":"scroll","background-type":"","background-media":"","overlay-type":"","overlay-color":"","overlay-opacity":"","overlay-gradient":""},"tablet":{"background-color":"","background-image":"","background-repeat":"repeat","background-position":"center center","background-size":"auto","background-attachment":"scroll","background-type":"","background-media":"","overlay-type":"","overlay-color":"","overlay-opacity":"","overlay-gradient":""},"mobile":{"background-color":"","background-image":"","background-repeat":"repeat","background-position":"center center","background-size":"auto","background-attachment":"scroll","background-type":"","background-media":"","overlay-type":"","overlay-color":"","overlay-opacity":"","overlay-gradient":""}},"ast-content-background-meta":{"desktop":{"background-color":"var(--ast-global-color-5)","background-image":"","background-repeat":"repeat","background-position":"center center","background-size":"auto","background-attachment":"scroll","background-type":"","background-media":"","overlay-type":"","overlay-color":"","overlay-opacity":"","overlay-gradient":""},"tablet":{"background-color":"var(--ast-global-color-5)","background-image":"","background-repeat":"repeat","background-position":"center center","background-size":"auto","background-attachment":"scroll","background-type":"","background-media":"","overlay-type":"","overlay-color":"","overlay-opacity":"","overlay-gradient":""},"mobile":{"background-color":"var(--ast-global-color-5)","background-image":"","background-repeat":"repeat","background-position":"center center","background-size":"auto","background-attachment":"scroll","background-type":"","background-media":"","overlay-type":"","overlay-color":"","overlay-opacity":"","overlay-gradient":""}},"footnotes":""},"categories":[13,607,1,249],"tags":[213,436,203,553],"class_list":["post-29099","post","type-post","status-publish","format-standard","hentry","category-4t-eso","category-erasmus-students-mobilities","category-general","category-promocio-2013-26","tag-erasmus","tag-erasmus-accreditation","tag-eso","tag-llengua-alemanya"],"post_mailing_queue_ids":[],"_links":{"self":[{"href":"https:\/\/agora.xtec.cat\/iesantanna-premiadedalt\/wp-json\/wp\/v2\/posts\/29099","targetHints":{"allow":["GET"]}}],"collection":[{"href":"https:\/\/agora.xtec.cat\/iesantanna-premiadedalt\/wp-json\/wp\/v2\/posts"}],"about":[{"href":"https:\/\/agora.xtec.cat\/iesantanna-premiadedalt\/wp-json\/wp\/v2\/types\/post"}],"author":[{"embeddable":true,"href":"https:\/\/agora.xtec.cat\/iesantanna-premiadedalt\/wp-json\/wp\/v2\/users\/81"}],"replies":[{"embeddable":true,"href":"https:\/\/agora.xtec.cat\/iesantanna-premiadedalt\/wp-json\/wp\/v2\/comments?post=29099"}],"version-history":[{"count":3,"href":"https:\/\/agora.xtec.cat\/iesantanna-premiadedalt\/wp-json\/wp\/v2\/posts\/29099\/revisions"}],"predecessor-version":[{"id":29109,"href":"https:\/\/agora.xtec.cat\/iesantanna-premiadedalt\/wp-json\/wp\/v2\/posts\/29099\/revisions\/29109"}],"wp:attachment":[{"href":"https:\/\/agora.xtec.cat\/iesantanna-premiadedalt\/wp-json\/wp\/v2\/media?parent=29099"}],"wp:term":[{"taxonomy":"category","embeddable":true,"href":"https:\/\/agora.xtec.cat\/iesantanna-premiadedalt\/wp-json\/wp\/v2\/categories?post=29099"},{"taxonomy":"post_tag","embeddable":true,"href":"https:\/\/agora.xtec.cat\/iesantanna-premiadedalt\/wp-json\/wp\/v2\/tags?post=29099"}],"curies":[{"name":"wp","href":"https:\/\/api.w.org\/{rel}","templated":true}]}}